{"id":147944,"date":"2024-05-07T10:00:03","date_gmt":"2024-05-07T10:00:03","guid":{"rendered":"https:\/\/www.decolor.com\/?p=147944"},"modified":"2024-07-01T12:23:42","modified_gmt":"2024-07-01T12:23:42","slug":"pinturas-decolor-impulsando-el-arte-y-la-creatividad-en-el-festival-de-los-sentidos","status":"publish","type":"post","link":"https:\/\/www.decolor.com\/de\/2024\/05\/07\/pinturas-decolor-impulsando-el-arte-y-la-creatividad-en-el-festival-de-los-sentidos\/","title":{"rendered":"DECOLOR Farben f\u00f6rdern Kunst und Kreativit\u00e4t beim Festival der Sinne"},"content":{"rendered":"<p>Der Countdown bis zum Beginn des <a href=\"https:\/\/www.festivalsentidos.com\/\" target=\"_blank\" rel=\"noreferrer noopener\">XVII. Ausgabe des Festivals der Sinne <\/a> de La Roda hat mit seiner offiziellen Pr\u00e4sentation im La Roda begonnen, einer Veranstaltung, die Musik, Gastronomie und Kunst zu einem einzigartigen Erlebnis vereint und bei der Pinturas DECOLOR als Sponsor unser Engagement f\u00fcr Kunst und Kultur bekr\u00e4ftigt und so zur F\u00f6rderung und Verbreitung beitr\u00e4gt der Kreativit\u00e4t und des k\u00fcnstlerischen Ausdrucks in der DECOLOR Art Zone.<\/p>\n\n\n\n<div style=\"height:20px\" aria-hidden=\"true\" class=\"wp-block-spacer\"><\/div>\n\n\n\n<p>An der Pr\u00e4sentation nahmen Antonio Javier Lozano, Gesch\u00e4ftsentwicklungsdirektor von Pinturas DECOLOR, sowie lokale Beh\u00f6rden, andere Sponsoren, Mitarbeiter und Organisatoren teil, und w\u00e4hrend der Pr\u00e4sentation \u00fcberraschte der B\u00fcrgermeister von La Roda, Juan Ram\u00f3n Amores, mit der Ank\u00fcndigung, dass das Festival der Senses wird in K\u00fcrze die offizielle Nachricht erhalten, dass es von der Regionalregierung zum Festival von regionalem touristischem Interesse erkl\u00e4rt wurde, was dazu beitragen wird, La Roda auf der Karte der Musikfestivals in Spanien zu platzieren.<\/p>\n\n\n\n<div style=\"height:20px\" aria-hidden=\"true\" class=\"wp-block-spacer\"><\/div>\n\n\n\n<h2 class=\"wp-block-heading has-large-font-size\"><strong>DECOLOR Art Zone beim Roda Senses Festival<\/strong><\/h2>\n\n\n\n<div style=\"height:20px\" aria-hidden=\"true\" class=\"wp-block-spacer\"><\/div>\n\n\n\n<p><strong>Die DECOLOR Art Zone ist ein Raum des Festivals der Sinne, gesponsert und organisiert von Pinturas DECOLOR, der f\u00fcr k\u00fcnstlerisches Schaffen gedacht ist, wo Malerei, Kunst und Kreativit\u00e4t ineinandergreifen. <\/strong>auf einzigartige Weise, die einerseits die Interaktion der Besucher mit Kunst und Malerei anstrebt und andererseits eine Plattform f\u00fcr die Verbreitung und Verbreitung der Werke lokaler K\u00fcnstler darstellt.<\/p>\n\n\n\n<div style=\"height:20px\" aria-hidden=\"true\" class=\"wp-block-spacer\"><\/div>\n\n\n\n<p>In dieser Ausgabe wird es sein <strong>Live-Kunst mit dem Rodense-K\u00fcnstler Mois\u00e9s Charco Castillo<\/strong>, der live malt, sein Talent und seine Kreativit\u00e4t unter Beweis stellt und vor den Besuchern ein einzigartiges Werk schafft, ist am Freitag und Samstag ab 20 Uhr zu sehen. Um 10 Uhr.<\/p>\n\n\n\n<div style=\"height:20px\" aria-hidden=\"true\" class=\"wp-block-spacer\"><\/div>\n\n\n\n<p>Dar\u00fcber hinaus der lokale Designer <strong>Ester Marse wird eine interaktive Installation erstellen, damit die Teilnehmer ihre Kreativit\u00e4t in die Tat umsetzen k\u00f6nnen <\/strong>w\u00e4hrend des gesamten Festivals.<\/p>\n\n\n\n<div style=\"height:20px\" aria-hidden=\"true\" class=\"wp-block-spacer\"><\/div>\n\n\n\n<p>Mit diesen Aktivit\u00e4ten soll die Decolor Art Zone ein Raum sein, in dem sich Dinge rund um Kunst und Kreativit\u00e4t abspielen, und ein Treffpunkt sein, an dem w\u00e4hrend der Veranstaltung \u201eRevolutionen gesenkt\u201c werden k\u00f6nnen.<\/p>\n\n\n\n<div style=\"height:20px\" aria-hidden=\"true\" class=\"wp-block-spacer\"><\/div>\n\n\n\n<p>Das <strong>DECOLOR Kunstzone <\/strong>Es ist nicht nur ein Schaufenster f\u00fcr lokale Talente, sondern auch ein Raum des Lernens und der Kulturvermittlung, in dem Studierende aus dem <a href=\"https:\/\/humanidadesab.uclm.es\/\" target=\"_blank\" rel=\"noreferrer noopener\">Fakult\u00e4t f\u00fcr Geisteswissenschaften von Albacete der Universit\u00e4t Kastilien-La Mancha (UCLM) <\/a>Sie haben die M\u00f6glichkeit, ihr Wissen als Kulturvermittler in die Praxis umzusetzen und so das Erlebnis der Besucher zu bereichern.<\/p>\n\n\n\n<div style=\"height:20px\" aria-hidden=\"true\" class=\"wp-block-spacer\"><\/div>\n\n\n\n<p>Mit viel Liebe zum Detail und sorgf\u00e4ltig organisiert von Pinturas DECOLOR verspricht die DECOLOR Art Zone des Festivals der Sinne von La Roda ein unvergessliches Erlebnis f\u00fcr alle Liebhaber von Kunst, Musik, Kultur und nat\u00fcrlich Malerei zu werden.<\/p>\n\n\n\n<div style=\"height:20px\" aria-hidden=\"true\" class=\"wp-block-spacer\"><\/div>\n\n\n\n<p>Wir erinnern Sie daran, dass das La Roda Festival der Sinne am 14., 15. und 16. Juni stattfinden wird und wir hoffen, alle Erwartungen zu \u00fcbertreffen und einen historischen Besucherrekord zu erreichen.<\/p>\n\n\n\n<div style=\"height:20px\" aria-hidden=\"true\" class=\"wp-block-spacer\"><\/div>\n\n\n\n<p>Von Pinturas DECOLOR laden wir Sie ein, sich uns anzuschlie\u00dfen und an der DECOLOR Art Zone teilzunehmen, wo Sie einzigartige Werke entdecken, die Entstehung von Live-Kunst miterleben, mit lokalen K\u00fcnstlern interagieren und die M\u00f6glichkeit haben, sich mit Malerei auszudr\u00fccken, sowie viele \u00dcberraschungen.<\/p>\n\n\n\n<div style=\"height:20px\" aria-hidden=\"true\" class=\"wp-block-spacer\"><\/div>\n\n\n\n<div style=\"height:20px\" aria-hidden=\"true\" class=\"wp-block-spacer\"><\/div>\n\n\n\n<figure class=\"wp-block-gallery has-nested-images columns-default is-cropped wp-block-gallery-1 is-layout-flex wp-block-gallery-is-layout-flex\">\n<figure data-wp-context=\"{&quot;uploadedSrc&quot;:&quot;https:\\\/\\\/www.decolor.com\\\/wp-content\\\/uploads\\\/2024\\\/05\\\/Festival-de-los-Sentidos-Pinturas-Decolor-2.jpg&quot;,&quot;figureClassNames&quot;:&quot;wp-block-image size-large&quot;,&quot;figureStyles&quot;:null,&quot;imgClassNames&quot;:&quot;wp-image-147956&quot;,&quot;imgStyles&quot;:null,&quot;targetWidth&quot;:1600,&quot;targetHeight&quot;:1066,&quot;scaleAttr&quot;:false,&quot;ariaLabel&quot;:&quot;Bild vergr\\u00f6\\u00dfern: Pinturas DECOLOR Festival de los Sentidos&quot;,&quot;alt&quot;:&quot;Pinturas DECOLOR Festival de los Sentidos&quot;}\" data-wp-interactive=\"core\/image\" class=\"wp-block-image size-large wp-lightbox-container\"><img fetchpriority=\"high\" decoding=\"async\" width=\"1024\" height=\"682\" data-wp-init=\"callbacks.setButtonStyles\" data-wp-on-async--click=\"actions.showLightbox\" data-wp-on-async--load=\"callbacks.setButtonStyles\" data-wp-on-async-window--resize=\"callbacks.setButtonStyles\" data-id=\"147956\" src=\"https:\/\/www.decolor.com\/wp-content\/uploads\/2024\/05\/Festival-de-los-Sentidos-Pinturas-Decolor-2-1024x682.jpg\" alt=\"Pinturas DECOLOR Festival de los Sentidos\" class=\"wp-image-147956\" srcset=\"https:\/\/www.decolor.com\/wp-content\/uploads\/2024\/05\/Festival-de-los-Sentidos-Pinturas-Decolor-2-1024x682.jpg 1024w, https:\/\/www.decolor.com\/wp-content\/uploads\/2024\/05\/Festival-de-los-Sentidos-Pinturas-Decolor-2-300x200.jpg 300w, https:\/\/www.decolor.com\/wp-content\/uploads\/2024\/05\/Festival-de-los-Sentidos-Pinturas-Decolor-2-768x512.jpg 768w, https:\/\/www.decolor.com\/wp-content\/uploads\/2024\/05\/Festival-de-los-Sentidos-Pinturas-Decolor-2-1536x1023.jpg 1536w, https:\/\/www.decolor.com\/wp-content\/uploads\/2024\/05\/Festival-de-los-Sentidos-Pinturas-Decolor-2-18x12.jpg 18w, https:\/\/www.decolor.com\/wp-content\/uploads\/2024\/05\/Festival-de-los-Sentidos-Pinturas-Decolor-2-1568x1045.jpg 1568w, https:\/\/www.decolor.com\/wp-content\/uploads\/2024\/05\/Festival-de-los-Sentidos-Pinturas-Decolor-2.jpg 1600w\" sizes=\"(max-width: 1024px) 100vw, 1024px\" \/><button\n\t\t\tclass=\"lightbox-trigger\"\n\t\t\ttype=\"button\"\n\t\t\taria-haspopup=\"dialog\"\n\t\t\taria-label=\"Bild vergr\u00f6\u00dfern: DECOLOR Gem\u00e4lde Festival der Sinne\"\n\t\t\tdata-wp-init=\"callbacks.initTriggerButton\"\n\t\t\tdata-wp-on-async--click=\"actions.showLightbox\"\n\t\t\tdata-wp-style--right=\"context.imageButtonRight\"\n\t\t\tdata-wp-style--top=\"context.imageButtonTop\"\n\t\t>\n\t\t\t<svg xmlns=\"http:\/\/www.w3.org\/2000\/svg\" width=\"12\" height=\"12\" fill=\"none\" viewbox=\"0 0 12 12\">\n\t\t\t\t<path fill=\"#fff\" d=\"M2 0a2 2 0 0 0-2 2v2h1.5V2a.5.5 0 0 1 .5-.5h2V0H2Zm2 10.5H2a.5.5 0 0 1-.5-.5V8H0v2a2 2 0 0 0 2 2h2v-1.5ZM8 12v-1.5h2a.5.5 0 0 0 .5-.5V8H12v2a2 2 0 0 1-2 2H8Zm2-12a2 2 0 0 1 2 2v2h-1.5V2a.5.5 0 0 0-.5-.5H8V0h2Z\" \/>\n\t\t\t<\/svg>\n\t\t<\/button><\/figure>\n<\/figure>\n\n\n\n<div style=\"height:20px\" aria-hidden=\"true\" class=\"wp-block-spacer\"><\/div>\n\n\n\n<figure class=\"wp-block-gallery has-nested-images columns-default is-cropped wp-block-gallery-2 is-layout-flex wp-block-gallery-is-layout-flex\">\n<figure data-wp-context=\"{&quot;uploadedSrc&quot;:&quot;https:\\\/\\\/www.decolor.com\\\/wp-content\\\/uploads\\\/2024\\\/05\\\/Festival-de-los-Sentidos-Pinturas-Decolor-1-1.jpg&quot;,&quot;figureClassNames&quot;:&quot;wp-block-image size-large&quot;,&quot;figureStyles&quot;:null,&quot;imgClassNames&quot;:&quot;wp-image-147959&quot;,&quot;imgStyles&quot;:null,&quot;targetWidth&quot;:1200,&quot;targetHeight&quot;:1376,&quot;scaleAttr&quot;:false,&quot;ariaLabel&quot;:&quot;Bild vergr\\u00f6\\u00dfern: Festival de los Sentidos - Pinturas DECOLOR&quot;,&quot;alt&quot;:&quot;Festival de los Sentidos - Pinturas DECOLOR&quot;}\" data-wp-interactive=\"core\/image\" class=\"wp-block-image size-large wp-lightbox-container\"><img decoding=\"async\" width=\"893\" height=\"1024\" data-wp-init=\"callbacks.setButtonStyles\" data-wp-on-async--click=\"actions.showLightbox\" data-wp-on-async--load=\"callbacks.setButtonStyles\" data-wp-on-async-window--resize=\"callbacks.setButtonStyles\" data-id=\"147959\" src=\"https:\/\/www.decolor.com\/wp-content\/uploads\/2024\/05\/Festival-de-los-Sentidos-Pinturas-Decolor-1-1-893x1024.jpg\" alt=\"Festival de los Sentidos - Pinturas DECOLOR\" class=\"wp-image-147959\" srcset=\"https:\/\/www.decolor.com\/wp-content\/uploads\/2024\/05\/Festival-de-los-Sentidos-Pinturas-Decolor-1-1-893x1024.jpg 893w, https:\/\/www.decolor.com\/wp-content\/uploads\/2024\/05\/Festival-de-los-Sentidos-Pinturas-Decolor-1-1-262x300.jpg 262w, https:\/\/www.decolor.com\/wp-content\/uploads\/2024\/05\/Festival-de-los-Sentidos-Pinturas-Decolor-1-1-768x881.jpg 768w, https:\/\/www.decolor.com\/wp-content\/uploads\/2024\/05\/Festival-de-los-Sentidos-Pinturas-Decolor-1-1-10x12.jpg 10w, https:\/\/www.decolor.com\/wp-content\/uploads\/2024\/05\/Festival-de-los-Sentidos-Pinturas-Decolor-1-1.jpg 1200w\" sizes=\"(max-width: 893px) 100vw, 893px\" \/><button\n\t\t\tclass=\"lightbox-trigger\"\n\t\t\ttype=\"button\"\n\t\t\taria-haspopup=\"dialog\"\n\t\t\taria-label=\"Bild vergr\u00f6\u00dfern: Festival der Sinne - DECOLOR Paintings\"\n\t\t\tdata-wp-init=\"callbacks.initTriggerButton\"\n\t\t\tdata-wp-on-async--click=\"actions.showLightbox\"\n\t\t\tdata-wp-style--right=\"context.imageButtonRight\"\n\t\t\tdata-wp-style--top=\"context.imageButtonTop\"\n\t\t>\n\t\t\t<svg xmlns=\"http:\/\/www.w3.org\/2000\/svg\" width=\"12\" height=\"12\" fill=\"none\" viewbox=\"0 0 12 12\">\n\t\t\t\t<path fill=\"#fff\" d=\"M2 0a2 2 0 0 0-2 2v2h1.5V2a.5.5 0 0 1 .5-.5h2V0H2Zm2 10.5H2a.5.5 0 0 1-.5-.5V8H0v2a2 2 0 0 0 2 2h2v-1.5ZM8 12v-1.5h2a.5.5 0 0 0 .5-.5V8H12v2a2 2 0 0 1-2 2H8Zm2-12a2 2 0 0 1 2 2v2h-1.5V2a.5.5 0 0 0-.5-.5H8V0h2Z\" \/>\n\t\t\t<\/svg>\n\t\t<\/button><\/figure>\n\n\n\n<figure class=\"wp-block-image size-large\"><img decoding=\"async\" width=\"1024\" height=\"576\" data-id=\"147958\" src=\"https:\/\/www.decolor.com\/wp-content\/uploads\/2024\/05\/Festival-de-los-Sentidos-Pinturas-Decolor-3-1-1024x576.jpg\" alt=\"\" class=\"wp-image-147958\" srcset=\"https:\/\/www.decolor.com\/wp-content\/uploads\/2024\/05\/Festival-de-los-Sentidos-Pinturas-Decolor-3-1-1024x576.jpg 1024w, https:\/\/www.decolor.com\/wp-content\/uploads\/2024\/05\/Festival-de-los-Sentidos-Pinturas-Decolor-3-1-300x169.jpg 300w, https:\/\/www.decolor.com\/wp-content\/uploads\/2024\/05\/Festival-de-los-Sentidos-Pinturas-Decolor-3-1-768x432.jpg 768w, https:\/\/www.decolor.com\/wp-content\/uploads\/2024\/05\/Festival-de-los-Sentidos-Pinturas-Decolor-3-1-1536x864.jpg 1536w, https:\/\/www.decolor.com\/wp-content\/uploads\/2024\/05\/Festival-de-los-Sentidos-Pinturas-Decolor-3-1-18x10.jpg 18w, https:\/\/www.decolor.com\/wp-content\/uploads\/2024\/05\/Festival-de-los-Sentidos-Pinturas-Decolor-3-1-1568x882.jpg 1568w, https:\/\/www.decolor.com\/wp-content\/uploads\/2024\/05\/Festival-de-los-Sentidos-Pinturas-Decolor-3-1.jpg 1920w\" sizes=\"(max-width: 1024px) 100vw, 1024px\" \/><\/figure>\n<\/figure>\n\n\n\n<div style=\"height:20px\" aria-hidden=\"true\" class=\"wp-block-spacer\"><\/div>\n\n\n\n<h4 class=\"wp-block-heading has-small-font-size\">Erleben Sie mit Pinturas DECOLOR ein unvergessliches Erlebnis voller Inspiration und Spa\u00df beim Festival der Sinne. <\/h4>\n\n\n\n<h4 class=\"wp-block-heading has-small-font-size\">Das sieht gut aus!<\/h4>\n\n\n\n<div style=\"height:20px\" aria-hidden=\"true\" class=\"wp-block-spacer\"><\/div>\n\n\n\n<div class=\"wp-block-buttons is-layout-flex wp-block-buttons-is-layout-flex\">\n<div class=\"wp-block-button\"><a class=\"wp-block-button__link has-background wp-element-button\" href=\"https:\/\/www.festivalsentidos.com\/\" style=\"background-color:#f6b333\" target=\"_blank\" rel=\"noreferrer noopener\"><strong>+INFORMATIONEN<\/strong><\/a><\/div>\n<\/div>","protected":false},"excerpt":{"rendered":"<p>Der Countdown zum Start der XVII. Ausgabe des Festivals der Sinne von La Roda hat mit seiner offiziellen Pr\u00e4sentation in La Roda begonnen, einer Veranstaltung, die Musik, Gastronomie und Kunst zu einem einzigartigen Erlebnis vereint und bei der Pinturas DECOLOR als Sponsor unser Engagement f\u00fcr Kunst und\u2026 bekr\u00e4ftigt. <a class=\"more-link\" href=\"https:\/\/www.decolor.com\/de\/2024\/05\/07\/pinturas-decolor-impulsando-el-arte-y-la-creatividad-en-el-festival-de-los-sentidos\/\"><span class=\"screen-reader-text\">DECOLOR Farben f\u00f6rdern Kunst und Kreativit\u00e4t beim Festival der Sinne<\/span> weitersen<\/a><\/p>","protected":false},"author":1,"featured_media":147948,"comment_status":"open","ping_status":"open","sticky":false,"template":"","format":"standard","meta":{"_acf_changed":false,"footnotes":""},"categories":[1],"tags":[],"class_list":["post-147944","post","type-post","status-publish","format-standard","has-post-thumbnail","hentry","category-decolor","entry"],"acf":[],"yoast_head":"<!-- This site is optimized with the Yoast SEO plugin v23.4 - https:\/\/yoast.com\/wordpress\/plugins\/seo\/ -->\n<title>Pinturas DECOLOR en el Festival de los Sentidos<\/title>\n<meta name=\"description\" content=\"Pinturas DECOLOR impulsando el arte y la creatividad en el Festival de los Sentidos con su estaci\u00f3n para expresarse con la pintura.\" \/>\n<meta name=\"robots\" content=\"index, follow, max-snippet:-1, max-image-preview:large, max-video-preview:-1\" \/>\n<link rel=\"canonical\" href=\"https:\/\/www.decolor.com\/de\/2024\/05\/07\/pinturas-decolor-impulsando-el-arte-y-la-creatividad-en-el-festival-de-los-sentidos\/\" \/>\n<meta property=\"og:locale\" content=\"de_DE\" \/>\n<meta property=\"og:type\" content=\"article\" \/>\n<meta property=\"og:title\" content=\"Pinturas DECOLOR en el Festival de los Sentidos\" \/>\n<meta property=\"og:description\" content=\"Pinturas DECOLOR impulsando el arte y la creatividad en el Festival de los Sentidos con su estaci\u00f3n para expresarse con la pintura.\" \/>\n<meta property=\"og:url\" content=\"https:\/\/www.decolor.com\/de\/2024\/05\/07\/pinturas-decolor-impulsando-el-arte-y-la-creatividad-en-el-festival-de-los-sentidos\/\" \/>\n<meta property=\"og:site_name\" content=\"Decolor\" \/>\n<meta property=\"article:published_time\" content=\"2024-05-07T10:00:03+00:00\" \/>\n<meta property=\"article:modified_time\" content=\"2024-07-01T12:23:42+00:00\" \/>\n<meta property=\"og:image\" content=\"https:\/\/www.decolor.com\/wp-content\/uploads\/2024\/05\/FESTIVAL-DE-LOS-SENTIDOS-Pinturas-Decolor-BLOG.png\" \/>\n\t<meta property=\"og:image:width\" content=\"920\" \/>\n\t<meta property=\"og:image:height\" content=\"600\" \/>\n\t<meta property=\"og:image:type\" content=\"image\/png\" \/>\n<meta name=\"author\" content=\"admin\" \/>\n<meta name=\"twitter:card\" content=\"summary_large_image\" \/>\n<meta name=\"twitter:image\" content=\"https:\/\/www.decolor.com\/wp-content\/uploads\/2024\/05\/FESTIVAL-DE-LOS-SENTIDOS-Pinturas-Decolor-BLOG.png\" \/>\n<meta name=\"twitter:label1\" content=\"Verfasst von\" \/>\n\t<meta name=\"twitter:data1\" content=\"admin\" \/>\n\t<meta name=\"twitter:label2\" content=\"Gesch\u00e4tzte Lesezeit\" \/>\n\t<meta name=\"twitter:data2\" content=\"4\u00a0Minuten\" \/>\n<script type=\"application\/ld+json\" class=\"yoast-schema-graph\">{\"@context\":\"https:\/\/schema.org\",\"@graph\":[{\"@type\":\"Article\",\"@id\":\"https:\/\/www.decolor.com\/en\/2024\/05\/07\/pinturas-decolor-impulsando-el-arte-y-la-creatividad-en-el-festival-de-los-sentidos\/#article\",\"isPartOf\":{\"@id\":\"https:\/\/www.decolor.com\/en\/2024\/05\/07\/pinturas-decolor-impulsando-el-arte-y-la-creatividad-en-el-festival-de-los-sentidos\/\"},\"author\":{\"name\":\"admin\",\"@id\":\"https:\/\/www.decolor.com\/it\/#\/schema\/person\/97caf6fe02baef67513e86a4f3dc9c90\"},\"headline\":\"Pinturas DECOLOR impulsando el arte y la creatividad en el Festival de los Sentidos\",\"datePublished\":\"2024-05-07T10:00:03+00:00\",\"dateModified\":\"2024-07-01T12:23:42+00:00\",\"mainEntityOfPage\":{\"@id\":\"https:\/\/www.decolor.com\/en\/2024\/05\/07\/pinturas-decolor-impulsando-el-arte-y-la-creatividad-en-el-festival-de-los-sentidos\/\"},\"wordCount\":612,\"commentCount\":0,\"publisher\":{\"@id\":\"https:\/\/www.decolor.com\/it\/#organization\"},\"image\":{\"@id\":\"https:\/\/www.decolor.com\/en\/2024\/05\/07\/pinturas-decolor-impulsando-el-arte-y-la-creatividad-en-el-festival-de-los-sentidos\/#primaryimage\"},\"thumbnailUrl\":\"https:\/\/www.decolor.com\/wp-content\/uploads\/2024\/05\/FESTIVAL-DE-LOS-SENTIDOS-Pinturas-Decolor-BLOG.png\",\"articleSection\":[\"Decolor\"],\"inLanguage\":\"de\",\"potentialAction\":[{\"@type\":\"CommentAction\",\"name\":\"Comment\",\"target\":[\"https:\/\/www.decolor.com\/en\/2024\/05\/07\/pinturas-decolor-impulsando-el-arte-y-la-creatividad-en-el-festival-de-los-sentidos\/#respond\"]}]},{\"@type\":\"WebPage\",\"@id\":\"https:\/\/www.decolor.com\/en\/2024\/05\/07\/pinturas-decolor-impulsando-el-arte-y-la-creatividad-en-el-festival-de-los-sentidos\/\",\"url\":\"https:\/\/www.decolor.com\/en\/2024\/05\/07\/pinturas-decolor-impulsando-el-arte-y-la-creatividad-en-el-festival-de-los-sentidos\/\",\"name\":\"Pinturas DECOLOR en el Festival de los Sentidos\",\"isPartOf\":{\"@id\":\"https:\/\/www.decolor.com\/it\/#website\"},\"primaryImageOfPage\":{\"@id\":\"https:\/\/www.decolor.com\/en\/2024\/05\/07\/pinturas-decolor-impulsando-el-arte-y-la-creatividad-en-el-festival-de-los-sentidos\/#primaryimage\"},\"image\":{\"@id\":\"https:\/\/www.decolor.com\/en\/2024\/05\/07\/pinturas-decolor-impulsando-el-arte-y-la-creatividad-en-el-festival-de-los-sentidos\/#primaryimage\"},\"thumbnailUrl\":\"https:\/\/www.decolor.com\/wp-content\/uploads\/2024\/05\/FESTIVAL-DE-LOS-SENTIDOS-Pinturas-Decolor-BLOG.png\",\"datePublished\":\"2024-05-07T10:00:03+00:00\",\"dateModified\":\"2024-07-01T12:23:42+00:00\",\"description\":\"Pinturas DECOLOR impulsando el arte y la creatividad en el Festival de los Sentidos con su estaci\u00f3n para expresarse con la pintura.\",\"breadcrumb\":{\"@id\":\"https:\/\/www.decolor.com\/en\/2024\/05\/07\/pinturas-decolor-impulsando-el-arte-y-la-creatividad-en-el-festival-de-los-sentidos\/#breadcrumb\"},\"inLanguage\":\"de\",\"potentialAction\":[{\"@type\":\"ReadAction\",\"target\":[\"https:\/\/www.decolor.com\/en\/2024\/05\/07\/pinturas-decolor-impulsando-el-arte-y-la-creatividad-en-el-festival-de-los-sentidos\/\"]}]},{\"@type\":\"ImageObject\",\"inLanguage\":\"de\",\"@id\":\"https:\/\/www.decolor.com\/en\/2024\/05\/07\/pinturas-decolor-impulsando-el-arte-y-la-creatividad-en-el-festival-de-los-sentidos\/#primaryimage\",\"url\":\"https:\/\/www.decolor.com\/wp-content\/uploads\/2024\/05\/FESTIVAL-DE-LOS-SENTIDOS-Pinturas-Decolor-BLOG.png\",\"contentUrl\":\"https:\/\/www.decolor.com\/wp-content\/uploads\/2024\/05\/FESTIVAL-DE-LOS-SENTIDOS-Pinturas-Decolor-BLOG.png\",\"width\":920,\"height\":600,\"caption\":\"Festival de los Sentidos PINTURAS DECOLOR\"},{\"@type\":\"BreadcrumbList\",\"@id\":\"https:\/\/www.decolor.com\/en\/2024\/05\/07\/pinturas-decolor-impulsando-el-arte-y-la-creatividad-en-el-festival-de-los-sentidos\/#breadcrumb\",\"itemListElement\":[{\"@type\":\"ListItem\",\"position\":1,\"name\":\"Home\",\"item\":\"https:\/\/www.decolor.com\/\"},{\"@type\":\"ListItem\",\"position\":2,\"name\":\"Pinturas DECOLOR impulsando el arte y la creatividad en el Festival de los Sentidos\"}]},{\"@type\":\"WebSite\",\"@id\":\"https:\/\/www.decolor.com\/it\/#website\",\"url\":\"https:\/\/www.decolor.com\/it\/\",\"name\":\"Decolor\",\"description\":\"Web Decolor\",\"publisher\":{\"@id\":\"https:\/\/www.decolor.com\/it\/#organization\"},\"potentialAction\":[{\"@type\":\"SearchAction\",\"target\":{\"@type\":\"EntryPoint\",\"urlTemplate\":\"https:\/\/www.decolor.com\/it\/?s={search_term_string}\"},\"query-input\":{\"@type\":\"PropertyValueSpecification\",\"valueRequired\":true,\"valueName\":\"search_term_string\"}}],\"inLanguage\":\"de\"},{\"@type\":\"Organization\",\"@id\":\"https:\/\/www.decolor.com\/it\/#organization\",\"name\":\"Decolor\",\"url\":\"https:\/\/www.decolor.com\/it\/\",\"logo\":{\"@type\":\"ImageObject\",\"inLanguage\":\"de\",\"@id\":\"https:\/\/www.decolor.com\/it\/#\/schema\/logo\/image\/\",\"url\":\"https:\/\/www.decolor.com\/wp-content\/uploads\/2021\/02\/marca_principal_pinturas_decolor_color.png\",\"contentUrl\":\"https:\/\/www.decolor.com\/wp-content\/uploads\/2021\/02\/marca_principal_pinturas_decolor_color.png\",\"width\":1588,\"height\":421,\"caption\":\"Decolor\"},\"image\":{\"@id\":\"https:\/\/www.decolor.com\/it\/#\/schema\/logo\/image\/\"}},{\"@type\":\"Person\",\"@id\":\"https:\/\/www.decolor.com\/it\/#\/schema\/person\/97caf6fe02baef67513e86a4f3dc9c90\",\"name\":\"admin\",\"image\":{\"@type\":\"ImageObject\",\"inLanguage\":\"de\",\"@id\":\"https:\/\/www.decolor.com\/it\/#\/schema\/person\/image\/\",\"url\":\"https:\/\/secure.gravatar.com\/avatar\/abe407930cb2e3e5c2930411ee6911c6?s=96&d=mm&r=g\",\"contentUrl\":\"https:\/\/secure.gravatar.com\/avatar\/abe407930cb2e3e5c2930411ee6911c6?s=96&d=mm&r=g\",\"caption\":\"admin\"},\"url\":\"https:\/\/www.decolor.com\/de\/author\/admin\/\"}]}<\/script>\n<!-- \/ Yoast SEO plugin. -->","yoast_head_json":{"title":"Pinturas DECOLOR en el Festival de los Sentidos","description":"Pinturas DECOLOR impulsando el arte y la creatividad en el Festival de los Sentidos con su estaci\u00f3n para expresarse con la pintura.","robots":{"index":"index","follow":"follow","max-snippet":"max-snippet:-1","max-image-preview":"max-image-preview:large","max-video-preview":"max-video-preview:-1"},"canonical":"https:\/\/www.decolor.com\/de\/2024\/05\/07\/pinturas-decolor-impulsando-el-arte-y-la-creatividad-en-el-festival-de-los-sentidos\/","og_locale":"de_DE","og_type":"article","og_title":"Pinturas DECOLOR en el Festival de los Sentidos","og_description":"Pinturas DECOLOR impulsando el arte y la creatividad en el Festival de los Sentidos con su estaci\u00f3n para expresarse con la pintura.","og_url":"https:\/\/www.decolor.com\/de\/2024\/05\/07\/pinturas-decolor-impulsando-el-arte-y-la-creatividad-en-el-festival-de-los-sentidos\/","og_site_name":"Decolor","article_published_time":"2024-05-07T10:00:03+00:00","article_modified_time":"2024-07-01T12:23:42+00:00","og_image":[{"width":920,"height":600,"url":"https:\/\/www.decolor.com\/wp-content\/uploads\/2024\/05\/FESTIVAL-DE-LOS-SENTIDOS-Pinturas-Decolor-BLOG.png","type":"image\/png"}],"author":"admin","twitter_card":"summary_large_image","twitter_image":"https:\/\/www.decolor.com\/wp-content\/uploads\/2024\/05\/FESTIVAL-DE-LOS-SENTIDOS-Pinturas-Decolor-BLOG.png","twitter_misc":{"Verfasst von":"admin","Gesch\u00e4tzte Lesezeit":"4\u00a0Minuten"},"schema":{"@context":"https:\/\/schema.org","@graph":[{"@type":"Article","@id":"https:\/\/www.decolor.com\/en\/2024\/05\/07\/pinturas-decolor-impulsando-el-arte-y-la-creatividad-en-el-festival-de-los-sentidos\/#article","isPartOf":{"@id":"https:\/\/www.decolor.com\/en\/2024\/05\/07\/pinturas-decolor-impulsando-el-arte-y-la-creatividad-en-el-festival-de-los-sentidos\/"},"author":{"name":"admin","@id":"https:\/\/www.decolor.com\/it\/#\/schema\/person\/97caf6fe02baef67513e86a4f3dc9c90"},"headline":"Pinturas DECOLOR impulsando el arte y la creatividad en el Festival de los Sentidos","datePublished":"2024-05-07T10:00:03+00:00","dateModified":"2024-07-01T12:23:42+00:00","mainEntityOfPage":{"@id":"https:\/\/www.decolor.com\/en\/2024\/05\/07\/pinturas-decolor-impulsando-el-arte-y-la-creatividad-en-el-festival-de-los-sentidos\/"},"wordCount":612,"commentCount":0,"publisher":{"@id":"https:\/\/www.decolor.com\/it\/#organization"},"image":{"@id":"https:\/\/www.decolor.com\/en\/2024\/05\/07\/pinturas-decolor-impulsando-el-arte-y-la-creatividad-en-el-festival-de-los-sentidos\/#primaryimage"},"thumbnailUrl":"https:\/\/www.decolor.com\/wp-content\/uploads\/2024\/05\/FESTIVAL-DE-LOS-SENTIDOS-Pinturas-Decolor-BLOG.png","articleSection":["Decolor"],"inLanguage":"de","potentialAction":[{"@type":"CommentAction","name":"Comment","target":["https:\/\/www.decolor.com\/en\/2024\/05\/07\/pinturas-decolor-impulsando-el-arte-y-la-creatividad-en-el-festival-de-los-sentidos\/#respond"]}]},{"@type":"WebPage","@id":"https:\/\/www.decolor.com\/en\/2024\/05\/07\/pinturas-decolor-impulsando-el-arte-y-la-creatividad-en-el-festival-de-los-sentidos\/","url":"https:\/\/www.decolor.com\/en\/2024\/05\/07\/pinturas-decolor-impulsando-el-arte-y-la-creatividad-en-el-festival-de-los-sentidos\/","name":"Pinturas DECOLOR en el Festival de los Sentidos","isPartOf":{"@id":"https:\/\/www.decolor.com\/it\/#website"},"primaryImageOfPage":{"@id":"https:\/\/www.decolor.com\/en\/2024\/05\/07\/pinturas-decolor-impulsando-el-arte-y-la-creatividad-en-el-festival-de-los-sentidos\/#primaryimage"},"image":{"@id":"https:\/\/www.decolor.com\/en\/2024\/05\/07\/pinturas-decolor-impulsando-el-arte-y-la-creatividad-en-el-festival-de-los-sentidos\/#primaryimage"},"thumbnailUrl":"https:\/\/www.decolor.com\/wp-content\/uploads\/2024\/05\/FESTIVAL-DE-LOS-SENTIDOS-Pinturas-Decolor-BLOG.png","datePublished":"2024-05-07T10:00:03+00:00","dateModified":"2024-07-01T12:23:42+00:00","description":"Pinturas DECOLOR impulsando el arte y la creatividad en el Festival de los Sentidos con su estaci\u00f3n para expresarse con la pintura.","breadcrumb":{"@id":"https:\/\/www.decolor.com\/en\/2024\/05\/07\/pinturas-decolor-impulsando-el-arte-y-la-creatividad-en-el-festival-de-los-sentidos\/#breadcrumb"},"inLanguage":"de","potentialAction":[{"@type":"ReadAction","target":["https:\/\/www.decolor.com\/en\/2024\/05\/07\/pinturas-decolor-impulsando-el-arte-y-la-creatividad-en-el-festival-de-los-sentidos\/"]}]},{"@type":"ImageObject","inLanguage":"de","@id":"https:\/\/www.decolor.com\/en\/2024\/05\/07\/pinturas-decolor-impulsando-el-arte-y-la-creatividad-en-el-festival-de-los-sentidos\/#primaryimage","url":"https:\/\/www.decolor.com\/wp-content\/uploads\/2024\/05\/FESTIVAL-DE-LOS-SENTIDOS-Pinturas-Decolor-BLOG.png","contentUrl":"https:\/\/www.decolor.com\/wp-content\/uploads\/2024\/05\/FESTIVAL-DE-LOS-SENTIDOS-Pinturas-Decolor-BLOG.png","width":920,"height":600,"caption":"Festival de los Sentidos PINTURAS DECOLOR"},{"@type":"BreadcrumbList","@id":"https:\/\/www.decolor.com\/en\/2024\/05\/07\/pinturas-decolor-impulsando-el-arte-y-la-creatividad-en-el-festival-de-los-sentidos\/#breadcrumb","itemListElement":[{"@type":"ListItem","position":1,"name":"Home","item":"https:\/\/www.decolor.com\/"},{"@type":"ListItem","position":2,"name":"Pinturas DECOLOR impulsando el arte y la creatividad en el Festival de los Sentidos"}]},{"@type":"WebSite","@id":"https:\/\/www.decolor.com\/it\/#website","url":"https:\/\/www.decolor.com\/it\/","name":"Farbe","description":"Web-Entf\u00e4rbung","publisher":{"@id":"https:\/\/www.decolor.com\/it\/#organization"},"potentialAction":[{"@type":"SearchAction","target":{"@type":"EntryPoint","urlTemplate":"https:\/\/www.decolor.com\/it\/?s={search_term_string}"},"query-input":{"@type":"PropertyValueSpecification","valueRequired":true,"valueName":"search_term_string"}}],"inLanguage":"de"},{"@type":"Organization","@id":"https:\/\/www.decolor.com\/it\/#organization","name":"Farbe","url":"https:\/\/www.decolor.com\/it\/","logo":{"@type":"ImageObject","inLanguage":"de","@id":"https:\/\/www.decolor.com\/it\/#\/schema\/logo\/image\/","url":"https:\/\/www.decolor.com\/wp-content\/uploads\/2021\/02\/marca_principal_pinturas_decolor_color.png","contentUrl":"https:\/\/www.decolor.com\/wp-content\/uploads\/2021\/02\/marca_principal_pinturas_decolor_color.png","width":1588,"height":421,"caption":"Decolor"},"image":{"@id":"https:\/\/www.decolor.com\/it\/#\/schema\/logo\/image\/"}},{"@type":"Person","@id":"https:\/\/www.decolor.com\/it\/#\/schema\/person\/97caf6fe02baef67513e86a4f3dc9c90","name":"Administrator","image":{"@type":"ImageObject","inLanguage":"de","@id":"https:\/\/www.decolor.com\/it\/#\/schema\/person\/image\/","url":"https:\/\/secure.gravatar.com\/avatar\/abe407930cb2e3e5c2930411ee6911c6?s=96&d=mm&r=g","contentUrl":"https:\/\/secure.gravatar.com\/avatar\/abe407930cb2e3e5c2930411ee6911c6?s=96&d=mm&r=g","caption":"admin"},"url":"https:\/\/www.decolor.com\/de\/author\/admin\/"}]}},"_links":{"self":[{"href":"https:\/\/www.decolor.com\/de\/wp-json\/wp\/v2\/posts\/147944"}],"collection":[{"href":"https:\/\/www.decolor.com\/de\/wp-json\/wp\/v2\/posts"}],"about":[{"href":"https:\/\/www.decolor.com\/de\/wp-json\/wp\/v2\/types\/post"}],"author":[{"embeddable":true,"href":"https:\/\/www.decolor.com\/de\/wp-json\/wp\/v2\/users\/1"}],"replies":[{"embeddable":true,"href":"https:\/\/www.decolor.com\/de\/wp-json\/wp\/v2\/comments?post=147944"}],"version-history":[{"count":10,"href":"https:\/\/www.decolor.com\/de\/wp-json\/wp\/v2\/posts\/147944\/revisions"}],"predecessor-version":[{"id":148396,"href":"https:\/\/www.decolor.com\/de\/wp-json\/wp\/v2\/posts\/147944\/revisions\/148396"}],"wp:featuredmedia":[{"embeddable":true,"href":"https:\/\/www.decolor.com\/de\/wp-json\/wp\/v2\/media\/147948"}],"wp:attachment":[{"href":"https:\/\/www.decolor.com\/de\/wp-json\/wp\/v2\/media?parent=147944"}],"wp:term":[{"taxonomy":"category","embeddable":true,"href":"https:\/\/www.decolor.com\/de\/wp-json\/wp\/v2\/categories?post=147944"},{"taxonomy":"post_tag","embeddable":true,"href":"https:\/\/www.decolor.com\/de\/wp-json\/wp\/v2\/tags?post=147944"}],"curies":[{"name":"wp","href":"https:\/\/api.w.org\/{rel}","templated":true}]}}