{"id":148316,"date":"2024-06-13T10:51:10","date_gmt":"2024-06-13T10:51:10","guid":{"rendered":"https:\/\/www.decolor.com\/?p=148316"},"modified":"2024-07-01T12:10:20","modified_gmt":"2024-07-01T12:10:20","slug":"pinturas-decolor-comprometidos-con-el-arte-y-la-cultura-en-el-festival-de-los-sentidos","status":"publish","type":"post","link":"https:\/\/www.decolor.com\/de\/2024\/06\/13\/pinturas-decolor-comprometidos-con-el-arte-y-la-cultura-en-el-festival-de-los-sentidos\/","title":{"rendered":"DECOLOR Paintings, engagiert f\u00fcr Kunst und Kultur beim Festival der Sinne"},"content":{"rendered":"<div style=\"height:39px\" aria-hidden=\"true\" class=\"wp-block-spacer\"><\/div>\n\n\n\n<p>Bei Pinturas DECOLOR verstehen wir, dass Kunst und Kultur eine kraftvolle Ausdrucksform sind, die unser Leben bereichert und Menschen verbindet. Deshalb sind wir stolz darauf, erneut Sponsor des Festivals der Sinne zu sein, einer Veranstaltung, die Musik, Gastronomie und Kultur feiert , nat\u00fcrlich, Kunst in all ihren Formen.<\/p>\n\n\n\n<div style=\"height:21px\" aria-hidden=\"true\" class=\"wp-block-spacer\"><\/div>\n\n\n\n<p>Unser Engagement f\u00fcr Kunst und Kultur bei Pinturas DECOLOR spiegelt sich in der aktiven Unterst\u00fctzung von Initiativen wider, die Kreativit\u00e4t und k\u00fcnstlerischen Ausdruck f\u00f6rdern <strong>Die Teilnahme am Festival der Sinne ist nicht nur eine M\u00f6glichkeit, K\u00fcnstler und Kultur zu unterst\u00fctzen, sondern unterstreicht, wie es anders sein k\u00f6nnte, unser Engagement und unsere Verbindung zu La Roda, wo sich unsere Fabrik und unser Hauptsitz befinden.<\/strong><\/p>\n\n\n\n<p><\/p>\n\n\n\n<div style=\"height:21px\" aria-hidden=\"true\" class=\"wp-block-spacer\"><\/div>\n\n\n\n<p>Dieses Jahr gehen wir noch einen Schritt weiter und freuen uns, das Z zu organisieren<strong>DECOLOR Kunst beim Festival der Sinne, <\/strong>erstellen <strong>Ein dynamischer Raum, in dem Malerei und Kreativit\u00e4t zusammenkommen und ein einzigartiges multisensorisches Erlebnis voller Farben schaffen.<\/strong><\/p>\n\n\n\n<div style=\"height:21px\" aria-hidden=\"true\" class=\"wp-block-spacer\"><\/div>\n\n\n\n<h3 class=\"wp-block-heading\"><strong>DECOLOR Art Zone, wo Malerei und Kreativit\u00e4t aufeinandertreffen<\/strong><\/h3>\n\n\n\n<div style=\"height:21px\" aria-hidden=\"true\" class=\"wp-block-spacer\"><\/div>\n\n\n\n<p><\/p>\n\n\n\n<p>Die DECOLOR Art Zone ist ein von Pinturas DECOLOR entworfener Raum f\u00fcr k\u00fcnstlerisches Schaffen und die Interaktion der Besucher des Festivals der Sinne mit Kunst und Malerei.<\/p>\n\n\n\n<div style=\"height:21px\" aria-hidden=\"true\" class=\"wp-block-spacer\"><\/div>\n\n\n\n<p>Der Kreativit\u00e4t sind in der DECOLOR Art Zone keine Grenzen gesetzt, wo die Teilnehmer die M\u00f6glichkeit haben, den k\u00fcnstlerischen Prozess auf einzigartige Weise zu erleben und kennenzulernen und so nicht nur zu einem Schaufenster f\u00fcr lokale Talente, sondern auch zu einem Raum f\u00fcr Kreativit\u00e4t und k\u00fcnstlerischen Ausdruck der Besucher zu werden.<\/p>\n\n\n\n<div style=\"height:21px\" aria-hidden=\"true\" class=\"wp-block-spacer\"><\/div>\n\n\n\n<h3 class=\"wp-block-heading\"><strong>Unterst\u00fctzen Sie lokale K\u00fcnstler, Live-Kunst mit Mois\u00e9s Charco Castillo<\/strong><\/h3>\n\n\n\n<div style=\"height:21px\" aria-hidden=\"true\" class=\"wp-block-spacer\"><\/div>\n\n\n\n<p>Unser Engagement f\u00fcr die Kunst geht \u00fcber das Sponsoring des Festivals hinaus. Bei Pinturas DECOLOR legen wir gro\u00dfen Wert auf lokale K\u00fcnstler, die die Seele unserer Kultur sind. Um sie zu unterst\u00fctzen, haben wir einen ihnen gewidmeten Raum geschaffen, in dem sie ihre Werke ausstellen und mit ihnen in Kontakt treten k\u00f6nnen breiteres Publikum.<\/p>\n\n\n\n<div style=\"height:21px\" aria-hidden=\"true\" class=\"wp-block-spacer\"><\/div>\n\n\n\n<p>In der DECOLOR Art Zone ist einer der am meisten erwarteten Momente dieser Ausgabe der <strong>Teilnahme des renommierten Rodenseer K\u00fcnstlers Mois\u00e9s Charco Castillo, der live malen wird, <\/strong>am Freitag und Samstag von 20:00 bis 22:00 Uhr, und an wen<strong>Besucher k\u00f6nnen aus n\u00e4chster N\u00e4he erleben, wie er eine leere Leinwand in ein Kunstwerk verwandelt, indem sie jeden Strich und jede kreative Entscheidung, die er trifft, beobachten.<\/strong><\/p>\n\n\n\n<div style=\"height:21px\" aria-hidden=\"true\" class=\"wp-block-spacer\"><\/div>\n\n\n\n<p>Diese Aktivit\u00e4t bietet einen intimen Einblick in den k\u00fcnstlerischen Prozess und unterstreicht das au\u00dfergew\u00f6hnliche Talent des lokalen K\u00fcnstlers. Mois\u00e9s ist sich sicher, dass sein Talent und seine Kreativit\u00e4t gesch\u00e4tzt und unterst\u00fctzt werden.<\/p>\n\n\n\n<div style=\"height:21px\" aria-hidden=\"true\" class=\"wp-block-spacer\"><\/div>\n\n\n\n<h3 class=\"wp-block-heading\"><strong>Dynamische Kunstinstallation von Ester Marse<\/strong><\/h3>\n\n\n\n<div style=\"height:21px\" aria-hidden=\"true\" class=\"wp-block-spacer\"><\/div>\n\n\n\n<p>Der von Pinturas DECOLOR gesponserte Kunstraum beim Festival der Sinne spiegelt unsere Leidenschaft f\u00fcr Farbe und Kreativit\u00e4t wider <strong>Wir haben eng mit der lokalen K\u00fcnstlerin und Designerin Ester Marse zusammengearbeitet und gemeinsam mit ihr eine inspirierende und interaktive Umgebung geschaffen, die Besucher dazu einl\u00e4dt, mit unseren Gem\u00e4lden zu \u00fcben und zu experimentieren und die Aufregung zu sp\u00fcren, ein K\u00fcnstler in der DECOLOR Art Zone zu sein.<\/strong><\/p>\n\n\n\n<div style=\"height:21px\" aria-hidden=\"true\" class=\"wp-block-spacer\"><\/div>\n\n\n\n<p><strong>W\u00e4hrend des gesamten Festivals steht den Besuchern eine riesige Leinwand zum Malen und Hinterlassen von Spuren als Teil einer kollektiven Arbeit zur Verf\u00fcgung. <\/strong>Diese Aktivit\u00e4t ist eine Gelegenheit f\u00fcr alle, unabh\u00e4ngig von ihren bisherigen Erfahrungen mit der Malerei, sich auszudr\u00fccken und zu einem gemeinsamen k\u00fcnstlerischen Werk beizutragen.<\/p>\n\n\n\n<div style=\"height:21px\" aria-hidden=\"true\" class=\"wp-block-spacer\"><\/div>\n\n\n\n<h3 class=\"wp-block-heading\"><strong>Lern- und Kulturvermittlungsraum<\/strong><\/h3>\n\n\n\n<div style=\"height:21px\" aria-hidden=\"true\" class=\"wp-block-spacer\"><\/div>\n\n\n\n<p>Die DECOLOR Art Zone ist nicht nur ein Ort zum Bewundern und Schaffen von Kunst; Es ist auch ein Bildungsraum, in dem Studenten der Fakult\u00e4t f\u00fcr Geisteswissenschaften von Albacete der Universit\u00e4t Kastilien-La Mancha (UCLM) als Kulturvermittler zusammenarbeiten, Besucher anleiten und \u00fcber die Werke und K\u00fcnstler informieren.<\/p>\n\n\n\n<div style=\"height:21px\" aria-hidden=\"true\" class=\"wp-block-spacer\"><\/div>\n\n\n\n<p>Diese Initiative bereichert die Erfahrung der Teilnehmer mit ihrem Wissen und ihren Perspektiven zu Kunst, Kultur und Malerei.<\/p>\n\n\n\n<div style=\"height:21px\" aria-hidden=\"true\" class=\"wp-block-spacer\"><\/div>\n\n\n\n<h3 class=\"wp-block-heading\"><strong>Ein Ort zum Entspannen und Kunstgenuss<\/strong><\/h3>\n\n\n\n<div style=\"height:21px\" aria-hidden=\"true\" class=\"wp-block-spacer\"><\/div>\n\n\n\n<p><strong>Bei Pinturas DECOLOR wissen wir, dass das Festival der Sinne ein intensives und aufregendes Erlebnis ist, weshalb wir auch einen Ruhebereich innerhalb der DECOLOR Art Zone eingerichtet haben. Hier k\u00f6nnen Besucher \u201eabschalten\u201c, entspannen und die k\u00fcnstlerische Umgebung in ihrem eigenen Tempo genie\u00dfen. <\/strong>Es ist ein Raum der Kontemplation und Inspiration, ein ruhiger Zufluchtsort inmitten der Hektik des Festivals.<\/p>\n\n\n\n<div style=\"height:21px\" aria-hidden=\"true\" class=\"wp-block-spacer\"><\/div>\n\n\n\n<h3 class=\"wp-block-heading\"><strong>Eine multisensorische Begegnung, Kunst und Sinne in perfekter Harmonie<\/strong><\/h3>\n\n\n\n<div style=\"height:21px\" aria-hidden=\"true\" class=\"wp-block-spacer\"><\/div>\n\n\n\n<p>Das Festival der Sinne ist eine einzigartige Veranstaltung, die die Kl\u00e4nge der Musik, die Aromen der Gastronomie und die Farben der Kunst vereint und den Teilnehmern ein unvergessliches multisensorisches Erlebnis bietet.<\/p>\n\n\n\n<div style=\"height:18px\" aria-hidden=\"true\" class=\"wp-block-spacer\"><\/div>\n\n\n\n<p><strong>In diesem multisensorischen Umfeld spielt die Malerei eine entscheidende Rolle, sie ist der sensorische Verbinder. K\u00f6nnen Sie sich das Festival der Sinne in Schwarzwei\u00df vorstellen? <\/strong>Die Farben und Texturen der Gem\u00e4lde verleihen den R\u00e4umen nicht nur Sch\u00f6nheit, sondern beeinflussen auch die Emotionen und Wahrnehmungen der Besucher, denn jede Farbe hat die Kraft, eine Geschichte zu erz\u00e4hlen, Erinnerungen zu wecken und Gef\u00fchle zu wecken. <strong>Farbe bereichert und verbessert die Sinneserlebnisse aller Festivalbesucher.<\/strong><\/p>\n\n\n\n<div style=\"height:48px\" aria-hidden=\"true\" class=\"wp-block-spacer\"><\/div>\n\n\n\n<p>Von Pinturas DECOLOR laden wir die Teilnehmer des Festivals der Sinne ein, die DECOLOR Art Zone zu besuchen und gemeinsam rund um Musik, Kultur und nat\u00fcrlich Malerei zu feiern, die Entstehung von Live-Kunst mitzuerleben, mit lokalen K\u00fcnstlern zu interagieren und die M\u00f6glichkeit zu haben, sich auszudr\u00fccken durch Malerei, du sein<strong>Ein Raum, in dem Kreativit\u00e4t und k\u00fcnstlerischer Ausdruck in ihrem eigenen Licht erstrahlen.<\/strong><\/p>\n\n\n\n<div style=\"height:21px\" aria-hidden=\"true\" class=\"wp-block-spacer\"><\/div>\n\n\n\n<p>Wir erwarten Sie am 14., 15. und 16. Juni in der DECOLOR Art Zone beim Festival der Sinne, um ein unvergessliches Erlebnis zu erleben!<\/p>\n\n\n\n<div style=\"height:21px\" aria-hidden=\"true\" class=\"wp-block-spacer\"><\/div>\n\n\n\n<div class=\"wp-block-buttons is-layout-flex wp-block-buttons-is-layout-flex\">\n<div class=\"wp-block-button\"><a class=\"wp-block-button__link has-background wp-element-button\" href=\"https:\/\/www.festivalsentidos.com\/\" style=\"background-color:#f6b333\" target=\"_blank\" rel=\"noreferrer noopener\"><strong>+ Infos FESTIVAL DER SINNE<\/strong><\/a><\/div>\n<\/div>\n\n\n\n<div style=\"height:21px\" aria-hidden=\"true\" class=\"wp-block-spacer\"><\/div>","protected":false},"excerpt":{"rendered":"<p>Bei Pinturas DECOLOR wissen wir, dass Kunst und Kultur eine kraftvolle Ausdrucksform sind, die unser Leben bereichert und Menschen verbindet. Aus diesem Grund sind wir stolz, erneut Sponsor des Festivals der Sinne zu sein, einer Veranstaltung, die Musik, Gastronomie und nat\u00fcrlich Kunst feiert\u2026 <a class=\"more-link\" href=\"https:\/\/www.decolor.com\/de\/2024\/06\/13\/pinturas-decolor-comprometidos-con-el-arte-y-la-cultura-en-el-festival-de-los-sentidos\/\"><span class=\"screen-reader-text\">DECOLOR Paintings, engagiert f\u00fcr Kunst und Kultur beim Festival der Sinne<\/span> weitersen<\/a><\/p>","protected":false},"author":1,"featured_media":148317,"comment_status":"open","ping_status":"open","sticky":false,"template":"","format":"standard","meta":{"_acf_changed":false,"footnotes":""},"categories":[1],"tags":[],"class_list":["post-148316","post","type-post","status-publish","format-standard","has-post-thumbnail","hentry","category-decolor","entry"],"acf":[],"yoast_head":"<!-- This site is optimized with the Yoast SEO plugin v23.4 - https:\/\/yoast.com\/wordpress\/plugins\/seo\/ -->\n<title>DECOLOR en el Festival de los Sentidos<\/title>\n<meta name=\"description\" content=\"Zona de Arte DECOLOR del Festival de los Sentidos un espacio donde celebrar juntos y donde expresarse con la pintura.\" \/>\n<meta name=\"robots\" content=\"index, follow, max-snippet:-1, max-image-preview:large, max-video-preview:-1\" \/>\n<link rel=\"canonical\" href=\"https:\/\/www.decolor.com\/de\/2024\/06\/13\/pinturas-decolor-comprometidos-con-el-arte-y-la-cultura-en-el-festival-de-los-sentidos\/\" \/>\n<meta property=\"og:locale\" content=\"de_DE\" \/>\n<meta property=\"og:type\" content=\"article\" \/>\n<meta property=\"og:title\" content=\"DECOLOR en el Festival de los Sentidos\" \/>\n<meta property=\"og:description\" content=\"Zona de Arte DECOLOR del Festival de los Sentidos un espacio donde celebrar juntos y donde expresarse con la pintura.\" \/>\n<meta property=\"og:url\" content=\"https:\/\/www.decolor.com\/de\/2024\/06\/13\/pinturas-decolor-comprometidos-con-el-arte-y-la-cultura-en-el-festival-de-los-sentidos\/\" \/>\n<meta property=\"og:site_name\" content=\"Decolor\" \/>\n<meta property=\"article:published_time\" content=\"2024-06-13T10:51:10+00:00\" \/>\n<meta property=\"article:modified_time\" content=\"2024-07-01T12:10:20+00:00\" \/>\n<meta property=\"og:image\" content=\"https:\/\/www.decolor.com\/wp-content\/uploads\/2024\/06\/Festival-de-los-Sentidos-y-Pinturas-Decolor-BLOG.png\" \/>\n\t<meta property=\"og:image:width\" content=\"920\" \/>\n\t<meta property=\"og:image:height\" content=\"600\" \/>\n\t<meta property=\"og:image:type\" content=\"image\/png\" \/>\n<meta name=\"author\" content=\"admin\" \/>\n<meta name=\"twitter:card\" content=\"summary_large_image\" \/>\n<meta name=\"twitter:image\" content=\"https:\/\/www.decolor.com\/wp-content\/uploads\/2024\/06\/Festival-de-los-Sentidos-y-Pinturas-Decolor-BLOG.png\" \/>\n<meta name=\"twitter:label1\" content=\"Verfasst von\" \/>\n\t<meta name=\"twitter:data1\" content=\"admin\" \/>\n\t<meta name=\"twitter:label2\" content=\"Gesch\u00e4tzte Lesezeit\" \/>\n\t<meta name=\"twitter:data2\" content=\"5\u00a0Minuten\" \/>\n<script type=\"application\/ld+json\" class=\"yoast-schema-graph\">{\"@context\":\"https:\/\/schema.org\",\"@graph\":[{\"@type\":\"Article\",\"@id\":\"https:\/\/www.decolor.com\/en\/2024\/06\/13\/pinturas-decolor-comprometidos-con-el-arte-y-la-cultura-en-el-festival-de-los-sentidos\/#article\",\"isPartOf\":{\"@id\":\"https:\/\/www.decolor.com\/en\/2024\/06\/13\/pinturas-decolor-comprometidos-con-el-arte-y-la-cultura-en-el-festival-de-los-sentidos\/\"},\"author\":{\"name\":\"admin\",\"@id\":\"https:\/\/www.decolor.com\/it\/#\/schema\/person\/97caf6fe02baef67513e86a4f3dc9c90\"},\"headline\":\"Pinturas DECOLOR, comprometidos con el arte y la cultura en el Festival de los Sentidos\",\"datePublished\":\"2024-06-13T10:51:10+00:00\",\"dateModified\":\"2024-07-01T12:10:20+00:00\",\"mainEntityOfPage\":{\"@id\":\"https:\/\/www.decolor.com\/en\/2024\/06\/13\/pinturas-decolor-comprometidos-con-el-arte-y-la-cultura-en-el-festival-de-los-sentidos\/\"},\"wordCount\":1023,\"commentCount\":0,\"publisher\":{\"@id\":\"https:\/\/www.decolor.com\/it\/#organization\"},\"image\":{\"@id\":\"https:\/\/www.decolor.com\/en\/2024\/06\/13\/pinturas-decolor-comprometidos-con-el-arte-y-la-cultura-en-el-festival-de-los-sentidos\/#primaryimage\"},\"thumbnailUrl\":\"https:\/\/www.decolor.com\/wp-content\/uploads\/2024\/06\/Festival-de-los-Sentidos-y-Pinturas-Decolor-BLOG.png\",\"articleSection\":[\"Decolor\"],\"inLanguage\":\"de\",\"potentialAction\":[{\"@type\":\"CommentAction\",\"name\":\"Comment\",\"target\":[\"https:\/\/www.decolor.com\/en\/2024\/06\/13\/pinturas-decolor-comprometidos-con-el-arte-y-la-cultura-en-el-festival-de-los-sentidos\/#respond\"]}]},{\"@type\":\"WebPage\",\"@id\":\"https:\/\/www.decolor.com\/en\/2024\/06\/13\/pinturas-decolor-comprometidos-con-el-arte-y-la-cultura-en-el-festival-de-los-sentidos\/\",\"url\":\"https:\/\/www.decolor.com\/en\/2024\/06\/13\/pinturas-decolor-comprometidos-con-el-arte-y-la-cultura-en-el-festival-de-los-sentidos\/\",\"name\":\"DECOLOR en el Festival de los Sentidos\",\"isPartOf\":{\"@id\":\"https:\/\/www.decolor.com\/it\/#website\"},\"primaryImageOfPage\":{\"@id\":\"https:\/\/www.decolor.com\/en\/2024\/06\/13\/pinturas-decolor-comprometidos-con-el-arte-y-la-cultura-en-el-festival-de-los-sentidos\/#primaryimage\"},\"image\":{\"@id\":\"https:\/\/www.decolor.com\/en\/2024\/06\/13\/pinturas-decolor-comprometidos-con-el-arte-y-la-cultura-en-el-festival-de-los-sentidos\/#primaryimage\"},\"thumbnailUrl\":\"https:\/\/www.decolor.com\/wp-content\/uploads\/2024\/06\/Festival-de-los-Sentidos-y-Pinturas-Decolor-BLOG.png\",\"datePublished\":\"2024-06-13T10:51:10+00:00\",\"dateModified\":\"2024-07-01T12:10:20+00:00\",\"description\":\"Zona de Arte DECOLOR del Festival de los Sentidos un espacio donde celebrar juntos y donde expresarse con la pintura.\",\"breadcrumb\":{\"@id\":\"https:\/\/www.decolor.com\/en\/2024\/06\/13\/pinturas-decolor-comprometidos-con-el-arte-y-la-cultura-en-el-festival-de-los-sentidos\/#breadcrumb\"},\"inLanguage\":\"de\",\"potentialAction\":[{\"@type\":\"ReadAction\",\"target\":[\"https:\/\/www.decolor.com\/en\/2024\/06\/13\/pinturas-decolor-comprometidos-con-el-arte-y-la-cultura-en-el-festival-de-los-sentidos\/\"]}]},{\"@type\":\"ImageObject\",\"inLanguage\":\"de\",\"@id\":\"https:\/\/www.decolor.com\/en\/2024\/06\/13\/pinturas-decolor-comprometidos-con-el-arte-y-la-cultura-en-el-festival-de-los-sentidos\/#primaryimage\",\"url\":\"https:\/\/www.decolor.com\/wp-content\/uploads\/2024\/06\/Festival-de-los-Sentidos-y-Pinturas-Decolor-BLOG.png\",\"contentUrl\":\"https:\/\/www.decolor.com\/wp-content\/uploads\/2024\/06\/Festival-de-los-Sentidos-y-Pinturas-Decolor-BLOG.png\",\"width\":920,\"height\":600,\"caption\":\"Pinturas DECOLOR comprometidos con el arte y la cultura\"},{\"@type\":\"BreadcrumbList\",\"@id\":\"https:\/\/www.decolor.com\/en\/2024\/06\/13\/pinturas-decolor-comprometidos-con-el-arte-y-la-cultura-en-el-festival-de-los-sentidos\/#breadcrumb\",\"itemListElement\":[{\"@type\":\"ListItem\",\"position\":1,\"name\":\"Home\",\"item\":\"https:\/\/www.decolor.com\/\"},{\"@type\":\"ListItem\",\"position\":2,\"name\":\"Pinturas DECOLOR, comprometidos con el arte y la cultura en el Festival de los Sentidos\"}]},{\"@type\":\"WebSite\",\"@id\":\"https:\/\/www.decolor.com\/it\/#website\",\"url\":\"https:\/\/www.decolor.com\/it\/\",\"name\":\"Decolor\",\"description\":\"Web Decolor\",\"publisher\":{\"@id\":\"https:\/\/www.decolor.com\/it\/#organization\"},\"potentialAction\":[{\"@type\":\"SearchAction\",\"target\":{\"@type\":\"EntryPoint\",\"urlTemplate\":\"https:\/\/www.decolor.com\/it\/?s={search_term_string}\"},\"query-input\":{\"@type\":\"PropertyValueSpecification\",\"valueRequired\":true,\"valueName\":\"search_term_string\"}}],\"inLanguage\":\"de\"},{\"@type\":\"Organization\",\"@id\":\"https:\/\/www.decolor.com\/it\/#organization\",\"name\":\"Decolor\",\"url\":\"https:\/\/www.decolor.com\/it\/\",\"logo\":{\"@type\":\"ImageObject\",\"inLanguage\":\"de\",\"@id\":\"https:\/\/www.decolor.com\/it\/#\/schema\/logo\/image\/\",\"url\":\"https:\/\/www.decolor.com\/wp-content\/uploads\/2021\/02\/marca_principal_pinturas_decolor_color.png\",\"contentUrl\":\"https:\/\/www.decolor.com\/wp-content\/uploads\/2021\/02\/marca_principal_pinturas_decolor_color.png\",\"width\":1588,\"height\":421,\"caption\":\"Decolor\"},\"image\":{\"@id\":\"https:\/\/www.decolor.com\/it\/#\/schema\/logo\/image\/\"}},{\"@type\":\"Person\",\"@id\":\"https:\/\/www.decolor.com\/it\/#\/schema\/person\/97caf6fe02baef67513e86a4f3dc9c90\",\"name\":\"admin\",\"image\":{\"@type\":\"ImageObject\",\"inLanguage\":\"de\",\"@id\":\"https:\/\/www.decolor.com\/it\/#\/schema\/person\/image\/\",\"url\":\"https:\/\/secure.gravatar.com\/avatar\/abe407930cb2e3e5c2930411ee6911c6?s=96&d=mm&r=g\",\"contentUrl\":\"https:\/\/secure.gravatar.com\/avatar\/abe407930cb2e3e5c2930411ee6911c6?s=96&d=mm&r=g\",\"caption\":\"admin\"},\"url\":\"https:\/\/www.decolor.com\/de\/author\/admin\/\"}]}<\/script>\n<!-- \/ Yoast SEO plugin. -->","yoast_head_json":{"title":"DECOLOR en el Festival de los Sentidos","description":"Zona de Arte DECOLOR del Festival de los Sentidos un espacio donde celebrar juntos y donde expresarse con la pintura.","robots":{"index":"index","follow":"follow","max-snippet":"max-snippet:-1","max-image-preview":"max-image-preview:large","max-video-preview":"max-video-preview:-1"},"canonical":"https:\/\/www.decolor.com\/de\/2024\/06\/13\/pinturas-decolor-comprometidos-con-el-arte-y-la-cultura-en-el-festival-de-los-sentidos\/","og_locale":"de_DE","og_type":"article","og_title":"DECOLOR en el Festival de los Sentidos","og_description":"Zona de Arte DECOLOR del Festival de los Sentidos un espacio donde celebrar juntos y donde expresarse con la pintura.","og_url":"https:\/\/www.decolor.com\/de\/2024\/06\/13\/pinturas-decolor-comprometidos-con-el-arte-y-la-cultura-en-el-festival-de-los-sentidos\/","og_site_name":"Decolor","article_published_time":"2024-06-13T10:51:10+00:00","article_modified_time":"2024-07-01T12:10:20+00:00","og_image":[{"width":920,"height":600,"url":"https:\/\/www.decolor.com\/wp-content\/uploads\/2024\/06\/Festival-de-los-Sentidos-y-Pinturas-Decolor-BLOG.png","type":"image\/png"}],"author":"admin","twitter_card":"summary_large_image","twitter_image":"https:\/\/www.decolor.com\/wp-content\/uploads\/2024\/06\/Festival-de-los-Sentidos-y-Pinturas-Decolor-BLOG.png","twitter_misc":{"Verfasst von":"admin","Gesch\u00e4tzte Lesezeit":"5\u00a0Minuten"},"schema":{"@context":"https:\/\/schema.org","@graph":[{"@type":"Article","@id":"https:\/\/www.decolor.com\/en\/2024\/06\/13\/pinturas-decolor-comprometidos-con-el-arte-y-la-cultura-en-el-festival-de-los-sentidos\/#article","isPartOf":{"@id":"https:\/\/www.decolor.com\/en\/2024\/06\/13\/pinturas-decolor-comprometidos-con-el-arte-y-la-cultura-en-el-festival-de-los-sentidos\/"},"author":{"name":"admin","@id":"https:\/\/www.decolor.com\/it\/#\/schema\/person\/97caf6fe02baef67513e86a4f3dc9c90"},"headline":"Pinturas DECOLOR, comprometidos con el arte y la cultura en el Festival de los Sentidos","datePublished":"2024-06-13T10:51:10+00:00","dateModified":"2024-07-01T12:10:20+00:00","mainEntityOfPage":{"@id":"https:\/\/www.decolor.com\/en\/2024\/06\/13\/pinturas-decolor-comprometidos-con-el-arte-y-la-cultura-en-el-festival-de-los-sentidos\/"},"wordCount":1023,"commentCount":0,"publisher":{"@id":"https:\/\/www.decolor.com\/it\/#organization"},"image":{"@id":"https:\/\/www.decolor.com\/en\/2024\/06\/13\/pinturas-decolor-comprometidos-con-el-arte-y-la-cultura-en-el-festival-de-los-sentidos\/#primaryimage"},"thumbnailUrl":"https:\/\/www.decolor.com\/wp-content\/uploads\/2024\/06\/Festival-de-los-Sentidos-y-Pinturas-Decolor-BLOG.png","articleSection":["Decolor"],"inLanguage":"de","potentialAction":[{"@type":"CommentAction","name":"Comment","target":["https:\/\/www.decolor.com\/en\/2024\/06\/13\/pinturas-decolor-comprometidos-con-el-arte-y-la-cultura-en-el-festival-de-los-sentidos\/#respond"]}]},{"@type":"WebPage","@id":"https:\/\/www.decolor.com\/en\/2024\/06\/13\/pinturas-decolor-comprometidos-con-el-arte-y-la-cultura-en-el-festival-de-los-sentidos\/","url":"https:\/\/www.decolor.com\/en\/2024\/06\/13\/pinturas-decolor-comprometidos-con-el-arte-y-la-cultura-en-el-festival-de-los-sentidos\/","name":"DECOLOR en el Festival de los Sentidos","isPartOf":{"@id":"https:\/\/www.decolor.com\/it\/#website"},"primaryImageOfPage":{"@id":"https:\/\/www.decolor.com\/en\/2024\/06\/13\/pinturas-decolor-comprometidos-con-el-arte-y-la-cultura-en-el-festival-de-los-sentidos\/#primaryimage"},"image":{"@id":"https:\/\/www.decolor.com\/en\/2024\/06\/13\/pinturas-decolor-comprometidos-con-el-arte-y-la-cultura-en-el-festival-de-los-sentidos\/#primaryimage"},"thumbnailUrl":"https:\/\/www.decolor.com\/wp-content\/uploads\/2024\/06\/Festival-de-los-Sentidos-y-Pinturas-Decolor-BLOG.png","datePublished":"2024-06-13T10:51:10+00:00","dateModified":"2024-07-01T12:10:20+00:00","description":"Zona de Arte DECOLOR del Festival de los Sentidos un espacio donde celebrar juntos y donde expresarse con la pintura.","breadcrumb":{"@id":"https:\/\/www.decolor.com\/en\/2024\/06\/13\/pinturas-decolor-comprometidos-con-el-arte-y-la-cultura-en-el-festival-de-los-sentidos\/#breadcrumb"},"inLanguage":"de","potentialAction":[{"@type":"ReadAction","target":["https:\/\/www.decolor.com\/en\/2024\/06\/13\/pinturas-decolor-comprometidos-con-el-arte-y-la-cultura-en-el-festival-de-los-sentidos\/"]}]},{"@type":"ImageObject","inLanguage":"de","@id":"https:\/\/www.decolor.com\/en\/2024\/06\/13\/pinturas-decolor-comprometidos-con-el-arte-y-la-cultura-en-el-festival-de-los-sentidos\/#primaryimage","url":"https:\/\/www.decolor.com\/wp-content\/uploads\/2024\/06\/Festival-de-los-Sentidos-y-Pinturas-Decolor-BLOG.png","contentUrl":"https:\/\/www.decolor.com\/wp-content\/uploads\/2024\/06\/Festival-de-los-Sentidos-y-Pinturas-Decolor-BLOG.png","width":920,"height":600,"caption":"Pinturas DECOLOR comprometidos con el arte y la cultura"},{"@type":"BreadcrumbList","@id":"https:\/\/www.decolor.com\/en\/2024\/06\/13\/pinturas-decolor-comprometidos-con-el-arte-y-la-cultura-en-el-festival-de-los-sentidos\/#breadcrumb","itemListElement":[{"@type":"ListItem","position":1,"name":"Home","item":"https:\/\/www.decolor.com\/"},{"@type":"ListItem","position":2,"name":"Pinturas DECOLOR, comprometidos con el arte y la cultura en el Festival de los Sentidos"}]},{"@type":"WebSite","@id":"https:\/\/www.decolor.com\/it\/#website","url":"https:\/\/www.decolor.com\/it\/","name":"Farbe","description":"Web-Entf\u00e4rbung","publisher":{"@id":"https:\/\/www.decolor.com\/it\/#organization"},"potentialAction":[{"@type":"SearchAction","target":{"@type":"EntryPoint","urlTemplate":"https:\/\/www.decolor.com\/it\/?s={search_term_string}"},"query-input":{"@type":"PropertyValueSpecification","valueRequired":true,"valueName":"search_term_string"}}],"inLanguage":"de"},{"@type":"Organization","@id":"https:\/\/www.decolor.com\/it\/#organization","name":"Farbe","url":"https:\/\/www.decolor.com\/it\/","logo":{"@type":"ImageObject","inLanguage":"de","@id":"https:\/\/www.decolor.com\/it\/#\/schema\/logo\/image\/","url":"https:\/\/www.decolor.com\/wp-content\/uploads\/2021\/02\/marca_principal_pinturas_decolor_color.png","contentUrl":"https:\/\/www.decolor.com\/wp-content\/uploads\/2021\/02\/marca_principal_pinturas_decolor_color.png","width":1588,"height":421,"caption":"Decolor"},"image":{"@id":"https:\/\/www.decolor.com\/it\/#\/schema\/logo\/image\/"}},{"@type":"Person","@id":"https:\/\/www.decolor.com\/it\/#\/schema\/person\/97caf6fe02baef67513e86a4f3dc9c90","name":"Administrator","image":{"@type":"ImageObject","inLanguage":"de","@id":"https:\/\/www.decolor.com\/it\/#\/schema\/person\/image\/","url":"https:\/\/secure.gravatar.com\/avatar\/abe407930cb2e3e5c2930411ee6911c6?s=96&d=mm&r=g","contentUrl":"https:\/\/secure.gravatar.com\/avatar\/abe407930cb2e3e5c2930411ee6911c6?s=96&d=mm&r=g","caption":"admin"},"url":"https:\/\/www.decolor.com\/de\/author\/admin\/"}]}},"_links":{"self":[{"href":"https:\/\/www.decolor.com\/de\/wp-json\/wp\/v2\/posts\/148316"}],"collection":[{"href":"https:\/\/www.decolor.com\/de\/wp-json\/wp\/v2\/posts"}],"about":[{"href":"https:\/\/www.decolor.com\/de\/wp-json\/wp\/v2\/types\/post"}],"author":[{"embeddable":true,"href":"https:\/\/www.decolor.com\/de\/wp-json\/wp\/v2\/users\/1"}],"replies":[{"embeddable":true,"href":"https:\/\/www.decolor.com\/de\/wp-json\/wp\/v2\/comments?post=148316"}],"version-history":[{"count":4,"href":"https:\/\/www.decolor.com\/de\/wp-json\/wp\/v2\/posts\/148316\/revisions"}],"predecessor-version":[{"id":148322,"href":"https:\/\/www.decolor.com\/de\/wp-json\/wp\/v2\/posts\/148316\/revisions\/148322"}],"wp:featuredmedia":[{"embeddable":true,"href":"https:\/\/www.decolor.com\/de\/wp-json\/wp\/v2\/media\/148317"}],"wp:attachment":[{"href":"https:\/\/www.decolor.com\/de\/wp-json\/wp\/v2\/media?parent=148316"}],"wp:term":[{"taxonomy":"category","embeddable":true,"href":"https:\/\/www.decolor.com\/de\/wp-json\/wp\/v2\/categories?post=148316"},{"taxonomy":"post_tag","embeddable":true,"href":"https:\/\/www.decolor.com\/de\/wp-json\/wp\/v2\/tags?post=148316"}],"curies":[{"name":"wp","href":"https:\/\/api.w.org\/{rel}","templated":true}]}}