{"id":151336,"date":"2025-10-23T13:40:35","date_gmt":"2025-10-23T13:40:35","guid":{"rendered":"https:\/\/www.decolor.com\/?p=151336"},"modified":"2025-09-04T14:10:43","modified_gmt":"2025-09-04T14:10:43","slug":"fabrica-de-pinturas-ecologicas-como-decolor-lidera-el-cambio-hacia-un-futuro-mas-sostenible","status":"publish","type":"post","link":"https:\/\/www.decolor.com\/de\/2025\/10\/23\/fabrica-de-pinturas-ecologicas-como-decolor-lidera-el-cambio-hacia-un-futuro-mas-sostenible\/","title":{"rendered":"Umweltfreundliche Farbenfabrik: Wie DECOLOR den Weg in eine nachhaltigere Zukunft ebnet"},"content":{"rendered":"<p>In einer Welt, in der Nachhaltigkeit zur Priorit\u00e4t geworden ist, erfindet sich auch die Farbenindustrie neu. Verbraucher suchen heute mehr denn je nach umweltfreundlichen Produkten, ohne dabei auf Leistung und Haltbarkeit verzichten zu m\u00fcssen. In diesem Zusammenhang ist das Konzept von <strong>\u00f6kologische Farbenfabrik<\/strong>, und DECOLOR positioniert sich bei dieser Transformation als eine der f\u00fchrenden Marken in Spanien.<\/p>\n\n\n\n<h3 class=\"wp-block-heading\">Was ist eine \u00f6kologische Farbe?<\/h3>\n\n\n\n<p>Umweltfreundliche Farben sind solche, die mit folgenden Inhaltsstoffen hergestellt wurden:<\/p>\n\n\n\n<ul class=\"wp-block-list\">\n<li><strong>Niedriger oder kein Gehalt an fl\u00fcchtigen organischen Verbindungen (VOC)<\/strong>.<\/li>\n\n\n\n<li>Inhaltsstoffe auf Wasserbasis und keine giftigen L\u00f6sungsmittel.<\/li>\n\n\n\n<li>Herstellungsverfahren, die den CO2-Fu\u00dfabdruck reduzieren.<\/li>\n\n\n\n<li>Recycelbare Verpackungen oder Verpackungen, die aus recycelten Materialien hergestellt wurden.<\/li>\n<\/ul>\n\n\n\n<p>Ziel ist es, Produkte anzubieten, die sowohl die menschliche Gesundheit als auch die nat\u00fcrliche Umwelt respektieren.<\/p>\n\n\n\n<h3 class=\"wp-block-heading\">DECOLORs Engagement f\u00fcr die Umwelt<\/h3>\n\n\n\n<p>DECOLOR stellt nicht nur Farben her, sondern integriert Nachhaltigkeit in die gesamte Produktionskette:<\/p>\n\n\n\n<ul class=\"wp-block-list\">\n<li>ISO 14001-Zertifizierung im Umweltmanagement.<\/li>\n\n\n\n<li>Anlagen mit Wasserrecycling- und Emissionskontrollsystemen.<\/li>\n\n\n\n<li>Entwicklung von Formeln ohne Blei, Schwermetalle und gef\u00e4hrliche Substanzen.<\/li>\n\n\n\n<li>Innovationen bei Beschichtungen, die eine l\u00e4ngere Haltbarkeit und weniger Wartung erm\u00f6glichen.<\/li>\n<\/ul>\n\n\n\n<p>Diese Faktoren erm\u00f6glichen DECOLOR als echte <strong>\u00f6kologische Farbenfabrik<\/strong> ohne Kompromisse bei der Qualit\u00e4t oder Verarbeitung seiner Produkte einzugehen.<\/p>\n\n\n\n<h3 class=\"wp-block-heading\">Ausgew\u00e4hltes \u00f6kologisches Sortiment<\/h3>\n\n\n\n<p>Im DECOLOR-Katalog finden Sie eine gro\u00dfe Auswahl an nachhaltigen L\u00f6sungen:<\/p>\n\n\n\n<ul class=\"wp-block-list\">\n<li><strong>Kunststofffarben auf Wasserbasis<\/strong> als <em>Matt D-800<\/em> entweder <em>Ekus<\/em>, ideal f\u00fcr geruchsfreie Innenr\u00e4ume.<\/li>\n\n\n\n<li><strong>Wasserbasierte Lacke f\u00fcr Holz und Metall<\/strong>, sauberer und einfacher anzuwenden.<\/li>\n\n\n\n<li><strong>Wasserbasierte Impr\u00e4gnierung<\/strong>, als <em>Deco-Elast Aqua<\/em>, sicher und wirksam.<\/li>\n\n\n\n<li><strong>Farbstoffe und F\u00e4rbemittel auf Wasserbasis<\/strong>, ohne aggressive L\u00f6sungsmittel.<\/li>\n\n\n\n<li><strong>\u00d6kologische Lacke und Beizen<\/strong> die das Holz sch\u00fctzen und gleichzeitig sein nat\u00fcrliches Aussehen bewahren.<\/li>\n<\/ul>\n\n\n\n<p>Alle diese Produkte sind so konzipiert, dass sie den anspruchsvollsten europ\u00e4ischen Standards entsprechen.<\/p>\n\n\n\n<h3 class=\"wp-block-heading\">Vorteile der Verwendung \u00f6kologischer Farben<\/h3>\n\n\n\n<p>Zus\u00e4tzlich zu ihren positiven Auswirkungen auf die Umwelt bieten umweltfreundliche Farben:<\/p>\n\n\n\n<ul class=\"wp-block-list\">\n<li>Sie verringern das Risiko von Allergien oder Vergiftungen.<\/li>\n\n\n\n<li>Sie erm\u00f6glichen eine schnellere Bel\u00fcftung gestrichener R\u00e4ume.<\/li>\n\n\n\n<li>Sie sind sicherer f\u00fcr Kinder, Haustiere und empfindliche Menschen.<\/li>\n\n\n\n<li>Sie tragen zur Verbesserung der Raumluftqualit\u00e4t bei.<\/li>\n\n\n\n<li>Sie entsprechen den LEED-Vorschriften und anderen Siegeln f\u00fcr nachhaltiges Bauen.<\/li>\n<\/ul>\n\n\n\n<h3 class=\"wp-block-heading\">Die Zukunft des Sektors<\/h3>\n\n\n\n<p>Immer mehr Architekten, Designer und Bauunternehmen verlangen umweltfreundliche Produkte f\u00fcr ihre Projekte. Fabriken, die sich dieser Nachfrage nicht anpassen, werden vom Markt verdr\u00e4ngt. DECOLOR zeigt, dass nachhaltige Produktion ohne Abstriche bei Innovation und Ergebnissen m\u00f6glich ist.<\/p>\n\n\n\n<p>\ud83d\udc49 Entdecken Sie alle umweltfreundlichen L\u00f6sungen von DECOLOR unter <a href=\"https:\/\/www.decolor.com\/de\/?utm_source=chatgpt.com\">www.decolor.com<\/a><\/p>\n\n\n\n<figure class=\"wp-block-embed is-type-video is-provider-youtube wp-block-embed-youtube wp-embed-aspect-16-9 wp-has-aspect-ratio\"><div class=\"wp-block-embed__wrapper\">\n<iframe title=\"Auszeichnung f\u00fcr Investorunternehmen in Qualit\u00e4t und Umwelt: PINTURAS DECOLOR, SL\" width=\"750\" height=\"422\" src=\"https:\/\/www.youtube.com\/embed\/jYyVrPvw4gE?feature=oembed\" frameborder=\"0\" allow=\"accelerometer; autoplay; clipboard-write; encrypted-media; gyroscope; picture-in-picture; web-share\" referrerpolicy=\"strict-origin-when-cross-origin\" allowfullscreen><\/iframe>\n<\/div><\/figure>","protected":false},"excerpt":{"rendered":"<p>In einer Welt, in der Nachhaltigkeit h\u00f6chste Priorit\u00e4t hat, erfindet sich auch die Farbenindustrie neu. Verbraucher suchen heute mehr denn je nach umweltfreundlichen Produkten, ohne dabei auf Leistung und Langlebigkeit verzichten zu m\u00fcssen. Vor diesem Hintergrund ist das Konzept der umweltfreundlichen Farbenfabrik entstanden, und DECOLOR positioniert sich als\u2026 <a class=\"more-link\" href=\"https:\/\/www.decolor.com\/de\/2025\/10\/23\/fabrica-de-pinturas-ecologicas-como-decolor-lidera-el-cambio-hacia-un-futuro-mas-sostenible\/\"><span class=\"screen-reader-text\">Umweltfreundliche Farbenfabrik: Wie DECOLOR den Weg in eine nachhaltigere Zukunft ebnet<\/span> weitersen<\/a><\/p>","protected":false},"author":34,"featured_media":151337,"comment_status":"open","ping_status":"open","sticky":false,"template":"","format":"standard","meta":{"_acf_changed":false,"footnotes":""},"categories":[1],"tags":[],"class_list":["post-151336","post","type-post","status-publish","format-standard","has-post-thumbnail","hentry","category-decolor","entry"],"acf":[],"yoast_head":"<!-- This site is optimized with the Yoast SEO plugin v23.4 - https:\/\/yoast.com\/wordpress\/plugins\/seo\/ -->\n<title>F\u00e1brica de pinturas ecol\u00f3gicas: c\u00f3mo DECOLOR lidera el cambio<\/title>\n<meta name=\"description\" content=\"\u00bfBuscas una f\u00e1brica de pinturas ecol\u00f3gicas en Espa\u00f1a? Descubre c\u00f3mo DECOLOR combina sostenibilidad, salud y tecnolog\u00eda para ofrecer productos respetuosos con el medio ambiente sin renunciar a la calidad.\" \/>\n<meta name=\"robots\" content=\"index, follow, max-snippet:-1, max-image-preview:large, max-video-preview:-1\" \/>\n<link rel=\"canonical\" href=\"https:\/\/www.decolor.com\/de\/2025\/10\/23\/fabrica-de-pinturas-ecologicas-como-decolor-lidera-el-cambio-hacia-un-futuro-mas-sostenible\/\" \/>\n<meta property=\"og:locale\" content=\"de_DE\" \/>\n<meta property=\"og:type\" content=\"article\" \/>\n<meta property=\"og:title\" content=\"F\u00e1brica de pinturas ecol\u00f3gicas: c\u00f3mo DECOLOR lidera el cambio\" \/>\n<meta property=\"og:description\" content=\"\u00bfBuscas una f\u00e1brica de pinturas ecol\u00f3gicas en Espa\u00f1a? Descubre c\u00f3mo DECOLOR combina sostenibilidad, salud y tecnolog\u00eda para ofrecer productos respetuosos con el medio ambiente sin renunciar a la calidad.\" \/>\n<meta property=\"og:url\" content=\"https:\/\/www.decolor.com\/de\/2025\/10\/23\/fabrica-de-pinturas-ecologicas-como-decolor-lidera-el-cambio-hacia-un-futuro-mas-sostenible\/\" \/>\n<meta property=\"og:site_name\" content=\"Decolor\" \/>\n<meta property=\"article:published_time\" content=\"2025-10-23T13:40:35+00:00\" \/>\n<meta property=\"article:modified_time\" content=\"2025-09-04T14:10:43+00:00\" \/>\n<meta property=\"og:image\" content=\"https:\/\/www.decolor.com\/wp-content\/uploads\/2025\/09\/portada_blog-2.jpg\" \/>\n\t<meta property=\"og:image:width\" content=\"1920\" \/>\n\t<meta property=\"og:image:height\" content=\"1080\" \/>\n\t<meta property=\"og:image:type\" content=\"image\/jpeg\" \/>\n<meta name=\"author\" content=\"sergio.serrano\" \/>\n<meta name=\"twitter:card\" content=\"summary_large_image\" \/>\n<meta name=\"twitter:label1\" content=\"Verfasst von\" \/>\n\t<meta name=\"twitter:data1\" content=\"sergio.serrano\" \/>\n\t<meta name=\"twitter:label2\" content=\"Gesch\u00e4tzte Lesezeit\" \/>\n\t<meta name=\"twitter:data2\" content=\"3\u00a0Minuten\" \/>\n<script type=\"application\/ld+json\" class=\"yoast-schema-graph\">{\"@context\":\"https:\/\/schema.org\",\"@graph\":[{\"@type\":\"Article\",\"@id\":\"https:\/\/www.decolor.com\/en\/2025\/10\/23\/fabrica-de-pinturas-ecologicas-como-decolor-lidera-el-cambio-hacia-un-futuro-mas-sostenible\/#article\",\"isPartOf\":{\"@id\":\"https:\/\/www.decolor.com\/en\/2025\/10\/23\/fabrica-de-pinturas-ecologicas-como-decolor-lidera-el-cambio-hacia-un-futuro-mas-sostenible\/\"},\"author\":{\"name\":\"sergio.serrano\",\"@id\":\"https:\/\/www.decolor.com\/it\/#\/schema\/person\/ee129ba55a6e106302c09dd53688a553\"},\"headline\":\"F\u00e1brica de pinturas ecol\u00f3gicas: c\u00f3mo DECOLOR lidera el cambio hacia un futuro m\u00e1s sostenible\",\"datePublished\":\"2025-10-23T13:40:35+00:00\",\"dateModified\":\"2025-09-04T14:10:43+00:00\",\"mainEntityOfPage\":{\"@id\":\"https:\/\/www.decolor.com\/en\/2025\/10\/23\/fabrica-de-pinturas-ecologicas-como-decolor-lidera-el-cambio-hacia-un-futuro-mas-sostenible\/\"},\"wordCount\":487,\"commentCount\":0,\"publisher\":{\"@id\":\"https:\/\/www.decolor.com\/it\/#organization\"},\"image\":{\"@id\":\"https:\/\/www.decolor.com\/en\/2025\/10\/23\/fabrica-de-pinturas-ecologicas-como-decolor-lidera-el-cambio-hacia-un-futuro-mas-sostenible\/#primaryimage\"},\"thumbnailUrl\":\"https:\/\/www.decolor.com\/wp-content\/uploads\/2025\/09\/portada_blog-2.jpg\",\"articleSection\":[\"Decolor\"],\"inLanguage\":\"de\",\"potentialAction\":[{\"@type\":\"CommentAction\",\"name\":\"Comment\",\"target\":[\"https:\/\/www.decolor.com\/en\/2025\/10\/23\/fabrica-de-pinturas-ecologicas-como-decolor-lidera-el-cambio-hacia-un-futuro-mas-sostenible\/#respond\"]}]},{\"@type\":\"WebPage\",\"@id\":\"https:\/\/www.decolor.com\/en\/2025\/10\/23\/fabrica-de-pinturas-ecologicas-como-decolor-lidera-el-cambio-hacia-un-futuro-mas-sostenible\/\",\"url\":\"https:\/\/www.decolor.com\/en\/2025\/10\/23\/fabrica-de-pinturas-ecologicas-como-decolor-lidera-el-cambio-hacia-un-futuro-mas-sostenible\/\",\"name\":\"F\u00e1brica de pinturas ecol\u00f3gicas: c\u00f3mo DECOLOR lidera el cambio\",\"isPartOf\":{\"@id\":\"https:\/\/www.decolor.com\/it\/#website\"},\"primaryImageOfPage\":{\"@id\":\"https:\/\/www.decolor.com\/en\/2025\/10\/23\/fabrica-de-pinturas-ecologicas-como-decolor-lidera-el-cambio-hacia-un-futuro-mas-sostenible\/#primaryimage\"},\"image\":{\"@id\":\"https:\/\/www.decolor.com\/en\/2025\/10\/23\/fabrica-de-pinturas-ecologicas-como-decolor-lidera-el-cambio-hacia-un-futuro-mas-sostenible\/#primaryimage\"},\"thumbnailUrl\":\"https:\/\/www.decolor.com\/wp-content\/uploads\/2025\/09\/portada_blog-2.jpg\",\"datePublished\":\"2025-10-23T13:40:35+00:00\",\"dateModified\":\"2025-09-04T14:10:43+00:00\",\"description\":\"\u00bfBuscas una f\u00e1brica de pinturas ecol\u00f3gicas en Espa\u00f1a? Descubre c\u00f3mo DECOLOR combina sostenibilidad, salud y tecnolog\u00eda para ofrecer productos respetuosos con el medio ambiente sin renunciar a la calidad.\",\"breadcrumb\":{\"@id\":\"https:\/\/www.decolor.com\/en\/2025\/10\/23\/fabrica-de-pinturas-ecologicas-como-decolor-lidera-el-cambio-hacia-un-futuro-mas-sostenible\/#breadcrumb\"},\"inLanguage\":\"de\",\"potentialAction\":[{\"@type\":\"ReadAction\",\"target\":[\"https:\/\/www.decolor.com\/en\/2025\/10\/23\/fabrica-de-pinturas-ecologicas-como-decolor-lidera-el-cambio-hacia-un-futuro-mas-sostenible\/\"]}]},{\"@type\":\"ImageObject\",\"inLanguage\":\"de\",\"@id\":\"https:\/\/www.decolor.com\/en\/2025\/10\/23\/fabrica-de-pinturas-ecologicas-como-decolor-lidera-el-cambio-hacia-un-futuro-mas-sostenible\/#primaryimage\",\"url\":\"https:\/\/www.decolor.com\/wp-content\/uploads\/2025\/09\/portada_blog-2.jpg\",\"contentUrl\":\"https:\/\/www.decolor.com\/wp-content\/uploads\/2025\/09\/portada_blog-2.jpg\",\"width\":1920,\"height\":1080,\"caption\":\"F\u00e1brica de pinturas ecol\u00f3gicas: c\u00f3mo DECOLOR lidera el cambio hacia un futuro m\u00e1s sostenible\"},{\"@type\":\"BreadcrumbList\",\"@id\":\"https:\/\/www.decolor.com\/en\/2025\/10\/23\/fabrica-de-pinturas-ecologicas-como-decolor-lidera-el-cambio-hacia-un-futuro-mas-sostenible\/#breadcrumb\",\"itemListElement\":[{\"@type\":\"ListItem\",\"position\":1,\"name\":\"Home\",\"item\":\"https:\/\/www.decolor.com\/\"},{\"@type\":\"ListItem\",\"position\":2,\"name\":\"F\u00e1brica de pinturas ecol\u00f3gicas: c\u00f3mo DECOLOR lidera el cambio hacia un futuro m\u00e1s sostenible\"}]},{\"@type\":\"WebSite\",\"@id\":\"https:\/\/www.decolor.com\/it\/#website\",\"url\":\"https:\/\/www.decolor.com\/it\/\",\"name\":\"Decolor\",\"description\":\"Web Decolor\",\"publisher\":{\"@id\":\"https:\/\/www.decolor.com\/it\/#organization\"},\"potentialAction\":[{\"@type\":\"SearchAction\",\"target\":{\"@type\":\"EntryPoint\",\"urlTemplate\":\"https:\/\/www.decolor.com\/it\/?s={search_term_string}\"},\"query-input\":{\"@type\":\"PropertyValueSpecification\",\"valueRequired\":true,\"valueName\":\"search_term_string\"}}],\"inLanguage\":\"de\"},{\"@type\":\"Organization\",\"@id\":\"https:\/\/www.decolor.com\/it\/#organization\",\"name\":\"Decolor\",\"url\":\"https:\/\/www.decolor.com\/it\/\",\"logo\":{\"@type\":\"ImageObject\",\"inLanguage\":\"de\",\"@id\":\"https:\/\/www.decolor.com\/it\/#\/schema\/logo\/image\/\",\"url\":\"https:\/\/www.decolor.com\/wp-content\/uploads\/2021\/02\/marca_principal_pinturas_decolor_color.png\",\"contentUrl\":\"https:\/\/www.decolor.com\/wp-content\/uploads\/2021\/02\/marca_principal_pinturas_decolor_color.png\",\"width\":1588,\"height\":421,\"caption\":\"Decolor\"},\"image\":{\"@id\":\"https:\/\/www.decolor.com\/it\/#\/schema\/logo\/image\/\"}},{\"@type\":\"Person\",\"@id\":\"https:\/\/www.decolor.com\/it\/#\/schema\/person\/ee129ba55a6e106302c09dd53688a553\",\"name\":\"sergio.serrano\",\"image\":{\"@type\":\"ImageObject\",\"inLanguage\":\"de\",\"@id\":\"https:\/\/www.decolor.com\/it\/#\/schema\/person\/image\/\",\"url\":\"https:\/\/secure.gravatar.com\/avatar\/420fb836392f59d23baa29c11ed43193?s=96&d=mm&r=g\",\"contentUrl\":\"https:\/\/secure.gravatar.com\/avatar\/420fb836392f59d23baa29c11ed43193?s=96&d=mm&r=g\",\"caption\":\"sergio.serrano\"},\"url\":\"https:\/\/www.decolor.com\/de\/author\/sergio-serrano\/\"}]}<\/script>\n<!-- \/ Yoast SEO plugin. -->","yoast_head_json":{"title":"F\u00e1brica de pinturas ecol\u00f3gicas: c\u00f3mo DECOLOR lidera el cambio","description":"\u00bfBuscas una f\u00e1brica de pinturas ecol\u00f3gicas en Espa\u00f1a? Descubre c\u00f3mo DECOLOR combina sostenibilidad, salud y tecnolog\u00eda para ofrecer productos respetuosos con el medio ambiente sin renunciar a la calidad.","robots":{"index":"index","follow":"follow","max-snippet":"max-snippet:-1","max-image-preview":"max-image-preview:large","max-video-preview":"max-video-preview:-1"},"canonical":"https:\/\/www.decolor.com\/de\/2025\/10\/23\/fabrica-de-pinturas-ecologicas-como-decolor-lidera-el-cambio-hacia-un-futuro-mas-sostenible\/","og_locale":"de_DE","og_type":"article","og_title":"F\u00e1brica de pinturas ecol\u00f3gicas: c\u00f3mo DECOLOR lidera el cambio","og_description":"\u00bfBuscas una f\u00e1brica de pinturas ecol\u00f3gicas en Espa\u00f1a? Descubre c\u00f3mo DECOLOR combina sostenibilidad, salud y tecnolog\u00eda para ofrecer productos respetuosos con el medio ambiente sin renunciar a la calidad.","og_url":"https:\/\/www.decolor.com\/de\/2025\/10\/23\/fabrica-de-pinturas-ecologicas-como-decolor-lidera-el-cambio-hacia-un-futuro-mas-sostenible\/","og_site_name":"Decolor","article_published_time":"2025-10-23T13:40:35+00:00","article_modified_time":"2025-09-04T14:10:43+00:00","og_image":[{"width":1920,"height":1080,"url":"https:\/\/www.decolor.com\/wp-content\/uploads\/2025\/09\/portada_blog-2.jpg","type":"image\/jpeg"}],"author":"sergio.serrano","twitter_card":"summary_large_image","twitter_misc":{"Verfasst von":"sergio.serrano","Gesch\u00e4tzte Lesezeit":"3\u00a0Minuten"},"schema":{"@context":"https:\/\/schema.org","@graph":[{"@type":"Article","@id":"https:\/\/www.decolor.com\/en\/2025\/10\/23\/fabrica-de-pinturas-ecologicas-como-decolor-lidera-el-cambio-hacia-un-futuro-mas-sostenible\/#article","isPartOf":{"@id":"https:\/\/www.decolor.com\/en\/2025\/10\/23\/fabrica-de-pinturas-ecologicas-como-decolor-lidera-el-cambio-hacia-un-futuro-mas-sostenible\/"},"author":{"name":"sergio.serrano","@id":"https:\/\/www.decolor.com\/it\/#\/schema\/person\/ee129ba55a6e106302c09dd53688a553"},"headline":"F\u00e1brica de pinturas ecol\u00f3gicas: c\u00f3mo DECOLOR lidera el cambio hacia un futuro m\u00e1s sostenible","datePublished":"2025-10-23T13:40:35+00:00","dateModified":"2025-09-04T14:10:43+00:00","mainEntityOfPage":{"@id":"https:\/\/www.decolor.com\/en\/2025\/10\/23\/fabrica-de-pinturas-ecologicas-como-decolor-lidera-el-cambio-hacia-un-futuro-mas-sostenible\/"},"wordCount":487,"commentCount":0,"publisher":{"@id":"https:\/\/www.decolor.com\/it\/#organization"},"image":{"@id":"https:\/\/www.decolor.com\/en\/2025\/10\/23\/fabrica-de-pinturas-ecologicas-como-decolor-lidera-el-cambio-hacia-un-futuro-mas-sostenible\/#primaryimage"},"thumbnailUrl":"https:\/\/www.decolor.com\/wp-content\/uploads\/2025\/09\/portada_blog-2.jpg","articleSection":["Decolor"],"inLanguage":"de","potentialAction":[{"@type":"CommentAction","name":"Comment","target":["https:\/\/www.decolor.com\/en\/2025\/10\/23\/fabrica-de-pinturas-ecologicas-como-decolor-lidera-el-cambio-hacia-un-futuro-mas-sostenible\/#respond"]}]},{"@type":"WebPage","@id":"https:\/\/www.decolor.com\/en\/2025\/10\/23\/fabrica-de-pinturas-ecologicas-como-decolor-lidera-el-cambio-hacia-un-futuro-mas-sostenible\/","url":"https:\/\/www.decolor.com\/en\/2025\/10\/23\/fabrica-de-pinturas-ecologicas-como-decolor-lidera-el-cambio-hacia-un-futuro-mas-sostenible\/","name":"F\u00e1brica de pinturas ecol\u00f3gicas: c\u00f3mo DECOLOR lidera el cambio","isPartOf":{"@id":"https:\/\/www.decolor.com\/it\/#website"},"primaryImageOfPage":{"@id":"https:\/\/www.decolor.com\/en\/2025\/10\/23\/fabrica-de-pinturas-ecologicas-como-decolor-lidera-el-cambio-hacia-un-futuro-mas-sostenible\/#primaryimage"},"image":{"@id":"https:\/\/www.decolor.com\/en\/2025\/10\/23\/fabrica-de-pinturas-ecologicas-como-decolor-lidera-el-cambio-hacia-un-futuro-mas-sostenible\/#primaryimage"},"thumbnailUrl":"https:\/\/www.decolor.com\/wp-content\/uploads\/2025\/09\/portada_blog-2.jpg","datePublished":"2025-10-23T13:40:35+00:00","dateModified":"2025-09-04T14:10:43+00:00","description":"\u00bfBuscas una f\u00e1brica de pinturas ecol\u00f3gicas en Espa\u00f1a? Descubre c\u00f3mo DECOLOR combina sostenibilidad, salud y tecnolog\u00eda para ofrecer productos respetuosos con el medio ambiente sin renunciar a la calidad.","breadcrumb":{"@id":"https:\/\/www.decolor.com\/en\/2025\/10\/23\/fabrica-de-pinturas-ecologicas-como-decolor-lidera-el-cambio-hacia-un-futuro-mas-sostenible\/#breadcrumb"},"inLanguage":"de","potentialAction":[{"@type":"ReadAction","target":["https:\/\/www.decolor.com\/en\/2025\/10\/23\/fabrica-de-pinturas-ecologicas-como-decolor-lidera-el-cambio-hacia-un-futuro-mas-sostenible\/"]}]},{"@type":"ImageObject","inLanguage":"de","@id":"https:\/\/www.decolor.com\/en\/2025\/10\/23\/fabrica-de-pinturas-ecologicas-como-decolor-lidera-el-cambio-hacia-un-futuro-mas-sostenible\/#primaryimage","url":"https:\/\/www.decolor.com\/wp-content\/uploads\/2025\/09\/portada_blog-2.jpg","contentUrl":"https:\/\/www.decolor.com\/wp-content\/uploads\/2025\/09\/portada_blog-2.jpg","width":1920,"height":1080,"caption":"F\u00e1brica de pinturas ecol\u00f3gicas: c\u00f3mo DECOLOR lidera el cambio hacia un futuro m\u00e1s sostenible"},{"@type":"BreadcrumbList","@id":"https:\/\/www.decolor.com\/en\/2025\/10\/23\/fabrica-de-pinturas-ecologicas-como-decolor-lidera-el-cambio-hacia-un-futuro-mas-sostenible\/#breadcrumb","itemListElement":[{"@type":"ListItem","position":1,"name":"Home","item":"https:\/\/www.decolor.com\/"},{"@type":"ListItem","position":2,"name":"F\u00e1brica de pinturas ecol\u00f3gicas: c\u00f3mo DECOLOR lidera el cambio hacia un futuro m\u00e1s sostenible"}]},{"@type":"WebSite","@id":"https:\/\/www.decolor.com\/it\/#website","url":"https:\/\/www.decolor.com\/it\/","name":"Farbe","description":"Web-Entf\u00e4rbung","publisher":{"@id":"https:\/\/www.decolor.com\/it\/#organization"},"potentialAction":[{"@type":"SearchAction","target":{"@type":"EntryPoint","urlTemplate":"https:\/\/www.decolor.com\/it\/?s={search_term_string}"},"query-input":{"@type":"PropertyValueSpecification","valueRequired":true,"valueName":"search_term_string"}}],"inLanguage":"de"},{"@type":"Organization","@id":"https:\/\/www.decolor.com\/it\/#organization","name":"Farbe","url":"https:\/\/www.decolor.com\/it\/","logo":{"@type":"ImageObject","inLanguage":"de","@id":"https:\/\/www.decolor.com\/it\/#\/schema\/logo\/image\/","url":"https:\/\/www.decolor.com\/wp-content\/uploads\/2021\/02\/marca_principal_pinturas_decolor_color.png","contentUrl":"https:\/\/www.decolor.com\/wp-content\/uploads\/2021\/02\/marca_principal_pinturas_decolor_color.png","width":1588,"height":421,"caption":"Decolor"},"image":{"@id":"https:\/\/www.decolor.com\/it\/#\/schema\/logo\/image\/"}},{"@type":"Person","@id":"https:\/\/www.decolor.com\/it\/#\/schema\/person\/ee129ba55a6e106302c09dd53688a553","name":"Sergio Serrano","image":{"@type":"ImageObject","inLanguage":"de","@id":"https:\/\/www.decolor.com\/it\/#\/schema\/person\/image\/","url":"https:\/\/secure.gravatar.com\/avatar\/420fb836392f59d23baa29c11ed43193?s=96&d=mm&r=g","contentUrl":"https:\/\/secure.gravatar.com\/avatar\/420fb836392f59d23baa29c11ed43193?s=96&d=mm&r=g","caption":"sergio.serrano"},"url":"https:\/\/www.decolor.com\/de\/author\/sergio-serrano\/"}]}},"_links":{"self":[{"href":"https:\/\/www.decolor.com\/de\/wp-json\/wp\/v2\/posts\/151336"}],"collection":[{"href":"https:\/\/www.decolor.com\/de\/wp-json\/wp\/v2\/posts"}],"about":[{"href":"https:\/\/www.decolor.com\/de\/wp-json\/wp\/v2\/types\/post"}],"author":[{"embeddable":true,"href":"https:\/\/www.decolor.com\/de\/wp-json\/wp\/v2\/users\/34"}],"replies":[{"embeddable":true,"href":"https:\/\/www.decolor.com\/de\/wp-json\/wp\/v2\/comments?post=151336"}],"version-history":[{"count":1,"href":"https:\/\/www.decolor.com\/de\/wp-json\/wp\/v2\/posts\/151336\/revisions"}],"predecessor-version":[{"id":151338,"href":"https:\/\/www.decolor.com\/de\/wp-json\/wp\/v2\/posts\/151336\/revisions\/151338"}],"wp:featuredmedia":[{"embeddable":true,"href":"https:\/\/www.decolor.com\/de\/wp-json\/wp\/v2\/media\/151337"}],"wp:attachment":[{"href":"https:\/\/www.decolor.com\/de\/wp-json\/wp\/v2\/media?parent=151336"}],"wp:term":[{"taxonomy":"category","embeddable":true,"href":"https:\/\/www.decolor.com\/de\/wp-json\/wp\/v2\/categories?post=151336"},{"taxonomy":"post_tag","embeddable":true,"href":"https:\/\/www.decolor.com\/de\/wp-json\/wp\/v2\/tags?post=151336"}],"curies":[{"name":"wp","href":"https:\/\/api.w.org\/{rel}","templated":true}]}}