{"id":151579,"date":"2026-01-26T11:10:47","date_gmt":"2026-01-26T11:10:47","guid":{"rendered":"https:\/\/www.decolor.com\/?p=151579"},"modified":"2026-01-26T11:10:49","modified_gmt":"2026-01-26T11:10:49","slug":"decolor-fabrica-de-pinturas-especializada-en-soluciones-profesionales","status":"publish","type":"post","link":"https:\/\/www.decolor.com\/de\/2026\/01\/26\/decolor-fabrica-de-pinturas-especializada-en-soluciones-profesionales\/","title":{"rendered":"DECOLOR: Farbenfabrik, spezialisiert auf professionelle L\u00f6sungen"},"content":{"rendered":"<p>In einem zunehmend wettbewerbsintensiven Sektor ist die Wahl eines <strong>Lackfabrik<\/strong> Die Sicherstellung von Qualit\u00e4t, Zuverl\u00e4ssigkeit und Lieferkontinuit\u00e4t ist f\u00fcr H\u00e4ndler, professionelle Anwender und Unternehmen im Baugewerbe von zentraler Bedeutung. In diesem Zusammenhang <strong>FARBE<\/strong> Es festigt seine Position als eines der <strong>F\u00fchrende Malerbetriebe in Spanien<\/strong>Die Verbindung von Erfahrung, Innovation und einem festen Bekenntnis zu Qualit\u00e4t und Nachhaltigkeit.<\/p>\n\n\n\n<p>Mit umfassender Erfahrung in der <strong>Farbenherstellung<\/strong>DECOLOR bietet L\u00f6sungen, die auf die realen Bed\u00fcrfnisse des professionellen Marktes zugeschnitten sind und sowohl H\u00e4ndlern als auch Unternehmen, die einen soliden, stabilen und reaktionsschnellen Lieferanten suchen, einen Mehrwert bieten.<\/p>\n\n\n\n<hr class=\"wp-block-separator has-alpha-channel-opacity\"\/>\n\n\n\n<figure class=\"wp-block-image size-large\"><a href=\"https:\/\/www.decolor.com\/de\/contacto\/\"><img fetchpriority=\"high\" decoding=\"async\" width=\"1024\" height=\"432\" src=\"https:\/\/www.decolor.com\/wp-content\/uploads\/2025\/03\/Banner-Web-Pinturas-Decolor-castellano-1024x432.webp\" alt=\"\" class=\"wp-image-150352\" srcset=\"https:\/\/www.decolor.com\/wp-content\/uploads\/2025\/03\/Banner-Web-Pinturas-Decolor-castellano-1024x432.webp 1024w, https:\/\/www.decolor.com\/wp-content\/uploads\/2025\/03\/Banner-Web-Pinturas-Decolor-castellano-300x127.webp 300w, https:\/\/www.decolor.com\/wp-content\/uploads\/2025\/03\/Banner-Web-Pinturas-Decolor-castellano-768x324.webp 768w, https:\/\/www.decolor.com\/wp-content\/uploads\/2025\/03\/Banner-Web-Pinturas-Decolor-castellano-1536x648.webp 1536w, https:\/\/www.decolor.com\/wp-content\/uploads\/2025\/03\/Banner-Web-Pinturas-Decolor-castellano-2048x864.webp 2048w, https:\/\/www.decolor.com\/wp-content\/uploads\/2025\/03\/Banner-Web-Pinturas-Decolor-castellano-18x8.webp 18w, https:\/\/www.decolor.com\/wp-content\/uploads\/2025\/03\/Banner-Web-Pinturas-Decolor-castellano-1568x662.webp 1568w\" sizes=\"(max-width: 1024px) 100vw, 1024px\" \/><\/a><\/figure>\n\n\n\n<h2 class=\"wp-block-heading\"><strong>DECOLOR als Farbenfabrik: Erfahrung, Kontrolle und Zuverl\u00e4ssigkeit<\/strong><\/h2>\n\n\n\n<p>Im Gegensatz zu anderen Handelsmarken ist DECOLOR <strong>Hersteller<\/strong>Dies erm\u00f6glicht die vollst\u00e4ndige Kontrolle \u00fcber den Produktionsprozess. Von der Auswahl der Rohstoffe bis zur Endverpackung wird jede Phase strengen Qualit\u00e4tskontrollen unterzogen, um gleichbleibende, langlebige und leistungsstarke Produkte zu gew\u00e4hrleisten.<\/p>\n\n\n\n<p>Dieser Zustand <strong>Lackfabrik<\/strong> erm\u00f6glicht DEKORATION:<\/p>\n\n\n\n<ul class=\"wp-block-list\">\n<li>Um sicherzustellen, dass <strong>gleichbleibende Qualit\u00e4t in allen Chargen<\/strong><\/li>\n\n\n\n<li>Passen Sie die Rezepturen den Marktbed\u00fcrfnissen an.<\/li>\n\n\n\n<li>Bieten Sie zuverl\u00e4ssige Lieferzeiten an<\/li>\n\n\n\n<li>Behalten Sie die direkte Kontrolle \u00fcber Kosten und Prozesse<\/li>\n\n\n\n<li>Spezifische L\u00f6sungen f\u00fcr Vertriebspartner entwickeln<\/li>\n<\/ul>\n\n\n\n<p>All dies macht DECOLOR zu einem strategischen Partner f\u00fcr Unternehmen, die langfristige Stabilit\u00e4t und Vertrauen suchen.<\/p>\n\n\n\n<hr class=\"wp-block-separator has-alpha-channel-opacity\"\/>\n\n\n\n<h2 class=\"wp-block-heading\"><strong>Professionelle Lackherstellung<\/strong><\/h2>\n\n\n\n<p>Die Farbenherstellung von DECOLOR ist auf die Anforderungen des professionellen Bereichs zugeschnitten. Daher wird die Produktpalette unter Ber\u00fccksichtigung wichtiger Faktoren wie beispielsweise folgender Aspekte entwickelt:<\/p>\n\n\n\n<ul class=\"wp-block-list\">\n<li>Abdeckungsleistung<\/li>\n\n\n\n<li>Ertrag pro Quadratmeter<\/li>\n\n\n\n<li>einfache Anwendung<\/li>\n\n\n\n<li>Langlebigkeit und Widerstandsf\u00e4higkeit<\/li>\n\n\n\n<li>Homogene Oberfl\u00e4chen<\/li>\n\n\n\n<li>Normative Konformit\u00e4t<\/li>\n<\/ul>\n\n\n\n<p>Dank st\u00e4ndiger Investitionen in Forschung und Entwicklung bietet das Unternehmen Kunststofffarben, Beschichtungen, Emaille und technische L\u00f6sungen an, die den h\u00f6chsten Anspr\u00fcchen des heutigen Marktes gerecht werden.<\/p>\n\n\n\n<hr class=\"wp-block-separator has-alpha-channel-opacity\"\/>\n\n\n\n<h2 class=\"wp-block-heading\"><strong>Farbenhersteller: Warum einen Hersteller wie DECOLOR w\u00e4hlen?<\/strong><\/h2>\n\n\n\n<p>Immer mehr Farbenhersteller und -h\u00e4ndler entscheiden sich f\u00fcr die direkte Zusammenarbeit mit den Herstellern, da ihnen dies klare Wettbewerbsvorteile verschafft:<\/p>\n\n\n\n<ul class=\"wp-block-list\">\n<li><strong>Bessere Gewinnmargen<\/strong><\/li>\n\n\n\n<li><strong>Stabiles und r\u00fcckverfolgbares Produkt<\/strong><\/li>\n\n\n\n<li><strong>Direkter technischer Support<\/strong><\/li>\n\n\n\n<li><strong>Anpassungsm\u00f6glichkeiten<\/strong><\/li>\n\n\n\n<li><strong>Liefergarantie<\/strong><\/li>\n<\/ul>\n\n\n\n<p>DECOLOR geht auf diese Bed\u00fcrfnisse ein, indem es eine enge Beziehung zu seinen professionellen Kunden pflegt und sich an unterschiedliche Einkaufsvolumina und Vertriebsmodelle anpasst.<\/p>\n\n\n\n<hr class=\"wp-block-separator has-alpha-channel-opacity\"\/>\n\n\n\n<h2 class=\"wp-block-heading\"><strong>Bekenntnis zu Qualit\u00e4t und Nachhaltigkeit<\/strong><\/h2>\n\n\n\n<p>Eines der wichtigsten Alleinstellungsmerkmale von DECOLOR ist das Engagement f\u00fcr verantwortungsvolle Produktion. Das Unternehmen hat <strong>EU-Umweltzeichen-Zertifizierung<\/strong>was Folgendes garantiert:<\/p>\n\n\n\n<ul class=\"wp-block-list\">\n<li>Geringe Umweltbelastung<\/li>\n\n\n\n<li>Reduzierung fl\u00fcchtiger organischer Verbindungen (VOCs)<\/li>\n\n\n\n<li>Umweltfreundliche Verfahren<\/li>\n\n\n\n<li>Sichere Produkte f\u00fcr die Verwendung in Innenr\u00e4umen<\/li>\n<\/ul>\n\n\n\n<p>Mit dieser Verpflichtung werden nicht nur die regulatorischen Anforderungen der EU erf\u00fcllt, sondern auch die wachsende Nachfrage von Unternehmen und H\u00e4ndlern nach nachhaltigen Produkten.<\/p>\n\n\n\n<hr class=\"wp-block-separator has-alpha-channel-opacity\"\/>\n\n\n\n<h2 class=\"wp-block-heading\"><strong>Farblieferant f\u00fcr H\u00e4ndler und professionelle Projekte<\/strong><\/h2>\n\n\n\n<p>DECOLOR arbeitet aktiv mit folgenden Partnern zusammen:<\/p>\n\n\n\n<ul class=\"wp-block-list\">\n<li>Baustoffh\u00e4ndler<\/li>\n\n\n\n<li>Professionelle Lagerhallen<\/li>\n\n\n\n<li>Sanierungs- und Bauunternehmen<\/li>\n\n\n\n<li>Professionelle Anwender und Maler<\/li>\n\n\n\n<li>Industrie- und Wohnprojekte<\/li>\n<\/ul>\n\n\n\n<p>Dank seiner Produktions- und Logistikkapazit\u00e4t positioniert sich die Marke als <strong>zuverl\u00e4ssiger Farbenlieferant<\/strong>, ist darauf vorbereitet, sowohl auf lokale Projekte als auch auf gr\u00f6\u00dfere Operationen zu reagieren.<\/p>\n\n\n\n<hr class=\"wp-block-separator has-alpha-channel-opacity\"\/>\n\n\n\n<h2 class=\"wp-block-heading\"><strong>Eine wachsende Marke mit internationaler Vision<\/strong><\/h2>\n\n\n\n<p>Das Wachstum von DECOLOR in den letzten Jahren ging mit einer verst\u00e4rkten Pr\u00e4senz auf internationalen M\u00e4rkten, insbesondere in Europa, einher. Das Unternehmen baut sein Vertriebsnetz kontinuierlich aus und festigt seine Position als <strong>vertrauensw\u00fcrdiger Farbenhersteller<\/strong>Tradition, Innovation und eine Vision f\u00fcr die Zukunft vereinen.<\/p>\n\n\n\n<hr class=\"wp-block-separator has-alpha-channel-opacity\"\/>\n\n\n\n<p>Die Wahl eines Farbenherstellers ist nicht nur eine Produktentscheidung, sondern eine strategische. DECOLOR bietet H\u00e4ndlern und Unternehmen eine Kombination aus Qualit\u00e4t, Erfahrung, Innovation und Engagement, die das Unternehmen zu einem verl\u00e4sslichen Partner f\u00fcr heute und die Zukunft macht.<\/p>\n\n\n\n<p>Wenn Sie auf der Suche nach einem <strong>professioneller Farbenhersteller<\/strong>Mit Anpassungsf\u00e4higkeit, Qualit\u00e4tssicherung und einer langfristigen Vision ist DECOLOR die richtige Wahl.<\/p>","protected":false},"excerpt":{"rendered":"<p>In einem zunehmend wettbewerbsintensiven Sektor ist die Wahl eines Farbenherstellers, der Qualit\u00e4t, Zuverl\u00e4ssigkeit und Lieferkontinuit\u00e4t garantiert, f\u00fcr H\u00e4ndler, professionelle Anwender und Unternehmen der Bauindustrie von entscheidender Bedeutung. In diesem Kontext etabliert sich DECOLOR als eines der f\u00fchrenden Farbenunternehmen in Spanien und vereint Erfahrung, Innovation und \u2026 <a class=\"more-link\" href=\"https:\/\/www.decolor.com\/de\/2026\/01\/26\/decolor-fabrica-de-pinturas-especializada-en-soluciones-profesionales\/\"><span class=\"screen-reader-text\">DECOLOR: Farbenfabrik, spezialisiert auf professionelle L\u00f6sungen<\/span> weitersen<\/a><\/p>","protected":false},"author":34,"featured_media":151580,"comment_status":"open","ping_status":"open","sticky":false,"template":"","format":"standard","meta":{"_acf_changed":false,"footnotes":""},"categories":[1],"tags":[],"class_list":["post-151579","post","type-post","status-publish","format-standard","has-post-thumbnail","hentry","category-decolor","entry"],"acf":[],"yoast_head":"<!-- This site is optimized with the Yoast SEO plugin v23.4 - https:\/\/yoast.com\/wordpress\/plugins\/seo\/ -->\n<title>F\u00e1brica de pinturas especializada en soluciones profesionales<\/title>\n<meta name=\"description\" content=\"Descubre DECOLOR, f\u00e1brica de pinturas especializada en soluciones profesionales para distribuidores y empresas. Calidad, innovaci\u00f3n y fabricaci\u00f3n responsable.\" \/>\n<meta name=\"robots\" content=\"index, follow, max-snippet:-1, max-image-preview:large, max-video-preview:-1\" \/>\n<link rel=\"canonical\" href=\"https:\/\/www.decolor.com\/de\/2026\/01\/26\/decolor-fabrica-de-pinturas-especializada-en-soluciones-profesionales\/\" \/>\n<meta property=\"og:locale\" content=\"de_DE\" \/>\n<meta property=\"og:type\" content=\"article\" \/>\n<meta property=\"og:title\" content=\"F\u00e1brica de pinturas especializada en soluciones profesionales\" \/>\n<meta property=\"og:description\" content=\"Descubre DECOLOR, f\u00e1brica de pinturas especializada en soluciones profesionales para distribuidores y empresas. Calidad, innovaci\u00f3n y fabricaci\u00f3n responsable.\" \/>\n<meta property=\"og:url\" content=\"https:\/\/www.decolor.com\/de\/2026\/01\/26\/decolor-fabrica-de-pinturas-especializada-en-soluciones-profesionales\/\" \/>\n<meta property=\"og:site_name\" content=\"Decolor\" \/>\n<meta property=\"article:published_time\" content=\"2026-01-26T11:10:47+00:00\" \/>\n<meta property=\"article:modified_time\" content=\"2026-01-26T11:10:49+00:00\" \/>\n<meta property=\"og:image\" content=\"https:\/\/www.decolor.com\/wp-content\/uploads\/2026\/01\/portada_blog.jpg\" \/>\n\t<meta property=\"og:image:width\" content=\"1920\" \/>\n\t<meta property=\"og:image:height\" content=\"1080\" \/>\n\t<meta property=\"og:image:type\" content=\"image\/jpeg\" \/>\n<meta name=\"author\" content=\"sergio.serrano\" \/>\n<meta name=\"twitter:card\" content=\"summary_large_image\" \/>\n<meta name=\"twitter:label1\" content=\"Verfasst von\" \/>\n\t<meta name=\"twitter:data1\" content=\"sergio.serrano\" \/>\n\t<meta name=\"twitter:label2\" content=\"Gesch\u00e4tzte Lesezeit\" \/>\n\t<meta name=\"twitter:data2\" content=\"4\u00a0Minuten\" \/>\n<script type=\"application\/ld+json\" class=\"yoast-schema-graph\">{\"@context\":\"https:\/\/schema.org\",\"@graph\":[{\"@type\":\"Article\",\"@id\":\"https:\/\/www.decolor.com\/fr\/2026\/01\/26\/decolor-fabrica-de-pinturas-especializada-en-soluciones-profesionales\/#article\",\"isPartOf\":{\"@id\":\"https:\/\/www.decolor.com\/fr\/2026\/01\/26\/decolor-fabrica-de-pinturas-especializada-en-soluciones-profesionales\/\"},\"author\":{\"name\":\"sergio.serrano\",\"@id\":\"https:\/\/www.decolor.com\/it\/#\/schema\/person\/ee129ba55a6e106302c09dd53688a553\"},\"headline\":\"DECOLOR: f\u00e1brica de pinturas especializada en soluciones profesionales\",\"datePublished\":\"2026-01-26T11:10:47+00:00\",\"dateModified\":\"2026-01-26T11:10:49+00:00\",\"mainEntityOfPage\":{\"@id\":\"https:\/\/www.decolor.com\/fr\/2026\/01\/26\/decolor-fabrica-de-pinturas-especializada-en-soluciones-profesionales\/\"},\"wordCount\":699,\"commentCount\":0,\"publisher\":{\"@id\":\"https:\/\/www.decolor.com\/it\/#organization\"},\"image\":{\"@id\":\"https:\/\/www.decolor.com\/fr\/2026\/01\/26\/decolor-fabrica-de-pinturas-especializada-en-soluciones-profesionales\/#primaryimage\"},\"thumbnailUrl\":\"https:\/\/www.decolor.com\/wp-content\/uploads\/2026\/01\/portada_blog.jpg\",\"articleSection\":[\"Decolor\"],\"inLanguage\":\"de\",\"potentialAction\":[{\"@type\":\"CommentAction\",\"name\":\"Comment\",\"target\":[\"https:\/\/www.decolor.com\/fr\/2026\/01\/26\/decolor-fabrica-de-pinturas-especializada-en-soluciones-profesionales\/#respond\"]}]},{\"@type\":\"WebPage\",\"@id\":\"https:\/\/www.decolor.com\/fr\/2026\/01\/26\/decolor-fabrica-de-pinturas-especializada-en-soluciones-profesionales\/\",\"url\":\"https:\/\/www.decolor.com\/fr\/2026\/01\/26\/decolor-fabrica-de-pinturas-especializada-en-soluciones-profesionales\/\",\"name\":\"F\u00e1brica de pinturas especializada en soluciones profesionales\",\"isPartOf\":{\"@id\":\"https:\/\/www.decolor.com\/it\/#website\"},\"primaryImageOfPage\":{\"@id\":\"https:\/\/www.decolor.com\/fr\/2026\/01\/26\/decolor-fabrica-de-pinturas-especializada-en-soluciones-profesionales\/#primaryimage\"},\"image\":{\"@id\":\"https:\/\/www.decolor.com\/fr\/2026\/01\/26\/decolor-fabrica-de-pinturas-especializada-en-soluciones-profesionales\/#primaryimage\"},\"thumbnailUrl\":\"https:\/\/www.decolor.com\/wp-content\/uploads\/2026\/01\/portada_blog.jpg\",\"datePublished\":\"2026-01-26T11:10:47+00:00\",\"dateModified\":\"2026-01-26T11:10:49+00:00\",\"description\":\"Descubre DECOLOR, f\u00e1brica de pinturas especializada en soluciones profesionales para distribuidores y empresas. Calidad, innovaci\u00f3n y fabricaci\u00f3n responsable.\",\"breadcrumb\":{\"@id\":\"https:\/\/www.decolor.com\/fr\/2026\/01\/26\/decolor-fabrica-de-pinturas-especializada-en-soluciones-profesionales\/#breadcrumb\"},\"inLanguage\":\"de\",\"potentialAction\":[{\"@type\":\"ReadAction\",\"target\":[\"https:\/\/www.decolor.com\/fr\/2026\/01\/26\/decolor-fabrica-de-pinturas-especializada-en-soluciones-profesionales\/\"]}]},{\"@type\":\"ImageObject\",\"inLanguage\":\"de\",\"@id\":\"https:\/\/www.decolor.com\/fr\/2026\/01\/26\/decolor-fabrica-de-pinturas-especializada-en-soluciones-profesionales\/#primaryimage\",\"url\":\"https:\/\/www.decolor.com\/wp-content\/uploads\/2026\/01\/portada_blog.jpg\",\"contentUrl\":\"https:\/\/www.decolor.com\/wp-content\/uploads\/2026\/01\/portada_blog.jpg\",\"width\":1920,\"height\":1080,\"caption\":\"Descubre DECOLOR, f\u00e1brica de pinturas especializada en soluciones profesionales para distribuidores y empresas. Calidad, innovaci\u00f3n y fabricaci\u00f3n responsable.\"},{\"@type\":\"BreadcrumbList\",\"@id\":\"https:\/\/www.decolor.com\/fr\/2026\/01\/26\/decolor-fabrica-de-pinturas-especializada-en-soluciones-profesionales\/#breadcrumb\",\"itemListElement\":[{\"@type\":\"ListItem\",\"position\":1,\"name\":\"Home\",\"item\":\"https:\/\/www.decolor.com\/\"},{\"@type\":\"ListItem\",\"position\":2,\"name\":\"DECOLOR: f\u00e1brica de pinturas especializada en soluciones profesionales\"}]},{\"@type\":\"WebSite\",\"@id\":\"https:\/\/www.decolor.com\/it\/#website\",\"url\":\"https:\/\/www.decolor.com\/it\/\",\"name\":\"Decolor\",\"description\":\"Web Decolor\",\"publisher\":{\"@id\":\"https:\/\/www.decolor.com\/it\/#organization\"},\"potentialAction\":[{\"@type\":\"SearchAction\",\"target\":{\"@type\":\"EntryPoint\",\"urlTemplate\":\"https:\/\/www.decolor.com\/it\/?s={search_term_string}\"},\"query-input\":{\"@type\":\"PropertyValueSpecification\",\"valueRequired\":true,\"valueName\":\"search_term_string\"}}],\"inLanguage\":\"de\"},{\"@type\":\"Organization\",\"@id\":\"https:\/\/www.decolor.com\/it\/#organization\",\"name\":\"Decolor\",\"url\":\"https:\/\/www.decolor.com\/it\/\",\"logo\":{\"@type\":\"ImageObject\",\"inLanguage\":\"de\",\"@id\":\"https:\/\/www.decolor.com\/it\/#\/schema\/logo\/image\/\",\"url\":\"https:\/\/www.decolor.com\/wp-content\/uploads\/2021\/02\/marca_principal_pinturas_decolor_color.png\",\"contentUrl\":\"https:\/\/www.decolor.com\/wp-content\/uploads\/2021\/02\/marca_principal_pinturas_decolor_color.png\",\"width\":1588,\"height\":421,\"caption\":\"Decolor\"},\"image\":{\"@id\":\"https:\/\/www.decolor.com\/it\/#\/schema\/logo\/image\/\"}},{\"@type\":\"Person\",\"@id\":\"https:\/\/www.decolor.com\/it\/#\/schema\/person\/ee129ba55a6e106302c09dd53688a553\",\"name\":\"sergio.serrano\",\"image\":{\"@type\":\"ImageObject\",\"inLanguage\":\"de\",\"@id\":\"https:\/\/www.decolor.com\/it\/#\/schema\/person\/image\/\",\"url\":\"https:\/\/secure.gravatar.com\/avatar\/420fb836392f59d23baa29c11ed43193?s=96&d=mm&r=g\",\"contentUrl\":\"https:\/\/secure.gravatar.com\/avatar\/420fb836392f59d23baa29c11ed43193?s=96&d=mm&r=g\",\"caption\":\"sergio.serrano\"},\"url\":\"https:\/\/www.decolor.com\/de\/author\/sergio-serrano\/\"}]}<\/script>\n<!-- \/ Yoast SEO plugin. -->","yoast_head_json":{"title":"F\u00e1brica de pinturas especializada en soluciones profesionales","description":"Descubre DECOLOR, f\u00e1brica de pinturas especializada en soluciones profesionales para distribuidores y empresas. Calidad, innovaci\u00f3n y fabricaci\u00f3n responsable.","robots":{"index":"index","follow":"follow","max-snippet":"max-snippet:-1","max-image-preview":"max-image-preview:large","max-video-preview":"max-video-preview:-1"},"canonical":"https:\/\/www.decolor.com\/de\/2026\/01\/26\/decolor-fabrica-de-pinturas-especializada-en-soluciones-profesionales\/","og_locale":"de_DE","og_type":"article","og_title":"F\u00e1brica de pinturas especializada en soluciones profesionales","og_description":"Descubre DECOLOR, f\u00e1brica de pinturas especializada en soluciones profesionales para distribuidores y empresas. Calidad, innovaci\u00f3n y fabricaci\u00f3n responsable.","og_url":"https:\/\/www.decolor.com\/de\/2026\/01\/26\/decolor-fabrica-de-pinturas-especializada-en-soluciones-profesionales\/","og_site_name":"Decolor","article_published_time":"2026-01-26T11:10:47+00:00","article_modified_time":"2026-01-26T11:10:49+00:00","og_image":[{"width":1920,"height":1080,"url":"https:\/\/www.decolor.com\/wp-content\/uploads\/2026\/01\/portada_blog.jpg","type":"image\/jpeg"}],"author":"sergio.serrano","twitter_card":"summary_large_image","twitter_misc":{"Verfasst von":"sergio.serrano","Gesch\u00e4tzte Lesezeit":"4\u00a0Minuten"},"schema":{"@context":"https:\/\/schema.org","@graph":[{"@type":"Article","@id":"https:\/\/www.decolor.com\/fr\/2026\/01\/26\/decolor-fabrica-de-pinturas-especializada-en-soluciones-profesionales\/#article","isPartOf":{"@id":"https:\/\/www.decolor.com\/fr\/2026\/01\/26\/decolor-fabrica-de-pinturas-especializada-en-soluciones-profesionales\/"},"author":{"name":"sergio.serrano","@id":"https:\/\/www.decolor.com\/it\/#\/schema\/person\/ee129ba55a6e106302c09dd53688a553"},"headline":"DECOLOR: f\u00e1brica de pinturas especializada en soluciones profesionales","datePublished":"2026-01-26T11:10:47+00:00","dateModified":"2026-01-26T11:10:49+00:00","mainEntityOfPage":{"@id":"https:\/\/www.decolor.com\/fr\/2026\/01\/26\/decolor-fabrica-de-pinturas-especializada-en-soluciones-profesionales\/"},"wordCount":699,"commentCount":0,"publisher":{"@id":"https:\/\/www.decolor.com\/it\/#organization"},"image":{"@id":"https:\/\/www.decolor.com\/fr\/2026\/01\/26\/decolor-fabrica-de-pinturas-especializada-en-soluciones-profesionales\/#primaryimage"},"thumbnailUrl":"https:\/\/www.decolor.com\/wp-content\/uploads\/2026\/01\/portada_blog.jpg","articleSection":["Decolor"],"inLanguage":"de","potentialAction":[{"@type":"CommentAction","name":"Comment","target":["https:\/\/www.decolor.com\/fr\/2026\/01\/26\/decolor-fabrica-de-pinturas-especializada-en-soluciones-profesionales\/#respond"]}]},{"@type":"WebPage","@id":"https:\/\/www.decolor.com\/fr\/2026\/01\/26\/decolor-fabrica-de-pinturas-especializada-en-soluciones-profesionales\/","url":"https:\/\/www.decolor.com\/fr\/2026\/01\/26\/decolor-fabrica-de-pinturas-especializada-en-soluciones-profesionales\/","name":"F\u00e1brica de pinturas especializada en soluciones profesionales","isPartOf":{"@id":"https:\/\/www.decolor.com\/it\/#website"},"primaryImageOfPage":{"@id":"https:\/\/www.decolor.com\/fr\/2026\/01\/26\/decolor-fabrica-de-pinturas-especializada-en-soluciones-profesionales\/#primaryimage"},"image":{"@id":"https:\/\/www.decolor.com\/fr\/2026\/01\/26\/decolor-fabrica-de-pinturas-especializada-en-soluciones-profesionales\/#primaryimage"},"thumbnailUrl":"https:\/\/www.decolor.com\/wp-content\/uploads\/2026\/01\/portada_blog.jpg","datePublished":"2026-01-26T11:10:47+00:00","dateModified":"2026-01-26T11:10:49+00:00","description":"Descubre DECOLOR, f\u00e1brica de pinturas especializada en soluciones profesionales para distribuidores y empresas. Calidad, innovaci\u00f3n y fabricaci\u00f3n responsable.","breadcrumb":{"@id":"https:\/\/www.decolor.com\/fr\/2026\/01\/26\/decolor-fabrica-de-pinturas-especializada-en-soluciones-profesionales\/#breadcrumb"},"inLanguage":"de","potentialAction":[{"@type":"ReadAction","target":["https:\/\/www.decolor.com\/fr\/2026\/01\/26\/decolor-fabrica-de-pinturas-especializada-en-soluciones-profesionales\/"]}]},{"@type":"ImageObject","inLanguage":"de","@id":"https:\/\/www.decolor.com\/fr\/2026\/01\/26\/decolor-fabrica-de-pinturas-especializada-en-soluciones-profesionales\/#primaryimage","url":"https:\/\/www.decolor.com\/wp-content\/uploads\/2026\/01\/portada_blog.jpg","contentUrl":"https:\/\/www.decolor.com\/wp-content\/uploads\/2026\/01\/portada_blog.jpg","width":1920,"height":1080,"caption":"Descubre DECOLOR, f\u00e1brica de pinturas especializada en soluciones profesionales para distribuidores y empresas. Calidad, innovaci\u00f3n y fabricaci\u00f3n responsable."},{"@type":"BreadcrumbList","@id":"https:\/\/www.decolor.com\/fr\/2026\/01\/26\/decolor-fabrica-de-pinturas-especializada-en-soluciones-profesionales\/#breadcrumb","itemListElement":[{"@type":"ListItem","position":1,"name":"Home","item":"https:\/\/www.decolor.com\/"},{"@type":"ListItem","position":2,"name":"DECOLOR: f\u00e1brica de pinturas especializada en soluciones profesionales"}]},{"@type":"WebSite","@id":"https:\/\/www.decolor.com\/it\/#website","url":"https:\/\/www.decolor.com\/it\/","name":"Farbe","description":"Web-Entf\u00e4rbung","publisher":{"@id":"https:\/\/www.decolor.com\/it\/#organization"},"potentialAction":[{"@type":"SearchAction","target":{"@type":"EntryPoint","urlTemplate":"https:\/\/www.decolor.com\/it\/?s={search_term_string}"},"query-input":{"@type":"PropertyValueSpecification","valueRequired":true,"valueName":"search_term_string"}}],"inLanguage":"de"},{"@type":"Organization","@id":"https:\/\/www.decolor.com\/it\/#organization","name":"Farbe","url":"https:\/\/www.decolor.com\/it\/","logo":{"@type":"ImageObject","inLanguage":"de","@id":"https:\/\/www.decolor.com\/it\/#\/schema\/logo\/image\/","url":"https:\/\/www.decolor.com\/wp-content\/uploads\/2021\/02\/marca_principal_pinturas_decolor_color.png","contentUrl":"https:\/\/www.decolor.com\/wp-content\/uploads\/2021\/02\/marca_principal_pinturas_decolor_color.png","width":1588,"height":421,"caption":"Decolor"},"image":{"@id":"https:\/\/www.decolor.com\/it\/#\/schema\/logo\/image\/"}},{"@type":"Person","@id":"https:\/\/www.decolor.com\/it\/#\/schema\/person\/ee129ba55a6e106302c09dd53688a553","name":"Sergio Serrano","image":{"@type":"ImageObject","inLanguage":"de","@id":"https:\/\/www.decolor.com\/it\/#\/schema\/person\/image\/","url":"https:\/\/secure.gravatar.com\/avatar\/420fb836392f59d23baa29c11ed43193?s=96&d=mm&r=g","contentUrl":"https:\/\/secure.gravatar.com\/avatar\/420fb836392f59d23baa29c11ed43193?s=96&d=mm&r=g","caption":"sergio.serrano"},"url":"https:\/\/www.decolor.com\/de\/author\/sergio-serrano\/"}]}},"_links":{"self":[{"href":"https:\/\/www.decolor.com\/de\/wp-json\/wp\/v2\/posts\/151579"}],"collection":[{"href":"https:\/\/www.decolor.com\/de\/wp-json\/wp\/v2\/posts"}],"about":[{"href":"https:\/\/www.decolor.com\/de\/wp-json\/wp\/v2\/types\/post"}],"author":[{"embeddable":true,"href":"https:\/\/www.decolor.com\/de\/wp-json\/wp\/v2\/users\/34"}],"replies":[{"embeddable":true,"href":"https:\/\/www.decolor.com\/de\/wp-json\/wp\/v2\/comments?post=151579"}],"version-history":[{"count":2,"href":"https:\/\/www.decolor.com\/de\/wp-json\/wp\/v2\/posts\/151579\/revisions"}],"predecessor-version":[{"id":151582,"href":"https:\/\/www.decolor.com\/de\/wp-json\/wp\/v2\/posts\/151579\/revisions\/151582"}],"wp:featuredmedia":[{"embeddable":true,"href":"https:\/\/www.decolor.com\/de\/wp-json\/wp\/v2\/media\/151580"}],"wp:attachment":[{"href":"https:\/\/www.decolor.com\/de\/wp-json\/wp\/v2\/media?parent=151579"}],"wp:term":[{"taxonomy":"category","embeddable":true,"href":"https:\/\/www.decolor.com\/de\/wp-json\/wp\/v2\/categories?post=151579"},{"taxonomy":"post_tag","embeddable":true,"href":"https:\/\/www.decolor.com\/de\/wp-json\/wp\/v2\/tags?post=151579"}],"curies":[{"name":"wp","href":"https:\/\/api.w.org\/{rel}","templated":true}]}}