{"id":151016,"date":"2025-07-24T10:57:32","date_gmt":"2025-07-24T10:57:32","guid":{"rendered":"https:\/\/www.decolor.com\/?p=151016"},"modified":"2025-06-25T11:11:05","modified_gmt":"2025-06-25T11:11:05","slug":"como-la-pintura-aislante-termica-para-fachada-en-verano","status":"publish","type":"post","link":"https:\/\/www.decolor.com\/en\/2025\/07\/24\/como-la-pintura-aislante-termica-para-fachada-en-verano\/","title":{"rendered":"How thermal insulation paint transforms your facade in summer and winter"},"content":{"rendered":"<p>The search for thermal comfort in the home has ceased to be a luxury and has become a necessity, especially given the extreme climate variations we experience today. One of the most effective and accessible resources for improving a home&#039;s insulation from the outside is<a href=\"https:\/\/www.decolor.com\/en\/producto\/deco-aislant\/\"> <strong>thermal insulating paint for facades<\/strong>.<\/a> This innovative solution not only protects your home from the cold and heat, but also contributes to energy efficiency and financial savings.<\/p>\n\n\n\n<h3 class=\"wp-block-heading\">What is thermal insulation paint?<\/h3>\n\n\n\n<p>Thermal insulation paint is a coating formulated with special additives (such as ceramic or reflective microspheres) that help maintain a more stable interior temperature. Unlike conventional paint, it acts as a barrier against outside heat in the summer and prevents heat loss in the winter.<\/p>\n\n\n<div class=\"wp-block-image\">\n<figure class=\"aligncenter size-full\"><a href=\"https:\/\/www.decolor.com\/en\/producto\/deco-aislant\/\"><img fetchpriority=\"high\" decoding=\"async\" width=\"270\" height=\"270\" src=\"https:\/\/www.decolor.com\/wp-content\/uploads\/2025\/06\/FACHADAS-ALTA-GAMA.jpg\" alt=\"\" class=\"wp-image-151018\" srcset=\"https:\/\/www.decolor.com\/wp-content\/uploads\/2025\/06\/FACHADAS-ALTA-GAMA.jpg 270w, https:\/\/www.decolor.com\/wp-content\/uploads\/2025\/06\/FACHADAS-ALTA-GAMA-150x150.jpg 150w, https:\/\/www.decolor.com\/wp-content\/uploads\/2025\/06\/FACHADAS-ALTA-GAMA-12x12.jpg 12w\" sizes=\"(max-width: 270px) 100vw, 270px\" \/><\/a><\/figure><\/div>\n\n\n<h3 class=\"wp-block-heading\">Benefits of applying thermal paint to your fa\u00e7ade<\/h3>\n\n\n\n<p><strong>1. Energy saving:<\/strong><br>It reduces the need for artificial air conditioning, which translates into less electricity consumption.<\/p>\n\n\n\n<p><strong>2. Improves interior comfort:<\/strong><br>Maintains a more constant temperature in the home, without sudden changes.<\/p>\n\n\n\n<p><strong>3. External protection:<\/strong><br>In addition to insulating, it protects the fa\u00e7ade from the elements, moisture, and UV rays.<\/p>\n\n\n\n<p><strong>4. Sustainability:<\/strong><br>By reducing energy use, you&#039;re also reducing your home&#039;s carbon footprint.<\/p>\n\n\n\n<p><strong>5. Reduced maintenance:<\/strong><br>Being waterproof and resistant, it prolongs the life of the fa\u00e7ade.<\/p>\n\n\n\n<h3 class=\"wp-block-heading\">In what type of buildings is it useful?<\/h3>\n\n\n\n<ul class=\"wp-block-list\">\n<li>Single-family homes.<\/li>\n\n\n\n<li>Neighborhood communities.<\/li>\n\n\n\n<li>Commercial premises.<\/li>\n\n\n\n<li>Institutional buildings.<\/li>\n\n\n\n<li>Facades of industrial buildings.<\/li>\n<\/ul>\n\n\n\n<p>In all cases, thermal paint helps to <strong>improve energy efficiency<\/strong> of the building without the need for invasive or expensive renovations.<\/p>\n\n\n\n<h3 class=\"wp-block-heading\">How is it applied?<\/h3>\n\n\n\n<ol class=\"wp-block-list\">\n<li><strong>Support preparation:<\/strong> It is important that the surface is clean, dry and free of imperfections.<\/li>\n\n\n\n<li><strong>Primer if necessary:<\/strong> On very porous substrates or with special materials, a base coat may be required.<\/li>\n\n\n\n<li><strong>Application of insulating paint:<\/strong> It is recommended to apply at least two coats, respecting the drying times between each coat.<\/li>\n\n\n\n<li><strong>Minimum maintenance:<\/strong> Generally, occasional cleaning is sufficient to maintain its effectiveness.<\/li>\n<\/ol>\n\n\n\n<h3 class=\"wp-block-heading\">Why do it in summer?<\/h3>\n\n\n\n<p>Summer is a strategic time to apply this type of paint. Not only because of the favorable weather conditions, but also because the thermal benefits are immediately noticeable: less heat inside the home, less use of the air conditioning, and greater comfort from the first day.<\/p>\n\n\n\n<h3 class=\"wp-block-heading\">What product do we recommend?<\/h3>\n\n\n\n<p>At Decolor, we suggest you explore the products of the <a><strong>Facade Paints category<\/strong><\/a>, where you will find specific solutions with <strong>insulating, waterproof and breathable properties<\/strong>Some products include additives that improve the thermal resistance of the treated surface, ideal for areas with extreme temperatures.<\/p>\n\n\n\n<p><strong>\ud83d\udc49 <\/strong><a href=\"https:\/\/www.decolor.com\/en\/pintura-fachadas\/\">Discover the facade paintings <\/a><a>from Decolor<\/a> and protect your home all year round with insulation technology that makes a difference.<\/p>","protected":false},"excerpt":{"rendered":"<p>The pursuit of thermal comfort in the home has ceased to be a luxury and has become a necessity, especially given the extreme climate variations we experience today. One of the most effective and accessible resources for improving a home&#039;s insulation from the outside is thermal insulation paint for facades. This solution\u2026 <a class=\"more-link\" href=\"https:\/\/www.decolor.com\/en\/2025\/07\/24\/como-la-pintura-aislante-termica-para-fachada-en-verano\/\">Continue reading <span class=\"screen-reader-text\">How thermal insulation paint transforms your facade in summer and winter<\/span><\/a><\/p>","protected":false},"author":34,"featured_media":151017,"comment_status":"open","ping_status":"open","sticky":false,"template":"","format":"standard","meta":{"_acf_changed":false,"footnotes":""},"categories":[1],"tags":[],"class_list":["post-151016","post","type-post","status-publish","format-standard","has-post-thumbnail","hentry","category-decolor","entry"],"acf":[],"yoast_head":"<!-- This site is optimized with the Yoast SEO plugin v23.4 - https:\/\/yoast.com\/wordpress\/plugins\/seo\/ -->\n<title>C\u00f3mo la pintura aislante t\u00e9rmica para fachada en verano<\/title>\n<meta name=\"description\" content=\"\u00bfSab\u00edas que la pintura aislante t\u00e9rmica para fachadas puede reducir tu factura de luz y mejorar el confort en casa? Te contamos c\u00f3mo\" \/>\n<meta name=\"robots\" content=\"index, follow, max-snippet:-1, max-image-preview:large, max-video-preview:-1\" \/>\n<link rel=\"canonical\" href=\"https:\/\/www.decolor.com\/en\/2025\/07\/24\/como-la-pintura-aislante-termica-para-fachada-en-verano\/\" \/>\n<meta property=\"og:locale\" content=\"en_GB\" \/>\n<meta property=\"og:type\" content=\"article\" \/>\n<meta property=\"og:title\" content=\"C\u00f3mo la pintura aislante t\u00e9rmica para fachada en verano\" \/>\n<meta property=\"og:description\" content=\"\u00bfSab\u00edas que la pintura aislante t\u00e9rmica para fachadas puede reducir tu factura de luz y mejorar el confort en casa? Te contamos c\u00f3mo\" \/>\n<meta property=\"og:url\" content=\"https:\/\/www.decolor.com\/en\/2025\/07\/24\/como-la-pintura-aislante-termica-para-fachada-en-verano\/\" \/>\n<meta property=\"og:site_name\" content=\"Decolor\" \/>\n<meta property=\"article:published_time\" content=\"2025-07-24T10:57:32+00:00\" \/>\n<meta property=\"article:modified_time\" content=\"2025-06-25T11:11:05+00:00\" \/>\n<meta property=\"og:image\" content=\"https:\/\/www.decolor.com\/wp-content\/uploads\/2025\/06\/portada-blog-3-1.jpg\" \/>\n\t<meta property=\"og:image:width\" content=\"1920\" \/>\n\t<meta property=\"og:image:height\" content=\"1080\" \/>\n\t<meta property=\"og:image:type\" content=\"image\/jpeg\" \/>\n<meta name=\"author\" content=\"sergio.serrano\" \/>\n<meta name=\"twitter:card\" content=\"summary_large_image\" \/>\n<meta name=\"twitter:label1\" content=\"Written by\" \/>\n\t<meta name=\"twitter:data1\" content=\"sergio.serrano\" \/>\n\t<meta name=\"twitter:label2\" content=\"Estimated reading time\" \/>\n\t<meta name=\"twitter:data2\" content=\"3 minutes\" \/>\n<script type=\"application\/ld+json\" class=\"yoast-schema-graph\">{\"@context\":\"https:\/\/schema.org\",\"@graph\":[{\"@type\":\"Article\",\"@id\":\"https:\/\/www.decolor.com\/en\/2025\/07\/24\/como-la-pintura-aislante-termica-para-fachada-en-verano\/#article\",\"isPartOf\":{\"@id\":\"https:\/\/www.decolor.com\/en\/2025\/07\/24\/como-la-pintura-aislante-termica-para-fachada-en-verano\/\"},\"author\":{\"name\":\"sergio.serrano\",\"@id\":\"https:\/\/www.decolor.com\/it\/#\/schema\/person\/ee129ba55a6e106302c09dd53688a553\"},\"headline\":\"C\u00f3mo la pintura aislante t\u00e9rmica transforma tu fachada en verano e invierno\",\"datePublished\":\"2025-07-24T10:57:32+00:00\",\"dateModified\":\"2025-06-25T11:11:05+00:00\",\"mainEntityOfPage\":{\"@id\":\"https:\/\/www.decolor.com\/en\/2025\/07\/24\/como-la-pintura-aislante-termica-para-fachada-en-verano\/\"},\"wordCount\":509,\"commentCount\":0,\"publisher\":{\"@id\":\"https:\/\/www.decolor.com\/it\/#organization\"},\"image\":{\"@id\":\"https:\/\/www.decolor.com\/en\/2025\/07\/24\/como-la-pintura-aislante-termica-para-fachada-en-verano\/#primaryimage\"},\"thumbnailUrl\":\"https:\/\/www.decolor.com\/wp-content\/uploads\/2025\/06\/portada-blog-3-1.jpg\",\"articleSection\":[\"Decolor\"],\"inLanguage\":\"en-GB\",\"potentialAction\":[{\"@type\":\"CommentAction\",\"name\":\"Comment\",\"target\":[\"https:\/\/www.decolor.com\/en\/2025\/07\/24\/como-la-pintura-aislante-termica-para-fachada-en-verano\/#respond\"]}]},{\"@type\":\"WebPage\",\"@id\":\"https:\/\/www.decolor.com\/en\/2025\/07\/24\/como-la-pintura-aislante-termica-para-fachada-en-verano\/\",\"url\":\"https:\/\/www.decolor.com\/en\/2025\/07\/24\/como-la-pintura-aislante-termica-para-fachada-en-verano\/\",\"name\":\"C\u00f3mo la pintura aislante t\u00e9rmica para fachada en verano\",\"isPartOf\":{\"@id\":\"https:\/\/www.decolor.com\/it\/#website\"},\"primaryImageOfPage\":{\"@id\":\"https:\/\/www.decolor.com\/en\/2025\/07\/24\/como-la-pintura-aislante-termica-para-fachada-en-verano\/#primaryimage\"},\"image\":{\"@id\":\"https:\/\/www.decolor.com\/en\/2025\/07\/24\/como-la-pintura-aislante-termica-para-fachada-en-verano\/#primaryimage\"},\"thumbnailUrl\":\"https:\/\/www.decolor.com\/wp-content\/uploads\/2025\/06\/portada-blog-3-1.jpg\",\"datePublished\":\"2025-07-24T10:57:32+00:00\",\"dateModified\":\"2025-06-25T11:11:05+00:00\",\"description\":\"\u00bfSab\u00edas que la pintura aislante t\u00e9rmica para fachadas puede reducir tu factura de luz y mejorar el confort en casa? Te contamos c\u00f3mo\",\"breadcrumb\":{\"@id\":\"https:\/\/www.decolor.com\/en\/2025\/07\/24\/como-la-pintura-aislante-termica-para-fachada-en-verano\/#breadcrumb\"},\"inLanguage\":\"en-GB\",\"potentialAction\":[{\"@type\":\"ReadAction\",\"target\":[\"https:\/\/www.decolor.com\/en\/2025\/07\/24\/como-la-pintura-aislante-termica-para-fachada-en-verano\/\"]}]},{\"@type\":\"ImageObject\",\"inLanguage\":\"en-GB\",\"@id\":\"https:\/\/www.decolor.com\/en\/2025\/07\/24\/como-la-pintura-aislante-termica-para-fachada-en-verano\/#primaryimage\",\"url\":\"https:\/\/www.decolor.com\/wp-content\/uploads\/2025\/06\/portada-blog-3-1.jpg\",\"contentUrl\":\"https:\/\/www.decolor.com\/wp-content\/uploads\/2025\/06\/portada-blog-3-1.jpg\",\"width\":1920,\"height\":1080,\"caption\":\"C\u00f3mo la pintura aislante t\u00e9rmica transforma tu fachada en verano e invierno\"},{\"@type\":\"BreadcrumbList\",\"@id\":\"https:\/\/www.decolor.com\/en\/2025\/07\/24\/como-la-pintura-aislante-termica-para-fachada-en-verano\/#breadcrumb\",\"itemListElement\":[{\"@type\":\"ListItem\",\"position\":1,\"name\":\"Home\",\"item\":\"https:\/\/www.decolor.com\/\"},{\"@type\":\"ListItem\",\"position\":2,\"name\":\"C\u00f3mo la pintura aislante t\u00e9rmica transforma tu fachada en verano e invierno\"}]},{\"@type\":\"WebSite\",\"@id\":\"https:\/\/www.decolor.com\/it\/#website\",\"url\":\"https:\/\/www.decolor.com\/it\/\",\"name\":\"Decolor\",\"description\":\"Web Decolor\",\"publisher\":{\"@id\":\"https:\/\/www.decolor.com\/it\/#organization\"},\"potentialAction\":[{\"@type\":\"SearchAction\",\"target\":{\"@type\":\"EntryPoint\",\"urlTemplate\":\"https:\/\/www.decolor.com\/it\/?s={search_term_string}\"},\"query-input\":{\"@type\":\"PropertyValueSpecification\",\"valueRequired\":true,\"valueName\":\"search_term_string\"}}],\"inLanguage\":\"en-GB\"},{\"@type\":\"Organization\",\"@id\":\"https:\/\/www.decolor.com\/it\/#organization\",\"name\":\"Decolor\",\"url\":\"https:\/\/www.decolor.com\/it\/\",\"logo\":{\"@type\":\"ImageObject\",\"inLanguage\":\"en-GB\",\"@id\":\"https:\/\/www.decolor.com\/it\/#\/schema\/logo\/image\/\",\"url\":\"https:\/\/www.decolor.com\/wp-content\/uploads\/2021\/02\/marca_principal_pinturas_decolor_color.png\",\"contentUrl\":\"https:\/\/www.decolor.com\/wp-content\/uploads\/2021\/02\/marca_principal_pinturas_decolor_color.png\",\"width\":1588,\"height\":421,\"caption\":\"Decolor\"},\"image\":{\"@id\":\"https:\/\/www.decolor.com\/it\/#\/schema\/logo\/image\/\"}},{\"@type\":\"Person\",\"@id\":\"https:\/\/www.decolor.com\/it\/#\/schema\/person\/ee129ba55a6e106302c09dd53688a553\",\"name\":\"sergio.serrano\",\"image\":{\"@type\":\"ImageObject\",\"inLanguage\":\"en-GB\",\"@id\":\"https:\/\/www.decolor.com\/it\/#\/schema\/person\/image\/\",\"url\":\"https:\/\/secure.gravatar.com\/avatar\/420fb836392f59d23baa29c11ed43193?s=96&d=mm&r=g\",\"contentUrl\":\"https:\/\/secure.gravatar.com\/avatar\/420fb836392f59d23baa29c11ed43193?s=96&d=mm&r=g\",\"caption\":\"sergio.serrano\"},\"url\":\"https:\/\/www.decolor.com\/en\/author\/sergio-serrano\/\"}]}<\/script>\n<!-- \/ Yoast SEO plugin. -->","yoast_head_json":{"title":"C\u00f3mo la pintura aislante t\u00e9rmica para fachada en verano","description":"\u00bfSab\u00edas que la pintura aislante t\u00e9rmica para fachadas puede reducir tu factura de luz y mejorar el confort en casa? Te contamos c\u00f3mo","robots":{"index":"index","follow":"follow","max-snippet":"max-snippet:-1","max-image-preview":"max-image-preview:large","max-video-preview":"max-video-preview:-1"},"canonical":"https:\/\/www.decolor.com\/en\/2025\/07\/24\/como-la-pintura-aislante-termica-para-fachada-en-verano\/","og_locale":"en_GB","og_type":"article","og_title":"C\u00f3mo la pintura aislante t\u00e9rmica para fachada en verano","og_description":"\u00bfSab\u00edas que la pintura aislante t\u00e9rmica para fachadas puede reducir tu factura de luz y mejorar el confort en casa? Te contamos c\u00f3mo","og_url":"https:\/\/www.decolor.com\/en\/2025\/07\/24\/como-la-pintura-aislante-termica-para-fachada-en-verano\/","og_site_name":"Decolor","article_published_time":"2025-07-24T10:57:32+00:00","article_modified_time":"2025-06-25T11:11:05+00:00","og_image":[{"width":1920,"height":1080,"url":"https:\/\/www.decolor.com\/wp-content\/uploads\/2025\/06\/portada-blog-3-1.jpg","type":"image\/jpeg"}],"author":"sergio.serrano","twitter_card":"summary_large_image","twitter_misc":{"Written by":"sergio.serrano","Estimated reading time":"3 minutes"},"schema":{"@context":"https:\/\/schema.org","@graph":[{"@type":"Article","@id":"https:\/\/www.decolor.com\/en\/2025\/07\/24\/como-la-pintura-aislante-termica-para-fachada-en-verano\/#article","isPartOf":{"@id":"https:\/\/www.decolor.com\/en\/2025\/07\/24\/como-la-pintura-aislante-termica-para-fachada-en-verano\/"},"author":{"name":"sergio.serrano","@id":"https:\/\/www.decolor.com\/it\/#\/schema\/person\/ee129ba55a6e106302c09dd53688a553"},"headline":"C\u00f3mo la pintura aislante t\u00e9rmica transforma tu fachada en verano e invierno","datePublished":"2025-07-24T10:57:32+00:00","dateModified":"2025-06-25T11:11:05+00:00","mainEntityOfPage":{"@id":"https:\/\/www.decolor.com\/en\/2025\/07\/24\/como-la-pintura-aislante-termica-para-fachada-en-verano\/"},"wordCount":509,"commentCount":0,"publisher":{"@id":"https:\/\/www.decolor.com\/it\/#organization"},"image":{"@id":"https:\/\/www.decolor.com\/en\/2025\/07\/24\/como-la-pintura-aislante-termica-para-fachada-en-verano\/#primaryimage"},"thumbnailUrl":"https:\/\/www.decolor.com\/wp-content\/uploads\/2025\/06\/portada-blog-3-1.jpg","articleSection":["Decolor"],"inLanguage":"en-GB","potentialAction":[{"@type":"CommentAction","name":"Comment","target":["https:\/\/www.decolor.com\/en\/2025\/07\/24\/como-la-pintura-aislante-termica-para-fachada-en-verano\/#respond"]}]},{"@type":"WebPage","@id":"https:\/\/www.decolor.com\/en\/2025\/07\/24\/como-la-pintura-aislante-termica-para-fachada-en-verano\/","url":"https:\/\/www.decolor.com\/en\/2025\/07\/24\/como-la-pintura-aislante-termica-para-fachada-en-verano\/","name":"C\u00f3mo la pintura aislante t\u00e9rmica para fachada en verano","isPartOf":{"@id":"https:\/\/www.decolor.com\/it\/#website"},"primaryImageOfPage":{"@id":"https:\/\/www.decolor.com\/en\/2025\/07\/24\/como-la-pintura-aislante-termica-para-fachada-en-verano\/#primaryimage"},"image":{"@id":"https:\/\/www.decolor.com\/en\/2025\/07\/24\/como-la-pintura-aislante-termica-para-fachada-en-verano\/#primaryimage"},"thumbnailUrl":"https:\/\/www.decolor.com\/wp-content\/uploads\/2025\/06\/portada-blog-3-1.jpg","datePublished":"2025-07-24T10:57:32+00:00","dateModified":"2025-06-25T11:11:05+00:00","description":"\u00bfSab\u00edas que la pintura aislante t\u00e9rmica para fachadas puede reducir tu factura de luz y mejorar el confort en casa? Te contamos c\u00f3mo","breadcrumb":{"@id":"https:\/\/www.decolor.com\/en\/2025\/07\/24\/como-la-pintura-aislante-termica-para-fachada-en-verano\/#breadcrumb"},"inLanguage":"en-GB","potentialAction":[{"@type":"ReadAction","target":["https:\/\/www.decolor.com\/en\/2025\/07\/24\/como-la-pintura-aislante-termica-para-fachada-en-verano\/"]}]},{"@type":"ImageObject","inLanguage":"en-GB","@id":"https:\/\/www.decolor.com\/en\/2025\/07\/24\/como-la-pintura-aislante-termica-para-fachada-en-verano\/#primaryimage","url":"https:\/\/www.decolor.com\/wp-content\/uploads\/2025\/06\/portada-blog-3-1.jpg","contentUrl":"https:\/\/www.decolor.com\/wp-content\/uploads\/2025\/06\/portada-blog-3-1.jpg","width":1920,"height":1080,"caption":"C\u00f3mo la pintura aislante t\u00e9rmica transforma tu fachada en verano e invierno"},{"@type":"BreadcrumbList","@id":"https:\/\/www.decolor.com\/en\/2025\/07\/24\/como-la-pintura-aislante-termica-para-fachada-en-verano\/#breadcrumb","itemListElement":[{"@type":"ListItem","position":1,"name":"Home","item":"https:\/\/www.decolor.com\/"},{"@type":"ListItem","position":2,"name":"C\u00f3mo la pintura aislante t\u00e9rmica transforma tu fachada en verano e invierno"}]},{"@type":"WebSite","@id":"https:\/\/www.decolor.com\/it\/#website","url":"https:\/\/www.decolor.com\/it\/","name":"Decolor","description":"Web Decolor","publisher":{"@id":"https:\/\/www.decolor.com\/it\/#organization"},"potentialAction":[{"@type":"SearchAction","target":{"@type":"EntryPoint","urlTemplate":"https:\/\/www.decolor.com\/it\/?s={search_term_string}"},"query-input":{"@type":"PropertyValueSpecification","valueRequired":true,"valueName":"search_term_string"}}],"inLanguage":"en-GB"},{"@type":"Organization","@id":"https:\/\/www.decolor.com\/it\/#organization","name":"Decolor","url":"https:\/\/www.decolor.com\/it\/","logo":{"@type":"ImageObject","inLanguage":"en-GB","@id":"https:\/\/www.decolor.com\/it\/#\/schema\/logo\/image\/","url":"https:\/\/www.decolor.com\/wp-content\/uploads\/2021\/02\/marca_principal_pinturas_decolor_color.png","contentUrl":"https:\/\/www.decolor.com\/wp-content\/uploads\/2021\/02\/marca_principal_pinturas_decolor_color.png","width":1588,"height":421,"caption":"Decolor"},"image":{"@id":"https:\/\/www.decolor.com\/it\/#\/schema\/logo\/image\/"}},{"@type":"Person","@id":"https:\/\/www.decolor.com\/it\/#\/schema\/person\/ee129ba55a6e106302c09dd53688a553","name":"Sergio Serrano","image":{"@type":"ImageObject","inLanguage":"en-GB","@id":"https:\/\/www.decolor.com\/it\/#\/schema\/person\/image\/","url":"https:\/\/secure.gravatar.com\/avatar\/420fb836392f59d23baa29c11ed43193?s=96&d=mm&r=g","contentUrl":"https:\/\/secure.gravatar.com\/avatar\/420fb836392f59d23baa29c11ed43193?s=96&d=mm&r=g","caption":"sergio.serrano"},"url":"https:\/\/www.decolor.com\/en\/author\/sergio-serrano\/"}]}},"_links":{"self":[{"href":"https:\/\/www.decolor.com\/en\/wp-json\/wp\/v2\/posts\/151016"}],"collection":[{"href":"https:\/\/www.decolor.com\/en\/wp-json\/wp\/v2\/posts"}],"about":[{"href":"https:\/\/www.decolor.com\/en\/wp-json\/wp\/v2\/types\/post"}],"author":[{"embeddable":true,"href":"https:\/\/www.decolor.com\/en\/wp-json\/wp\/v2\/users\/34"}],"replies":[{"embeddable":true,"href":"https:\/\/www.decolor.com\/en\/wp-json\/wp\/v2\/comments?post=151016"}],"version-history":[{"count":1,"href":"https:\/\/www.decolor.com\/en\/wp-json\/wp\/v2\/posts\/151016\/revisions"}],"predecessor-version":[{"id":151019,"href":"https:\/\/www.decolor.com\/en\/wp-json\/wp\/v2\/posts\/151016\/revisions\/151019"}],"wp:featuredmedia":[{"embeddable":true,"href":"https:\/\/www.decolor.com\/en\/wp-json\/wp\/v2\/media\/151017"}],"wp:attachment":[{"href":"https:\/\/www.decolor.com\/en\/wp-json\/wp\/v2\/media?parent=151016"}],"wp:term":[{"taxonomy":"category","embeddable":true,"href":"https:\/\/www.decolor.com\/en\/wp-json\/wp\/v2\/categories?post=151016"},{"taxonomy":"post_tag","embeddable":true,"href":"https:\/\/www.decolor.com\/en\/wp-json\/wp\/v2\/tags?post=151016"}],"curies":[{"name":"wp","href":"https:\/\/api.w.org\/{rel}","templated":true}]}}