{"id":150400,"date":"2025-03-31T07:54:00","date_gmt":"2025-03-31T07:54:00","guid":{"rendered":"https:\/\/www.decolor.com\/?p=150400"},"modified":"2025-04-01T09:51:21","modified_gmt":"2025-04-01T09:51:21","slug":"revestimiento-aero-pintura-para-fachadas-con-aislante-termico-y-aspecto-mineral","status":"publish","type":"post","link":"https:\/\/www.decolor.com\/es\/2025\/03\/31\/revestimiento-aero-pintura-para-fachadas-con-aislante-termico-y-aspecto-mineral\/","title":{"rendered":"Revestimiento AERO, pintura para fachadas con aislante t\u00e9rmico y aspecto mineral"},"content":{"rendered":"\n<h2 class=\"wp-block-heading has-small-font-size\">En un contexto donde la sostenibilidad y la eficiencia energ\u00e9tica son cada vez m\u00e1s relevantes, contar con revestimiento para fachadas que contribuya a la reducci\u00f3n del consumo energ\u00e9tico y a la protecci\u00f3n de la edificaci\u00f3n a largo plazo es una ventaja clave con la que cuenta el <a href=\"https:\/\/www.decolor.com\/es\/producto\/revestimiento-aero\/\" target=\"_blank\" rel=\"noreferrer noopener\">Revestimiento AERO<\/a> de Pinturas DECOLOR, una soluci\u00f3n innovadora de pintura de fachadas que combina aislamiento, resistencia y est\u00e9tica en un solo producto.<\/h2>\n\n\n\n<div style=\"height:20px\" aria-hidden=\"true\" class=\"wp-block-spacer\"><\/div>\n\n\n\n<p>Cuando las temperaturas se disparan en verano, la radiaci\u00f3n solar impacta directamente sobre las fachadas generando acumulaci\u00f3n de calor, lo que aumenta el consumo energ\u00e9tico de los edificios al depender del aire acondicionado para poder mantener los espacios interiores frescos. Para ayudar a combatir el calor de manera eficiente y el reto constante del ahorro energ\u00e9tico, es fundamental elegir un revestimiento adecuado que ofrezca aislamiento t\u00e9rmico y una protecci\u00f3n duradera como la que ofrece el Revestimiento AERO.<\/p>\n\n\n\n<div style=\"height:20px\" aria-hidden=\"true\" class=\"wp-block-spacer\"><\/div>\n\n\n\n<div class=\"wp-block-media-text has-media-on-the-right is-stacked-on-mobile\" style=\"grid-template-columns:auto 38%\"><div class=\"wp-block-media-text__content\">\n<h2 class=\"wp-block-heading has-large-font-size\">\u00bfQu\u00e9 es el <a href=\"https:\/\/www.decolor.com\/es\/producto\/revestimiento-aero\/\" target=\"_blank\" rel=\"noreferrer noopener\">Revestimiento AERO<\/a>?<\/h2>\n\n\n\n<div style=\"height:22px\" aria-hidden=\"true\" class=\"wp-block-spacer\"><\/div>\n\n\n\n<p><strong>Revestimiento AERO de <a href=\"https:\/\/www.decolor.com\/es\/\" target=\"_blank\" rel=\"noreferrer noopener\">Pinturas DECOLOR <\/a>es un revestimiento de fachadas semi espeso de aspecto mineral, que puede aplicarse en capas finas o gruesas, adapt\u00e1ndose a distintas necesidades arquitect\u00f3nicas y t\u00e9cnicas de las fachadas, ayudando a su aislamiento t\u00e9rmico.<\/strong><\/p>\n<\/div><figure class=\"wp-block-media-text__media\"><a href=\"https:\/\/www.decolor.com\/es\/producto\/revestimiento-aero\/\"><img fetchpriority=\"high\" decoding=\"async\" width=\"270\" height=\"270\" src=\"https:\/\/www.decolor.com\/wp-content\/uploads\/2023\/01\/AERO.jpg\" alt=\"\" class=\"wp-image-140703 size-full\" srcset=\"https:\/\/www.decolor.com\/wp-content\/uploads\/2023\/01\/AERO.jpg 270w, https:\/\/www.decolor.com\/wp-content\/uploads\/2023\/01\/AERO-150x150.jpg 150w, https:\/\/www.decolor.com\/wp-content\/uploads\/2023\/01\/AERO-12x12.jpg 12w\" sizes=\"(max-width: 270px) 100vw, 270px\" \/><\/a><\/figure><\/div>\n\n\n\n<div style=\"height:20px\" aria-hidden=\"true\" class=\"wp-block-spacer\"><\/div>\n\n\n\n<p>Formulado con una combinaci\u00f3n de resinas acr\u00edlicas y polisiloxanos, que le confieren propiedades que mejoran el rendimiento t\u00e9rmico de los edificios, a la vez que proporciona una protecci\u00f3n integral contra agentes clim\u00e1ticos y biol\u00f3gicos, asegurando una fachada m\u00e1s protegida, est\u00e9tica y de f\u00e1cil mantenimiento.<\/p>\n\n\n\n<div style=\"height:20px\" aria-hidden=\"true\" class=\"wp-block-spacer\"><\/div>\n\n\n\n<p>Pero, el revestimiento AERO no solo ofrece ventajas t\u00e9cnicas y est\u00e9ticas para las fachadas, sino que tambi\u00e9n representa una gran oportunidad para los profesionales del sector, tanto aplicadores como distribuidores de pintura.<\/p>\n\n\n\n<div style=\"height:20px\" aria-hidden=\"true\" class=\"wp-block-spacer\"><\/div>\n\n\n\n<p><strong>Para los aplicadores profesionales, el revestimiento AERO les facilita el trabajo <\/strong>gracias a su ligereza, facilidad de aplicaci\u00f3n en capa fina o gruesa y excelente adherencia a m\u00faltiples sustratos. Su capacidad de adaptaci\u00f3n a diferentes tipos de proyectos, desde obra nueva hasta rehabilitaci\u00f3n, permite ofrecer soluciones de alta calidad y durabilidad a los clientes, minimizando problemas futuros como fisuras, humedad o deterioro prematuro.<\/p>\n\n\n\n<div style=\"height:20px\" aria-hidden=\"true\" class=\"wp-block-spacer\"><\/div>\n\n\n\n<p>Por otro lado, <strong>para los distribuidores y almacenes de pintura, el revestimiento AERO es un producto diferencial que responde a las demandas actuales del mercado<\/strong>: eficiencia energ\u00e9tica, protecci\u00f3n duradera y facilidad de mantenimiento. Su formulaci\u00f3n lo posiciona como una opci\u00f3n de alto valor para clientes que buscan productos diferentes para fachadas. Adem\u00e1s, su garant\u00eda de 10 a\u00f1os refuerza la confianza en su calidad y rendimiento, convirti\u00e9ndolo en una apuesta segura para el cat\u00e1logo de productos y soluciones de pintura que ofrecen a sus clientes.<\/p>\n\n\n\n<div style=\"height:40px\" aria-hidden=\"true\" class=\"wp-block-spacer\"><\/div>\n\n\n\n<h2 class=\"wp-block-heading has-large-font-size\">Beneficios del <a href=\"https:\/\/www.decolor.com\/es\/producto\/revestimiento-aero\/\" target=\"_blank\" rel=\"noreferrer noopener\">revestimiento AERO<\/a> en las fachadas<\/h2>\n\n\n\n<div style=\"height:30px\" aria-hidden=\"true\" class=\"wp-block-spacer\"><\/div>\n\n\n\n<h3 class=\"wp-block-heading has-normal-font-size\"><strong>1. Aislamiento t\u00e9rmico eficaz<\/strong><\/h3>\n\n\n\n<p>El alto poder de reflexi\u00f3n del revestimiento AERO, minimiza la absorci\u00f3n del calor solar, reduciendo la transferencia t\u00e9rmica hacia el interior del edificio, lo que ayuda a que los espacios se mantienen m\u00e1s frescos en verano, disminuyendo la necesidad de climatizaci\u00f3n artificial y, en consecuencia, reduciendo el consumo energ\u00e9tico.<\/p>\n\n\n\n<div style=\"height:20px\" aria-hidden=\"true\" class=\"wp-block-spacer\"><\/div>\n\n\n\n<h3 class=\"wp-block-heading has-normal-font-size\"><strong>2. Excelente hidrofobicidad<\/strong><\/h3>\n\n\n\n<p>Una de las caracter\u00edsticas destacadas de la pintura de fachadas AERO es su elevada hidrofobicidad, que repele eficazmente el agua de lluvia y evita la absorci\u00f3n de humedad en las fachadas, protegiendo las estructuras de filtraciones y evitando da\u00f1os como eflorescencias o desprendimientos del recubrimiento.<\/p>\n\n\n\n<div style=\"height:20px\" aria-hidden=\"true\" class=\"wp-block-spacer\"><\/div>\n\n\n\n<h3 class=\"wp-block-heading has-normal-font-size\"><strong>3. Resistencia a la intemperie y a la luz solar<\/strong><\/h3>\n\n\n\n<p>El revestimiento est\u00e1 dise\u00f1ado para soportar condiciones clim\u00e1ticas extremas, desde la exposici\u00f3n prolongada a la radiaci\u00f3n UV hasta cambios bruscos de temperatura. Su estabilidad frente a los rayos solares evita la decoloraci\u00f3n prematura y garantiza una larga vida \u00fatil sin p\u00e9rdida de propiedades mec\u00e1nicas ni est\u00e9ticas.<\/p>\n\n\n\n<div style=\"height:20px\" aria-hidden=\"true\" class=\"wp-block-spacer\"><\/div>\n\n\n\n<h3 class=\"wp-block-heading has-normal-font-size\"><strong>4. Pintura con protecci\u00f3n contra hongos y algas<\/strong><\/h3>\n\n\n\n<p>Las fachadas expuestas a la humedad suelen desarrollar problemas de moho, algas y otros microorganismos que deterioran la superficie y afectan la est\u00e9tica del edificio. El revestimiento AERO incorpora agentes fungicidas y algicidas que evitan eficazmente la aparici\u00f3n de estos problemas, manteniendo la fachada limpia y en \u00f3ptimas condiciones durante m\u00e1s tiempo.<\/p>\n\n\n\n<div style=\"height:20px\" aria-hidden=\"true\" class=\"wp-block-spacer\"><\/div>\n\n\n\n<h3 class=\"wp-block-heading has-normal-font-size\"><strong>5. Buena flexibilidad y capacidad de enmascarar microfisuras<\/strong><\/h3>\n\n\n\n<p>A diferencia de otros revestimientos r\u00edgidos, el revestimiento AERO ofrece una excelente flexibilidad, lo que le permite adaptarse a los movimientos estructurales de las fachadas, evitando las tensiones y las fisuras lo que es clave para prevenir la formaci\u00f3n de grietas y mejorar la durabilidad de la superficie aplicada.<\/p>\n\n\n\n<div style=\"height:20px\" aria-hidden=\"true\" class=\"wp-block-spacer\"><\/div>\n\n\n\n<h3 class=\"wp-block-heading has-normal-font-size\"><strong>6. Aplicaci\u00f3n en capa fina o gruesa seg\u00fan la necesidad de la fachada<\/strong><\/h3>\n\n\n\n<p>Otro de los grandes beneficios de revestimiento AERO es su versatilidad en la aplicaci\u00f3n, al poderse aplicar tanto en capa fina como en capa de revestimiento grueso para enmascarar micro fisuras del soporte o igualar imperfecciones de la superficie o restauraci\u00f3n de los morteros monocapa en fachadas.<\/p>\n\n\n\n<p>En ambos casos, tanto en capa fina como gruesa, proporcionad a la fachada durabilidad y resistencia, permitiendo adaptarse a las necesidades espec\u00edficas de cada fachada, ya sea para proyectos de nueva construcci\u00f3n o rehabilitaci\u00f3n de superficies existentes.<\/p>\n\n\n\n<div style=\"height:20px\" aria-hidden=\"true\" class=\"wp-block-spacer\"><\/div>\n\n\n\n<h3 class=\"wp-block-heading has-normal-font-size\"><strong>7. Producto ligero y f\u00e1cil de aplicar<\/strong><\/h3>\n\n\n\n<p>Al tratarse de un producto ligero, facilita su manipulaci\u00f3n y aplicaci\u00f3n en obra, reduciendo tiempos de trabajo y optimizando los recursos en proyectos de construcci\u00f3n y rehabilitaci\u00f3n. La versatilidad en su aplicaci\u00f3n lo hace apto tanto para nuevas edificaciones como para restauraciones de fachadas antiguas.<\/p>\n\n\n\n<div style=\"height:20px\" aria-hidden=\"true\" class=\"wp-block-spacer\"><\/div>\n\n\n\n<h3 class=\"wp-block-heading has-normal-font-size\"><strong>8. Garant\u00eda de 10 a\u00f1os<\/strong><\/h3>\n\n\n\n<p>Para asegurar la tranquilidad de los profesionales y propietarios, Revestimiento AERO cuenta con una garant\u00eda de 10 a\u00f1os, respaldando su calidad y durabilidad. Esta garant\u00eda es un testimonio de la confianza en su rendimiento a largo plazo que facilita Pinturas DECOLOR, convirti\u00e9ndolo en una soluci\u00f3n certificada y de confianza.<\/p>\n\n\n\n<div style=\"height:20px\" aria-hidden=\"true\" class=\"wp-block-spacer\"><\/div>\n\n\n\n<h2 class=\"wp-block-heading has-large-font-size\"><strong>\u00bfPor qu\u00e9 elegir Revestimiento AERO para pintar la fachada?<\/strong><\/h2>\n\n\n\n<div style=\"height:20px\" aria-hidden=\"true\" class=\"wp-block-spacer\"><\/div>\n\n\n\n<p>La combinaci\u00f3n de aislamiento t\u00e9rmico, hidrofobicidad, resistencia clim\u00e1tica, flexibilidad y facilidad de aplicaci\u00f3n convierten al <strong><a href=\"https:\/\/www.decolor.com\/es\/producto\/revestimiento-aero\/\" target=\"_blank\" rel=\"noreferrer noopener\">revestimiento AERO<\/a> <\/strong>en una<strong> soluci\u00f3n integral para cualquier proyecto de pintado de fachadas, que une la belleza del perfecto acabado con aspecto mate mineral, con una protecci\u00f3n eficaz de la fachada y mejora la eficiencia energ\u00e9tica.<\/strong><\/p>\n\n\n\n<div style=\"height:20px\" aria-hidden=\"true\" class=\"wp-block-spacer\"><\/div>\n\n\n\n<p>Adem\u00e1s, su versatilidad en la aplicaci\u00f3n permite, tanto a aplicadores profesionales como distribuidores, que se adapte a distintos acabados y requerimientos t\u00e9cnicos, garantizando una integraci\u00f3n perfecta en cualquier entorno, ya sea para proyectos residenciales, comerciales o industriales, Revestimiento AERO ofrece un rendimiento \u00f3ptimo y una est\u00e9tica impecable para las fachadas.<\/p>\n\n\n\n<div style=\"height:20px\" aria-hidden=\"true\" class=\"wp-block-spacer\"><\/div>\n\n\n\n<p><strong>Ya sea un aplicador profesional <\/strong>en busca de un producto eficiente, de f\u00e1cil aplicaci\u00f3n y con resultados duraderos, <strong>o un distribuidor de pintura<\/strong> que desea ofrecer soluciones innovadoras para sus clientes, <strong>si necesita m\u00e1s informaci\u00f3n sobre el <a href=\"https:\/\/www.decolor.com\/es\/producto\/revestimiento-aero\/\" target=\"_blank\" rel=\"noreferrer noopener\">Revestimiento AERO,<\/a> contacte con <a href=\"https:\/\/www.decolor.com\/es\/\" target=\"_blank\" rel=\"noreferrer noopener\">Pinturas DECOLOR <\/a>y<\/strong> nuestro equipo t\u00e9cnico y\/o comercial le resolver\u00e1 cualquier duda t\u00e9cnica, de aplicaci\u00f3n o detalles sobre disponibilidad y distribuci\u00f3n.<\/p>\n\n\n\n<div style=\"height:20px\" aria-hidden=\"true\" class=\"wp-block-spacer\"><\/div>\n\n\n\n<p> <\/p>\n\n\n\n<div class=\"wp-block-buttons is-layout-flex wp-block-buttons-is-layout-flex\">\n<div class=\"wp-block-button\"><a class=\"wp-block-button__link has-white-color has-text-color has-background has-link-color wp-element-button\" href=\"https:\/\/www.decolor.com\/es\/contacto\/\" style=\"background-color:#f6b333\" target=\"_blank\" rel=\"noreferrer noopener\"><strong>CONTACTAR<\/strong> <\/a><\/div>\n<\/div>\n\n\n\n<p><\/p>\n","protected":false},"excerpt":{"rendered":"<p>En un contexto donde la sostenibilidad y la eficiencia energ\u00e9tica son cada vez m\u00e1s relevantes, contar con revestimiento para fachadas que contribuya a la reducci\u00f3n del consumo energ\u00e9tico y a la protecci\u00f3n de la edificaci\u00f3n a largo plazo es una ventaja clave con la que cuenta el Revestimiento AERO de Pinturas DECOLOR, una soluci\u00f3n innovadora&hellip; <a class=\"more-link\" href=\"https:\/\/www.decolor.com\/es\/2025\/03\/31\/revestimiento-aero-pintura-para-fachadas-con-aislante-termico-y-aspecto-mineral\/\">Seguir leyendo <span class=\"screen-reader-text\">Revestimiento AERO, pintura para fachadas con aislante t\u00e9rmico y aspecto mineral<\/span><\/a><\/p>\n","protected":false},"author":1,"featured_media":150402,"comment_status":"open","ping_status":"open","sticky":false,"template":"","format":"standard","meta":{"_acf_changed":false,"footnotes":""},"categories":[1],"tags":[],"class_list":["post-150400","post","type-post","status-publish","format-standard","has-post-thumbnail","hentry","category-decolor","entry"],"acf":[],"yoast_head":"<!-- This site is optimized with the Yoast SEO plugin v23.4 - https:\/\/yoast.com\/wordpress\/plugins\/seo\/ -->\n<title>Revestimiento AERO, pintura para fachadas con aislante t\u00e9rmico y aspecto mineral - Decolor<\/title>\n<meta name=\"description\" content=\"Revestimiento de aspecto mineral, que puede aplicarse como pintura de fachadas en capas finas o gruesas y que ayuda a su aislamiento t\u00e9rmico.\" \/>\n<meta name=\"robots\" content=\"index, follow, max-snippet:-1, max-image-preview:large, max-video-preview:-1\" \/>\n<link rel=\"canonical\" href=\"https:\/\/www.decolor.com\/es\/2025\/03\/31\/revestimiento-aero-pintura-para-fachadas-con-aislante-termico-y-aspecto-mineral\/\" \/>\n<meta property=\"og:locale\" content=\"es_ES\" \/>\n<meta property=\"og:type\" content=\"article\" \/>\n<meta property=\"og:title\" content=\"Revestimiento AERO, pintura para fachadas con aislante t\u00e9rmico y aspecto mineral - Decolor\" \/>\n<meta property=\"og:description\" content=\"Revestimiento de aspecto mineral, que puede aplicarse como pintura de fachadas en capas finas o gruesas y que ayuda a su aislamiento t\u00e9rmico.\" \/>\n<meta property=\"og:url\" content=\"https:\/\/www.decolor.com\/es\/2025\/03\/31\/revestimiento-aero-pintura-para-fachadas-con-aislante-termico-y-aspecto-mineral\/\" \/>\n<meta property=\"og:site_name\" content=\"Decolor\" \/>\n<meta property=\"article:published_time\" content=\"2025-03-31T07:54:00+00:00\" \/>\n<meta property=\"article:modified_time\" content=\"2025-04-01T09:51:21+00:00\" \/>\n<meta property=\"og:image\" content=\"https:\/\/www.decolor.com\/wp-content\/uploads\/2025\/04\/Revestimiento-AERO-Fachadas-Pinturas-DECOLOr-1.png\" \/>\n\t<meta property=\"og:image:width\" content=\"920\" \/>\n\t<meta property=\"og:image:height\" content=\"600\" \/>\n\t<meta property=\"og:image:type\" content=\"image\/png\" \/>\n<meta name=\"author\" content=\"admin\" \/>\n<meta name=\"twitter:card\" content=\"summary_large_image\" \/>\n<meta name=\"twitter:image\" content=\"https:\/\/www.decolor.com\/wp-content\/uploads\/2025\/04\/Revestimiento-AERO-Fachadas-Pinturas-DECOLOr-1.png\" \/>\n<meta name=\"twitter:label1\" content=\"Escrito por\" \/>\n\t<meta name=\"twitter:data1\" content=\"admin\" \/>\n\t<meta name=\"twitter:label2\" content=\"Tiempo de lectura\" \/>\n\t<meta name=\"twitter:data2\" content=\"6 minutos\" \/>\n<script type=\"application\/ld+json\" class=\"yoast-schema-graph\">{\"@context\":\"https:\/\/schema.org\",\"@graph\":[{\"@type\":\"Article\",\"@id\":\"https:\/\/www.decolor.com\/it\/2025\/03\/31\/revestimiento-aero-pintura-para-fachadas-con-aislante-termico-y-aspecto-mineral\/#article\",\"isPartOf\":{\"@id\":\"https:\/\/www.decolor.com\/it\/2025\/03\/31\/revestimiento-aero-pintura-para-fachadas-con-aislante-termico-y-aspecto-mineral\/\"},\"author\":{\"name\":\"admin\",\"@id\":\"https:\/\/www.decolor.com\/it\/#\/schema\/person\/97caf6fe02baef67513e86a4f3dc9c90\"},\"headline\":\"Revestimiento AERO, pintura para fachadas con aislante t\u00e9rmico y aspecto mineral\",\"datePublished\":\"2025-03-31T07:54:00+00:00\",\"dateModified\":\"2025-04-01T09:51:21+00:00\",\"mainEntityOfPage\":{\"@id\":\"https:\/\/www.decolor.com\/it\/2025\/03\/31\/revestimiento-aero-pintura-para-fachadas-con-aislante-termico-y-aspecto-mineral\/\"},\"wordCount\":1178,\"commentCount\":0,\"publisher\":{\"@id\":\"https:\/\/www.decolor.com\/it\/#organization\"},\"image\":{\"@id\":\"https:\/\/www.decolor.com\/it\/2025\/03\/31\/revestimiento-aero-pintura-para-fachadas-con-aislante-termico-y-aspecto-mineral\/#primaryimage\"},\"thumbnailUrl\":\"https:\/\/www.decolor.com\/wp-content\/uploads\/2025\/04\/Revestimiento-AERO-Fachadas-Pinturas-DECOLOr-1.png\",\"articleSection\":[\"Decolor\"],\"inLanguage\":\"es\",\"potentialAction\":[{\"@type\":\"CommentAction\",\"name\":\"Comment\",\"target\":[\"https:\/\/www.decolor.com\/it\/2025\/03\/31\/revestimiento-aero-pintura-para-fachadas-con-aislante-termico-y-aspecto-mineral\/#respond\"]}]},{\"@type\":\"WebPage\",\"@id\":\"https:\/\/www.decolor.com\/it\/2025\/03\/31\/revestimiento-aero-pintura-para-fachadas-con-aislante-termico-y-aspecto-mineral\/\",\"url\":\"https:\/\/www.decolor.com\/it\/2025\/03\/31\/revestimiento-aero-pintura-para-fachadas-con-aislante-termico-y-aspecto-mineral\/\",\"name\":\"Revestimiento AERO, pintura para fachadas con aislante t\u00e9rmico y aspecto mineral - Decolor\",\"isPartOf\":{\"@id\":\"https:\/\/www.decolor.com\/it\/#website\"},\"primaryImageOfPage\":{\"@id\":\"https:\/\/www.decolor.com\/it\/2025\/03\/31\/revestimiento-aero-pintura-para-fachadas-con-aislante-termico-y-aspecto-mineral\/#primaryimage\"},\"image\":{\"@id\":\"https:\/\/www.decolor.com\/it\/2025\/03\/31\/revestimiento-aero-pintura-para-fachadas-con-aislante-termico-y-aspecto-mineral\/#primaryimage\"},\"thumbnailUrl\":\"https:\/\/www.decolor.com\/wp-content\/uploads\/2025\/04\/Revestimiento-AERO-Fachadas-Pinturas-DECOLOr-1.png\",\"datePublished\":\"2025-03-31T07:54:00+00:00\",\"dateModified\":\"2025-04-01T09:51:21+00:00\",\"description\":\"Revestimiento de aspecto mineral, que puede aplicarse como pintura de fachadas en capas finas o gruesas y que ayuda a su aislamiento t\u00e9rmico.\",\"breadcrumb\":{\"@id\":\"https:\/\/www.decolor.com\/it\/2025\/03\/31\/revestimiento-aero-pintura-para-fachadas-con-aislante-termico-y-aspecto-mineral\/#breadcrumb\"},\"inLanguage\":\"es\",\"potentialAction\":[{\"@type\":\"ReadAction\",\"target\":[\"https:\/\/www.decolor.com\/it\/2025\/03\/31\/revestimiento-aero-pintura-para-fachadas-con-aislante-termico-y-aspecto-mineral\/\"]}]},{\"@type\":\"ImageObject\",\"inLanguage\":\"es\",\"@id\":\"https:\/\/www.decolor.com\/it\/2025\/03\/31\/revestimiento-aero-pintura-para-fachadas-con-aislante-termico-y-aspecto-mineral\/#primaryimage\",\"url\":\"https:\/\/www.decolor.com\/wp-content\/uploads\/2025\/04\/Revestimiento-AERO-Fachadas-Pinturas-DECOLOr-1.png\",\"contentUrl\":\"https:\/\/www.decolor.com\/wp-content\/uploads\/2025\/04\/Revestimiento-AERO-Fachadas-Pinturas-DECOLOr-1.png\",\"width\":920,\"height\":600,\"caption\":\"Pintura Fachadas Revestimiento AERO\"},{\"@type\":\"BreadcrumbList\",\"@id\":\"https:\/\/www.decolor.com\/it\/2025\/03\/31\/revestimiento-aero-pintura-para-fachadas-con-aislante-termico-y-aspecto-mineral\/#breadcrumb\",\"itemListElement\":[{\"@type\":\"ListItem\",\"position\":1,\"name\":\"Home\",\"item\":\"https:\/\/www.decolor.com\/\"},{\"@type\":\"ListItem\",\"position\":2,\"name\":\"Revestimiento AERO, pintura para fachadas con aislante t\u00e9rmico y aspecto mineral\"}]},{\"@type\":\"WebSite\",\"@id\":\"https:\/\/www.decolor.com\/it\/#website\",\"url\":\"https:\/\/www.decolor.com\/it\/\",\"name\":\"Decolor\",\"description\":\"Web Decolor\",\"publisher\":{\"@id\":\"https:\/\/www.decolor.com\/it\/#organization\"},\"potentialAction\":[{\"@type\":\"SearchAction\",\"target\":{\"@type\":\"EntryPoint\",\"urlTemplate\":\"https:\/\/www.decolor.com\/it\/?s={search_term_string}\"},\"query-input\":{\"@type\":\"PropertyValueSpecification\",\"valueRequired\":true,\"valueName\":\"search_term_string\"}}],\"inLanguage\":\"es\"},{\"@type\":\"Organization\",\"@id\":\"https:\/\/www.decolor.com\/it\/#organization\",\"name\":\"Decolor\",\"url\":\"https:\/\/www.decolor.com\/it\/\",\"logo\":{\"@type\":\"ImageObject\",\"inLanguage\":\"es\",\"@id\":\"https:\/\/www.decolor.com\/it\/#\/schema\/logo\/image\/\",\"url\":\"https:\/\/www.decolor.com\/wp-content\/uploads\/2021\/02\/marca_principal_pinturas_decolor_color.png\",\"contentUrl\":\"https:\/\/www.decolor.com\/wp-content\/uploads\/2021\/02\/marca_principal_pinturas_decolor_color.png\",\"width\":1588,\"height\":421,\"caption\":\"Decolor\"},\"image\":{\"@id\":\"https:\/\/www.decolor.com\/it\/#\/schema\/logo\/image\/\"}},{\"@type\":\"Person\",\"@id\":\"https:\/\/www.decolor.com\/it\/#\/schema\/person\/97caf6fe02baef67513e86a4f3dc9c90\",\"name\":\"admin\",\"image\":{\"@type\":\"ImageObject\",\"inLanguage\":\"es\",\"@id\":\"https:\/\/www.decolor.com\/it\/#\/schema\/person\/image\/\",\"url\":\"https:\/\/secure.gravatar.com\/avatar\/abe407930cb2e3e5c2930411ee6911c6?s=96&d=mm&r=g\",\"contentUrl\":\"https:\/\/secure.gravatar.com\/avatar\/abe407930cb2e3e5c2930411ee6911c6?s=96&d=mm&r=g\",\"caption\":\"admin\"},\"url\":\"https:\/\/www.decolor.com\/es\/author\/admin\/\"}]}<\/script>\n<!-- \/ Yoast SEO plugin. -->","yoast_head_json":{"title":"Revestimiento AERO, pintura para fachadas con aislante t\u00e9rmico y aspecto mineral - Decolor","description":"Revestimiento de aspecto mineral, que puede aplicarse como pintura de fachadas en capas finas o gruesas y que ayuda a su aislamiento t\u00e9rmico.","robots":{"index":"index","follow":"follow","max-snippet":"max-snippet:-1","max-image-preview":"max-image-preview:large","max-video-preview":"max-video-preview:-1"},"canonical":"https:\/\/www.decolor.com\/es\/2025\/03\/31\/revestimiento-aero-pintura-para-fachadas-con-aislante-termico-y-aspecto-mineral\/","og_locale":"es_ES","og_type":"article","og_title":"Revestimiento AERO, pintura para fachadas con aislante t\u00e9rmico y aspecto mineral - Decolor","og_description":"Revestimiento de aspecto mineral, que puede aplicarse como pintura de fachadas en capas finas o gruesas y que ayuda a su aislamiento t\u00e9rmico.","og_url":"https:\/\/www.decolor.com\/es\/2025\/03\/31\/revestimiento-aero-pintura-para-fachadas-con-aislante-termico-y-aspecto-mineral\/","og_site_name":"Decolor","article_published_time":"2025-03-31T07:54:00+00:00","article_modified_time":"2025-04-01T09:51:21+00:00","og_image":[{"width":920,"height":600,"url":"https:\/\/www.decolor.com\/wp-content\/uploads\/2025\/04\/Revestimiento-AERO-Fachadas-Pinturas-DECOLOr-1.png","type":"image\/png"}],"author":"admin","twitter_card":"summary_large_image","twitter_image":"https:\/\/www.decolor.com\/wp-content\/uploads\/2025\/04\/Revestimiento-AERO-Fachadas-Pinturas-DECOLOr-1.png","twitter_misc":{"Escrito por":"admin","Tiempo de lectura":"6 minutos"},"schema":{"@context":"https:\/\/schema.org","@graph":[{"@type":"Article","@id":"https:\/\/www.decolor.com\/it\/2025\/03\/31\/revestimiento-aero-pintura-para-fachadas-con-aislante-termico-y-aspecto-mineral\/#article","isPartOf":{"@id":"https:\/\/www.decolor.com\/it\/2025\/03\/31\/revestimiento-aero-pintura-para-fachadas-con-aislante-termico-y-aspecto-mineral\/"},"author":{"name":"admin","@id":"https:\/\/www.decolor.com\/it\/#\/schema\/person\/97caf6fe02baef67513e86a4f3dc9c90"},"headline":"Revestimiento AERO, pintura para fachadas con aislante t\u00e9rmico y aspecto mineral","datePublished":"2025-03-31T07:54:00+00:00","dateModified":"2025-04-01T09:51:21+00:00","mainEntityOfPage":{"@id":"https:\/\/www.decolor.com\/it\/2025\/03\/31\/revestimiento-aero-pintura-para-fachadas-con-aislante-termico-y-aspecto-mineral\/"},"wordCount":1178,"commentCount":0,"publisher":{"@id":"https:\/\/www.decolor.com\/it\/#organization"},"image":{"@id":"https:\/\/www.decolor.com\/it\/2025\/03\/31\/revestimiento-aero-pintura-para-fachadas-con-aislante-termico-y-aspecto-mineral\/#primaryimage"},"thumbnailUrl":"https:\/\/www.decolor.com\/wp-content\/uploads\/2025\/04\/Revestimiento-AERO-Fachadas-Pinturas-DECOLOr-1.png","articleSection":["Decolor"],"inLanguage":"es","potentialAction":[{"@type":"CommentAction","name":"Comment","target":["https:\/\/www.decolor.com\/it\/2025\/03\/31\/revestimiento-aero-pintura-para-fachadas-con-aislante-termico-y-aspecto-mineral\/#respond"]}]},{"@type":"WebPage","@id":"https:\/\/www.decolor.com\/it\/2025\/03\/31\/revestimiento-aero-pintura-para-fachadas-con-aislante-termico-y-aspecto-mineral\/","url":"https:\/\/www.decolor.com\/it\/2025\/03\/31\/revestimiento-aero-pintura-para-fachadas-con-aislante-termico-y-aspecto-mineral\/","name":"Revestimiento AERO, pintura para fachadas con aislante t\u00e9rmico y aspecto mineral - Decolor","isPartOf":{"@id":"https:\/\/www.decolor.com\/it\/#website"},"primaryImageOfPage":{"@id":"https:\/\/www.decolor.com\/it\/2025\/03\/31\/revestimiento-aero-pintura-para-fachadas-con-aislante-termico-y-aspecto-mineral\/#primaryimage"},"image":{"@id":"https:\/\/www.decolor.com\/it\/2025\/03\/31\/revestimiento-aero-pintura-para-fachadas-con-aislante-termico-y-aspecto-mineral\/#primaryimage"},"thumbnailUrl":"https:\/\/www.decolor.com\/wp-content\/uploads\/2025\/04\/Revestimiento-AERO-Fachadas-Pinturas-DECOLOr-1.png","datePublished":"2025-03-31T07:54:00+00:00","dateModified":"2025-04-01T09:51:21+00:00","description":"Revestimiento de aspecto mineral, que puede aplicarse como pintura de fachadas en capas finas o gruesas y que ayuda a su aislamiento t\u00e9rmico.","breadcrumb":{"@id":"https:\/\/www.decolor.com\/it\/2025\/03\/31\/revestimiento-aero-pintura-para-fachadas-con-aislante-termico-y-aspecto-mineral\/#breadcrumb"},"inLanguage":"es","potentialAction":[{"@type":"ReadAction","target":["https:\/\/www.decolor.com\/it\/2025\/03\/31\/revestimiento-aero-pintura-para-fachadas-con-aislante-termico-y-aspecto-mineral\/"]}]},{"@type":"ImageObject","inLanguage":"es","@id":"https:\/\/www.decolor.com\/it\/2025\/03\/31\/revestimiento-aero-pintura-para-fachadas-con-aislante-termico-y-aspecto-mineral\/#primaryimage","url":"https:\/\/www.decolor.com\/wp-content\/uploads\/2025\/04\/Revestimiento-AERO-Fachadas-Pinturas-DECOLOr-1.png","contentUrl":"https:\/\/www.decolor.com\/wp-content\/uploads\/2025\/04\/Revestimiento-AERO-Fachadas-Pinturas-DECOLOr-1.png","width":920,"height":600,"caption":"Pintura Fachadas Revestimiento AERO"},{"@type":"BreadcrumbList","@id":"https:\/\/www.decolor.com\/it\/2025\/03\/31\/revestimiento-aero-pintura-para-fachadas-con-aislante-termico-y-aspecto-mineral\/#breadcrumb","itemListElement":[{"@type":"ListItem","position":1,"name":"Home","item":"https:\/\/www.decolor.com\/"},{"@type":"ListItem","position":2,"name":"Revestimiento AERO, pintura para fachadas con aislante t\u00e9rmico y aspecto mineral"}]},{"@type":"WebSite","@id":"https:\/\/www.decolor.com\/it\/#website","url":"https:\/\/www.decolor.com\/it\/","name":"Decolor","description":"Web Decolor","publisher":{"@id":"https:\/\/www.decolor.com\/it\/#organization"},"potentialAction":[{"@type":"SearchAction","target":{"@type":"EntryPoint","urlTemplate":"https:\/\/www.decolor.com\/it\/?s={search_term_string}"},"query-input":{"@type":"PropertyValueSpecification","valueRequired":true,"valueName":"search_term_string"}}],"inLanguage":"es"},{"@type":"Organization","@id":"https:\/\/www.decolor.com\/it\/#organization","name":"Decolor","url":"https:\/\/www.decolor.com\/it\/","logo":{"@type":"ImageObject","inLanguage":"es","@id":"https:\/\/www.decolor.com\/it\/#\/schema\/logo\/image\/","url":"https:\/\/www.decolor.com\/wp-content\/uploads\/2021\/02\/marca_principal_pinturas_decolor_color.png","contentUrl":"https:\/\/www.decolor.com\/wp-content\/uploads\/2021\/02\/marca_principal_pinturas_decolor_color.png","width":1588,"height":421,"caption":"Decolor"},"image":{"@id":"https:\/\/www.decolor.com\/it\/#\/schema\/logo\/image\/"}},{"@type":"Person","@id":"https:\/\/www.decolor.com\/it\/#\/schema\/person\/97caf6fe02baef67513e86a4f3dc9c90","name":"admin","image":{"@type":"ImageObject","inLanguage":"es","@id":"https:\/\/www.decolor.com\/it\/#\/schema\/person\/image\/","url":"https:\/\/secure.gravatar.com\/avatar\/abe407930cb2e3e5c2930411ee6911c6?s=96&d=mm&r=g","contentUrl":"https:\/\/secure.gravatar.com\/avatar\/abe407930cb2e3e5c2930411ee6911c6?s=96&d=mm&r=g","caption":"admin"},"url":"https:\/\/www.decolor.com\/es\/author\/admin\/"}]}},"_links":{"self":[{"href":"https:\/\/www.decolor.com\/es\/wp-json\/wp\/v2\/posts\/150400"}],"collection":[{"href":"https:\/\/www.decolor.com\/es\/wp-json\/wp\/v2\/posts"}],"about":[{"href":"https:\/\/www.decolor.com\/es\/wp-json\/wp\/v2\/types\/post"}],"author":[{"embeddable":true,"href":"https:\/\/www.decolor.com\/es\/wp-json\/wp\/v2\/users\/1"}],"replies":[{"embeddable":true,"href":"https:\/\/www.decolor.com\/es\/wp-json\/wp\/v2\/comments?post=150400"}],"version-history":[{"count":7,"href":"https:\/\/www.decolor.com\/es\/wp-json\/wp\/v2\/posts\/150400\/revisions"}],"predecessor-version":[{"id":150412,"href":"https:\/\/www.decolor.com\/es\/wp-json\/wp\/v2\/posts\/150400\/revisions\/150412"}],"wp:featuredmedia":[{"embeddable":true,"href":"https:\/\/www.decolor.com\/es\/wp-json\/wp\/v2\/media\/150402"}],"wp:attachment":[{"href":"https:\/\/www.decolor.com\/es\/wp-json\/wp\/v2\/media?parent=150400"}],"wp:term":[{"taxonomy":"category","embeddable":true,"href":"https:\/\/www.decolor.com\/es\/wp-json\/wp\/v2\/categories?post=150400"},{"taxonomy":"post_tag","embeddable":true,"href":"https:\/\/www.decolor.com\/es\/wp-json\/wp\/v2\/tags?post=150400"}],"curies":[{"name":"wp","href":"https:\/\/api.w.org\/{rel}","templated":true}]}}