{"id":148363,"date":"2024-07-01T08:32:39","date_gmt":"2024-07-01T08:32:39","guid":{"rendered":"https:\/\/www.decolor.com\/?p=148363"},"modified":"2024-07-02T06:16:23","modified_gmt":"2024-07-02T06:16:23","slug":"nueva-imagen-corporativa-en-pinturas-decolor-para-celebrar-el-40-aniversario","status":"publish","type":"post","link":"https:\/\/www.decolor.com\/fr\/2024\/07\/01\/nueva-imagen-corporativa-en-pinturas-decolor-para-celebrar-el-40-aniversario\/","title":{"rendered":"Nouvelle image corporative chez Peintures DECOLOR pour c\u00e9l\u00e9brer 40 ans d'innovation et d'engagement"},"content":{"rendered":"<p>Chez Peintures DECOLOR, nous sommes fiers de c\u00e9l\u00e9brer notre 40e anniversaire, un moment sp\u00e9cial qui marque quatre d\u00e9cennies de d\u00e9vouement, d'innovation, de passion et d'engagement envers nos clients.<\/p>\n\n\n\n<div style=\"height:20px\" aria-hidden=\"true\" class=\"wp-block-spacer\"><\/div>\n\n\n\n<p>Une histoire de 40 ans que chez Pinturas DECOLOR nous souhaitons comm\u00e9morer avec un changement d&#039;image corporative qui refl\u00e8te notre \u00e9volution, un nouveau design visuel de notre logo qui capture l&#039;essence de ce que nous sommes aujourd&#039;hui, une entreprise moderne, dynamique et en constante \u00e9volution, engag\u00e9 avec l\u2019excellence, la durabilit\u00e9 et le service client.<\/p>\n\n\n\n<div style=\"height:20px\" aria-hidden=\"true\" class=\"wp-block-spacer\"><\/div>\n\n\n\n<h3 class=\"wp-block-heading\"><strong>La nouvelle image corporative de Peintures DECOLOR est le reflet de notre histoire, de nos valeurs et de notre vision de l'avenir.<\/strong><\/h3>\n\n\n\n<div style=\"height:20px\" aria-hidden=\"true\" class=\"wp-block-spacer\"><\/div>\n\n\n\n<p>Depuis notre cr\u00e9ation en 1984, chez Peintures DECOLOR, nous avons \u00e9tabli les bases de notre trajectoire et de notre responsabilit\u00e9 avec excellence dans les moindres d\u00e9tails et nous sommes fiers d'avoir des certifications qui soutiennent notre travail et qui sont plus qu'une reconnaissance pour nos produits, reflet de notre engagement envers qualit\u00e9 et durabilit\u00e9.<\/p>\n\n\n\n<div style=\"height:20px\" aria-hidden=\"true\" class=\"wp-block-spacer\"><\/div>\n\n\n\n<p>\u00c0 nos d\u00e9buts, la fabrication se r\u00e9duisait aux peintures de base dans des installations simples. Actuellement, Peintures DECOLOR dispose d'une usine grande et moderne, dot\u00e9e de la plus haute technologie et efficacit\u00e9 op\u00e9rationnelle, ce qui facilite la croissance de l'entreprise et augmente consid\u00e9rablement notre capacit\u00e9 de production et de production. cr\u00e9ation d'une vaste gamme de produits et de solutions, ainsi que l'ouverture de nos propres magasins et l'expansion de notre r\u00e9seau de distribution, tant au niveau national qu'international, en restant toujours fid\u00e8le aux m\u00eames valeurs d'entreprise.<\/p>\n\n\n\n<p><\/p>\n\n\n\n<div style=\"height:25px\" aria-hidden=\"true\" class=\"wp-block-spacer\"><\/div>\n\n\n\n<h2 class=\"wp-block-heading has-large-font-size\" style=\"font-style:normal;font-weight:700;text-transform:uppercase\"><strong>\u00c9volution de l'identit\u00e9 corporative de Peintures DECOLOR<\/strong><\/h2>\n\n\n\n<div style=\"height:20px\" aria-hidden=\"true\" class=\"wp-block-spacer\"><\/div>\n\n\n\n<p>Dans le cadre de la c\u00e9l\u00e9bration de notre 40 Anniversaire, chez Peintures DECOLOR nous sommes tr\u00e8s heureux d'annoncer un changement important dans notre image corporative, nous avons renouvel\u00e9 notre logo !<\/p>\n\n\n\n<div style=\"height:20px\" aria-hidden=\"true\" class=\"wp-block-spacer\"><\/div>\n\n\n\n<p>Le changement de logo n&#039;est pas seulement une question esth\u00e9tique, mais repr\u00e9sente une \u00e9volution de notre identit\u00e9 d&#039;entreprise, pour continuer \u00e0 cro\u00eetre et \u00e0 s&#039;adapter \u00e0 nos clients et au march\u00e9, m\u00eame si cette d\u00e9cision ne signifie pas une rupture avec nos valeurs fondamentales d&#039;entreprise, puisque l&#039;engagement envers notre nos clients et l&#039;innovation continuent d&#039;\u00eatre la base de notre philosophie et des piliers qui nous ont permis de grandir au cours de ces 40 ann\u00e9es.<\/p>\n\n\n\n<div style=\"height:20px\" aria-hidden=\"true\" class=\"wp-block-spacer\"><\/div>\n\n\n\n<p><strong>Le nouveau logo conserve la typographie qui caract\u00e9rise notre marque depuis des d\u00e9cennies, en lui donnant la personnalit\u00e9 de la couleur orange qui symbolise notre \u00e9nergie et notre passion, et la couleur grise qui repr\u00e9sente notre professionnalisme, notre confiance et notre solidit\u00e9. <\/strong>les deux couleurs comme base de notre conception.<\/p>\n\n\n\n<div style=\"height:20px\" aria-hidden=\"true\" class=\"wp-block-spacer\"><\/div>\n\n\n\n<p><strong>Les couleurs orange et gris ont pour nous une signification particuli\u00e8re, avec elles nous avons cherch\u00e9 \u00e0 transmettre un message sp\u00e9cial qui allie \u00e9volution et changement.<\/strong>, car ce sont des couleurs qui marquent le chemin vers un avenir plein de nouvelles possibilit\u00e9s et opportunit\u00e9s pour continuer \u00e0 innover dans le monde de la technologie.<\/p>\n\n\n\n<div style=\"height:20px\" aria-hidden=\"true\" class=\"wp-block-spacer\"><\/div>\n\n\n\n<figure class=\"wp-block-image size-full\"><img fetchpriority=\"high\" decoding=\"async\" width=\"900\" height=\"225\" src=\"https:\/\/www.decolor.com\/wp-content\/uploads\/2024\/07\/Cambio-de-logo-y-despedia-de-pintor-DECOLOR-1.png\" alt=\"\" class=\"wp-image-148384\" srcset=\"https:\/\/www.decolor.com\/wp-content\/uploads\/2024\/07\/Cambio-de-logo-y-despedia-de-pintor-DECOLOR-1.png 900w, https:\/\/www.decolor.com\/wp-content\/uploads\/2024\/07\/Cambio-de-logo-y-despedia-de-pintor-DECOLOR-1-300x75.png 300w, https:\/\/www.decolor.com\/wp-content\/uploads\/2024\/07\/Cambio-de-logo-y-despedia-de-pintor-DECOLOR-1-768x192.png 768w, https:\/\/www.decolor.com\/wp-content\/uploads\/2024\/07\/Cambio-de-logo-y-despedia-de-pintor-DECOLOR-1-18x5.png 18w\" sizes=\"(max-width: 900px) 100vw, 900px\" \/><\/figure>\n\n\n\n<h2 class=\"wp-block-heading has-large-font-size\" style=\"font-style:normal;font-weight:700;text-transform:uppercase\"><strong>L&#039;h\u00e9ritage de notre peintre<\/strong><\/h2>\n\n\n\n<div style=\"height:20px\" aria-hidden=\"true\" class=\"wp-block-spacer\"><\/div>\n\n\n\n<p><strong>Dans cette nouvelle \u00e9tape, nous avons d\u00e9cid\u00e9 de retirer l&#039;isotype embl\u00e9matique du peintre qui nous accompagne depuis tant d&#039;ann\u00e9es, en d\u00e9veloppant sa fonction.<\/strong> Ce changement est le reflet de notre transformation et de notre croissance, et m\u00eame si nous disons au revoir avec nostalgie \u00e0 notre peintre embl\u00e9matique et bien-aim\u00e9, nous pensons qu&#039;il s&#039;agit d&#039;une \u00e9tape n\u00e9cessaire pour moderniser notre image et l&#039;aligner sur notre vision du futur.<\/p>\n\n\n\n<div style=\"height:20px\" aria-hidden=\"true\" class=\"wp-block-spacer\"><\/div>\n\n\n\n<p>Le caract\u00e8re repr\u00e9sentatif du peintre a personnifi\u00e9 notre d\u00e9vouement, notre engagement et notre \u00e9volution dans le secteur de la peinture, laissant d\u00e9sormais la place \u00e0 une nouvelle identit\u00e9 corporative qui refl\u00e8te une vision plus moderne et actuelle, en phase avec les d\u00e9fis et les opportunit\u00e9s du pr\u00e9sent et du futur.<\/p>\n\n\n\n<div style=\"height:20px\" aria-hidden=\"true\" class=\"wp-block-spacer\"><\/div>\n\n\n\n<p><strong>Le nouveau logo de Pinturas DECOLOR met en valeur l&#039;isotype d&#039;un D tridimensionnel qui comprend la forme d&#039;une maison encapsul\u00e9e<\/strong>. Ce design est non seulement moderne et dynamique, mais symbolise \u00e9galement notre d\u00e9vouement et notre travail avec les clients et leurs diff\u00e9rents projets, refl\u00e9tant notre grande capacit\u00e9 \u00e0 offrir des produits et des solutions de peinture globales et polyvalentes de haute qualit\u00e9. L&#039;inclusion de la maison dans le logo souligne notre engagement \u00e0 am\u00e9liorer les espaces, tant r\u00e9sidentiels, commerciaux, industriels et institutionnels, en s&#039;adaptant aux besoins sp\u00e9cifiques de chaque surface et projet.<\/p>\n\n\n\n<div style=\"height:20px\" aria-hidden=\"true\" class=\"wp-block-spacer\"><\/div>\n\n\n\n<p>Avec ce nouveau symbole d&#039;un D tridimensionnel en forme de maison encapsul\u00e9e, nous renfor\u00e7ons notre identit\u00e9 et soulignons notre engagement envers la qualit\u00e9, la durabilit\u00e9 et la satisfaction du client, tourn\u00e9s vers l&#039;avenir.<\/p>\n\n\n\n<figure class=\"wp-block-image size-full\"><img decoding=\"async\" width=\"900\" height=\"225\" src=\"https:\/\/www.decolor.com\/wp-content\/uploads\/2024\/07\/Cambio-de-logo-y-despedia-de-pintor-DECOLOR.png\" alt=\"\" class=\"wp-image-148382\" srcset=\"https:\/\/www.decolor.com\/wp-content\/uploads\/2024\/07\/Cambio-de-logo-y-despedia-de-pintor-DECOLOR.png 900w, https:\/\/www.decolor.com\/wp-content\/uploads\/2024\/07\/Cambio-de-logo-y-despedia-de-pintor-DECOLOR-300x75.png 300w, https:\/\/www.decolor.com\/wp-content\/uploads\/2024\/07\/Cambio-de-logo-y-despedia-de-pintor-DECOLOR-768x192.png 768w, https:\/\/www.decolor.com\/wp-content\/uploads\/2024\/07\/Cambio-de-logo-y-despedia-de-pintor-DECOLOR-18x5.png 18w\" sizes=\"(max-width: 900px) 100vw, 900px\" \/><\/figure>\n\n\n\n<div style=\"height:20px\" aria-hidden=\"true\" class=\"wp-block-spacer\"><\/div>\n\n\n\n<h2 class=\"wp-block-heading has-large-font-size\" style=\"font-style:normal;font-weight:700;text-transform:uppercase\"><strong>Mener le changement, apportant nos valeurs<\/strong><\/h2>\n\n\n\n<div style=\"height:20px\" aria-hidden=\"true\" class=\"wp-block-spacer\"><\/div>\n\n\n\n<p>Depuis nos d\u00e9buts, chez Peintures DECOLOR nous avons maintenu une ferme vocation de service \u00e0 la client\u00e8le et toujours fid\u00e8les \u00e0 nos valeurs d'entreprise :<\/p>\n\n\n\n<div style=\"height:20px\" aria-hidden=\"true\" class=\"wp-block-spacer\"><\/div>\n\n\n\n<ul class=\"wp-block-list\">\n<li><strong>FABRIQU\u00c9 EN ESPAGNE:<\/strong> Toutes nos r\u00e9f\u00e9rences sont fabriqu\u00e9es dans notre si\u00e8ge social \u00e0 La Roda (Albacete), o\u00f9 nous produisons une large gamme de produits, garantissant l&#039;excellence \u00e0 chaque \u00e9tape du processus de fabrication et d\u00e9veloppant une distribution efficace et efficiente \u00e0 nos clients du monde entier.<\/li>\n<\/ul>\n\n\n\n<div style=\"height:7px\" aria-hidden=\"true\" class=\"wp-block-spacer\"><\/div>\n\n\n\n<ul class=\"wp-block-list\">\n<li><strong>LA FLEXIBILIT\u00c9: <\/strong>Nous nous adaptons au client et apportons des solutions rapides et adapt\u00e9es, gr\u00e2ce \u00e0 notre capacit\u00e9 de production.<\/li>\n<\/ul>\n\n\n\n<div style=\"height:7px\" aria-hidden=\"true\" class=\"wp-block-spacer\"><\/div>\n\n\n\n<ul class=\"wp-block-list\">\n<li><strong>LOGISTIQUE:<\/strong> Nous disposons de notre propre flotte de v\u00e9hicules, afin de garantir une livraison rapide et personnalis\u00e9e \u00e0 nos en Espagne.<\/li>\n<\/ul>\n\n\n\n<div style=\"height:7px\" aria-hidden=\"true\" class=\"wp-block-spacer\"><\/div>\n\n\n\n<ul class=\"wp-block-list\">\n<li><strong>INNOVATION:<\/strong> Nous sommes constamment \u00e0 la recherche de nouvelles techniques et mati\u00e8res premi\u00e8res pour nous am\u00e9liorer et proposer des solutions de peinture innovantes \u00e0 nos clients.<\/li>\n<\/ul>\n\n\n\n<div style=\"height:7px\" aria-hidden=\"true\" class=\"wp-block-spacer\"><\/div>\n\n\n\n<ul class=\"wp-block-list\">\n<li><strong>ENGAGEMENT ENVIRONNEMENTAL<\/strong>: Nos processus et produits sont respectueux de l&#039;environnement, avec des pratiques durables qui minimisent l&#039;impact environnemental.<\/li>\n<\/ul>\n\n\n\n<div style=\"height:7px\" aria-hidden=\"true\" class=\"wp-block-spacer\"><\/div>\n\n\n\n<ul class=\"wp-block-list\">\n<li><strong>PROFESSIONNALISME:<\/strong> Excellente \u00e9quipe de professionnels qui fournissent des services et des conseils aux clients, \u00e0 l&#039;\u00e9chelle nationale et internationale.<\/li>\n<\/ul>\n\n\n\n<div style=\"height:7px\" aria-hidden=\"true\" class=\"wp-block-spacer\"><\/div>\n\n\n\n<ul class=\"wp-block-list\">\n<li><strong>QUALIT\u00c9:<\/strong> Notre exp\u00e9rience certifie l&#039;am\u00e9lioration continue de nos produits, processus et services.<\/li>\n<\/ul>\n\n\n\n<div style=\"height:7px\" aria-hidden=\"true\" class=\"wp-block-spacer\"><\/div>\n\n\n\n<ul class=\"wp-block-list\">\n<li><strong>RESPONSABILIT\u00c9:<\/strong> Nous agissons avec int\u00e9grit\u00e9 et responsabilit\u00e9 dans toutes nos actions, en respectant les normes \u00e9thiques et juridiques les plus \u00e9lev\u00e9es.<\/li>\n<\/ul>\n\n\n\n<div style=\"height:24px\" aria-hidden=\"true\" class=\"wp-block-spacer\"><\/div>\n\n\n\n<p>L'\u00e9volution de Peintures DECOLOR a \u00e9t\u00e9 possible gr\u00e2ce \u00e0&nbsp;<strong>trois grands piliers principaux.<\/strong>.<\/p>\n\n\n\n<div style=\"height:7px\" aria-hidden=\"true\" class=\"wp-block-spacer\"><\/div>\n\n\n\n<p><\/p>\n\n\n\n<ul class=\"wp-block-list\">\n<li><strong>LES PERSONNES qui font partie de notre entreprise,<\/strong> car chez Peintures DECOLOR nous croyons fermement que notre capital humain est notre plus grande force, et son soin et le d\u00e9veloppement de son \u00e9quipe, favorisant toujours un environnement de travail collaboratif, ont \u00e9t\u00e9 essentiels \u00e0 notre croissance. Nous valorisons le talent et le travail de chaque membre de notre \u00e9quipe et reconnaissons leur contribution au succ\u00e8s de l\u2019entreprise.<\/li>\n<\/ul>\n\n\n\n<div style=\"height:20px\" aria-hidden=\"true\" class=\"wp-block-spacer\"><\/div>\n\n\n\n<ol class=\"wp-block-list\"><\/ol>\n\n\n\n<p><\/p>\n\n\n\n<ul class=\"wp-block-list\">\n<li><strong>QUALIT\u00c9, INNOVATION ET DURABILIT\u00c9 <\/strong>Quoi<strong>, <\/strong>Depuis notre cr\u00e9ation, le service technique s&#039;efforce d&#039;offrir \u00e0 nos clients des solutions de peinture de grande valeur, des options polyvalentes et comp\u00e9titives qui non seulement r\u00e9pondent aux normes de qualit\u00e9, mais favorisent \u00e9galement la durabilit\u00e9.<\/li>\n<\/ul>\n\n\n\n<div style=\"height:20px\" aria-hidden=\"true\" class=\"wp-block-spacer\"><\/div>\n\n\n\n<ol class=\"wp-block-list\"><\/ol>\n\n\n\n<p><\/p>\n\n\n\n<ul class=\"wp-block-list\">\n<li><strong>ADAPTATION AUX BESOINS DES CLIENTS<\/strong>, parce que le client est toujours au centre de tout ce que nous faisons et que notre objectif est de vous offrir le meilleur service, en s`adaptant aux besoins sp\u00e9cifiques et changeants de nos clients, en contribuant au succ\u00e8s de leurs projets, cette philosophie nous a permet de construire des relations durables et de confiance entretenues dans le temps.<\/li>\n<\/ul>\n\n\n\n<div style=\"height:20px\" aria-hidden=\"true\" class=\"wp-block-spacer\"><\/div>\n\n\n\n<ol class=\"wp-block-list\"><\/ol>\n\n\n\n<p><\/p>\n\n\n\n<div style=\"height:20px\" aria-hidden=\"true\" class=\"wp-block-spacer\"><\/div>\n\n\n\n<h2 class=\"wp-block-heading has-large-font-size\" style=\"font-style:normal;font-weight:700;text-transform:uppercase\"><strong>NOUS MAINTENONS NOS RACINES, REGARDANT VERS L'AVENIR<\/strong><\/h2>\n\n\n\n<div style=\"height:20px\" aria-hidden=\"true\" class=\"wp-block-spacer\"><\/div>\n\n\n\n<p><strong>C\u00e9l\u00e9brer nos 40 ans n&#039;est pas seulement l&#039;occasion de regarder en arri\u00e8re et de valoriser tout ce que nous avons accompli, mais aussi de regarder vers l&#039;avenir avec enthousiasme et fermet\u00e9, <\/strong>travailler avec la m\u00eame passion et le m\u00eame d\u00e9vouement qui nous caract\u00e9risent.<\/p>\n\n\n\n<div style=\"height:20px\" aria-hidden=\"true\" class=\"wp-block-spacer\"><\/div>\n\n\n\n<p><strong>Nous sommes fiers d&#039;avancer vers l&#039;avenir avec une image renouvel\u00e9e,<\/strong> Nous changeons pour avancer et nous am\u00e9liorer, mais notre mission de fournir les meilleures solutions de peinture reste la m\u00eame, comme nous le faisons depuis 1984.<\/p>\n\n\n\n<div style=\"height:20px\" aria-hidden=\"true\" class=\"wp-block-spacer\"><\/div>\n\n\n\n<p><strong>Le processus de refonte du logo a \u00e9t\u00e9 minutieux et r\u00e9fl\u00e9chi, garantissant que nous conservons l'essence de ce qui rend Peintures DECOLOR unique. <\/strong>Le nouveau logo est plus propre et plus moderne, mais conserve les \u00e9l\u00e9ments visuels que nos clients associent \u00e0 la confiance et \u00e0 la qualit\u00e9, garantissant ainsi que notre identit\u00e9 visuelle est reconnaissable et continue de v\u00e9hiculer les valeurs fondamentales de notre marque. Nous pensons que ce changement nous pr\u00e9pare non seulement aux d\u00e9fis de l\u2019avenir, mais respecte et honore \u00e9galement l\u2019h\u00e9ritage de notre peintre embl\u00e9matique.<\/p>\n\n\n\n<div style=\"height:20px\" aria-hidden=\"true\" class=\"wp-block-spacer\"><\/div>\n\n\n\n<p>Nous souhaitons remercier tous ceux qui ont fait partie de notre parcours, employ\u00e9s, clients, fournisseurs, collaborateurs et partenaires commerciaux, dont chacun a jou\u00e9 un r\u00f4le crucial dans notre success story, pour leur soutien inconditionnel tout au long de ces quatre d\u00e9cennies, nous invitons donc vous de faire partie de ce changement et, ensemble, continuer \u00e0 \u00e9crire l'histoire de Peintures DECOLOR.<\/p>\n\n\n\n<div style=\"height:20px\" aria-hidden=\"true\" class=\"wp-block-spacer\"><\/div>\n\n\n\n<p><strong>Merci de faire partie de notre histoire, chez Peintures DECOLOR, nous sommes pr\u00eats pour les 40 prochaines ann\u00e9es avec la m\u00eame passion et le m\u00eame d\u00e9vouement. Bienvenue dans la nouvelle \u00e8re de Peintures DECOLOR !<\/strong><\/p>\n\n\n\n<div style=\"height:20px\" aria-hidden=\"true\" class=\"wp-block-spacer\"><\/div>","protected":false},"excerpt":{"rendered":"<p>Chez Pinturas DECOLOR, nous sommes fiers de c\u00e9l\u00e9brer notre 40e anniversaire, un moment sp\u00e9cial qui marque quatre d\u00e9cennies de d\u00e9vouement, d&#039;innovation, de passion et d&#039;engagement envers nos clients. Une trajectoire de 40 ans que chez Pinturas DECOLOR nous souhaitons comm\u00e9morer avec un changement d&#039;image d&#039;entreprise qui refl\u00e8te notre \u00e9volution, un nouveau design visuel de notre logo qui capture\u2026 <a class=\"more-link\" href=\"https:\/\/www.decolor.com\/fr\/2024\/07\/01\/nueva-imagen-corporativa-en-pinturas-decolor-para-celebrar-el-40-aniversario\/\">Continuer la lecture <span class=\"screen-reader-text\">Nouvelle image corporative chez Peintures DECOLOR pour c\u00e9l\u00e9brer 40 ans d'innovation et d'engagement<\/span><\/a><\/p>","protected":false},"author":1,"featured_media":148365,"comment_status":"open","ping_status":"open","sticky":false,"template":"","format":"standard","meta":{"_acf_changed":false,"footnotes":""},"categories":[1],"tags":[],"class_list":["post-148363","post","type-post","status-publish","format-standard","has-post-thumbnail","hentry","category-decolor","entry"],"acf":[],"yoast_head":"<!-- This site is optimized with the Yoast SEO plugin v23.4 - https:\/\/yoast.com\/wordpress\/plugins\/seo\/ -->\n<title>Pinturas DECOLOR celebramos 40 a\u00f1os de innovaci\u00f3n<\/title>\n<meta name=\"description\" content=\"Celebramos 40 a\u00f1os de innovaci\u00f3n y compromiso en Pinturas DECOLOR con un nuevo logo que simboliza nuestro crecimiento y visi\u00f3n.\" \/>\n<meta name=\"robots\" content=\"index, follow, max-snippet:-1, max-image-preview:large, max-video-preview:-1\" \/>\n<link rel=\"canonical\" href=\"https:\/\/www.decolor.com\/fr\/2024\/07\/01\/nueva-imagen-corporativa-en-pinturas-decolor-para-celebrar-el-40-aniversario\/\" \/>\n<meta property=\"og:locale\" content=\"fr_FR\" \/>\n<meta property=\"og:type\" content=\"article\" \/>\n<meta property=\"og:title\" content=\"Pinturas DECOLOR celebramos 40 a\u00f1os de innovaci\u00f3n\" \/>\n<meta property=\"og:description\" content=\"Celebramos 40 a\u00f1os de innovaci\u00f3n y compromiso en Pinturas DECOLOR con un nuevo logo que simboliza nuestro crecimiento y visi\u00f3n.\" \/>\n<meta property=\"og:url\" content=\"https:\/\/www.decolor.com\/fr\/2024\/07\/01\/nueva-imagen-corporativa-en-pinturas-decolor-para-celebrar-el-40-aniversario\/\" \/>\n<meta property=\"og:site_name\" content=\"Decolor\" \/>\n<meta property=\"article:published_time\" content=\"2024-07-01T08:32:39+00:00\" \/>\n<meta property=\"article:modified_time\" content=\"2024-07-02T06:16:23+00:00\" \/>\n<meta property=\"og:image\" content=\"https:\/\/www.decolor.com\/wp-content\/uploads\/2024\/07\/Nuevo-logo-PINTURAS-DECOLOR-en-su-40-Aniversario.png\" \/>\n\t<meta property=\"og:image:width\" content=\"920\" \/>\n\t<meta property=\"og:image:height\" content=\"600\" \/>\n\t<meta property=\"og:image:type\" content=\"image\/png\" \/>\n<meta name=\"author\" content=\"admin\" \/>\n<meta name=\"twitter:card\" content=\"summary_large_image\" \/>\n<meta name=\"twitter:image\" content=\"https:\/\/www.decolor.com\/wp-content\/uploads\/2024\/07\/Nuevo-logo-PINTURAS-DECOLOR-en-su-40-Aniversario.png\" \/>\n<meta name=\"twitter:label1\" content=\"\u00c9crit par\" \/>\n\t<meta name=\"twitter:data1\" content=\"admin\" \/>\n\t<meta name=\"twitter:label2\" content=\"Dur\u00e9e de lecture estim\u00e9e\" \/>\n\t<meta name=\"twitter:data2\" content=\"7 minutes\" \/>\n<script type=\"application\/ld+json\" class=\"yoast-schema-graph\">{\"@context\":\"https:\/\/schema.org\",\"@graph\":[{\"@type\":\"Article\",\"@id\":\"https:\/\/www.decolor.com\/en\/2024\/07\/01\/nueva-imagen-corporativa-en-pinturas-decolor-para-celebrar-el-40-aniversario\/#article\",\"isPartOf\":{\"@id\":\"https:\/\/www.decolor.com\/en\/2024\/07\/01\/nueva-imagen-corporativa-en-pinturas-decolor-para-celebrar-el-40-aniversario\/\"},\"author\":{\"name\":\"admin\",\"@id\":\"https:\/\/www.decolor.com\/it\/#\/schema\/person\/97caf6fe02baef67513e86a4f3dc9c90\"},\"headline\":\"Nueva imagen corporativa en Pinturas DECOLOR para celebrar 40 a\u00f1os de innovaci\u00f3n y compromiso\",\"datePublished\":\"2024-07-01T08:32:39+00:00\",\"dateModified\":\"2024-07-02T06:16:23+00:00\",\"mainEntityOfPage\":{\"@id\":\"https:\/\/www.decolor.com\/en\/2024\/07\/01\/nueva-imagen-corporativa-en-pinturas-decolor-para-celebrar-el-40-aniversario\/\"},\"wordCount\":1446,\"commentCount\":0,\"publisher\":{\"@id\":\"https:\/\/www.decolor.com\/it\/#organization\"},\"image\":{\"@id\":\"https:\/\/www.decolor.com\/en\/2024\/07\/01\/nueva-imagen-corporativa-en-pinturas-decolor-para-celebrar-el-40-aniversario\/#primaryimage\"},\"thumbnailUrl\":\"https:\/\/www.decolor.com\/wp-content\/uploads\/2024\/07\/Nuevo-logo-PINTURAS-DECOLOR-en-su-40-Aniversario.png\",\"articleSection\":[\"Decolor\"],\"inLanguage\":\"fr-FR\",\"potentialAction\":[{\"@type\":\"CommentAction\",\"name\":\"Comment\",\"target\":[\"https:\/\/www.decolor.com\/en\/2024\/07\/01\/nueva-imagen-corporativa-en-pinturas-decolor-para-celebrar-el-40-aniversario\/#respond\"]}]},{\"@type\":\"WebPage\",\"@id\":\"https:\/\/www.decolor.com\/en\/2024\/07\/01\/nueva-imagen-corporativa-en-pinturas-decolor-para-celebrar-el-40-aniversario\/\",\"url\":\"https:\/\/www.decolor.com\/en\/2024\/07\/01\/nueva-imagen-corporativa-en-pinturas-decolor-para-celebrar-el-40-aniversario\/\",\"name\":\"Pinturas DECOLOR celebramos 40 a\u00f1os de innovaci\u00f3n\",\"isPartOf\":{\"@id\":\"https:\/\/www.decolor.com\/it\/#website\"},\"primaryImageOfPage\":{\"@id\":\"https:\/\/www.decolor.com\/en\/2024\/07\/01\/nueva-imagen-corporativa-en-pinturas-decolor-para-celebrar-el-40-aniversario\/#primaryimage\"},\"image\":{\"@id\":\"https:\/\/www.decolor.com\/en\/2024\/07\/01\/nueva-imagen-corporativa-en-pinturas-decolor-para-celebrar-el-40-aniversario\/#primaryimage\"},\"thumbnailUrl\":\"https:\/\/www.decolor.com\/wp-content\/uploads\/2024\/07\/Nuevo-logo-PINTURAS-DECOLOR-en-su-40-Aniversario.png\",\"datePublished\":\"2024-07-01T08:32:39+00:00\",\"dateModified\":\"2024-07-02T06:16:23+00:00\",\"description\":\"Celebramos 40 a\u00f1os de innovaci\u00f3n y compromiso en Pinturas DECOLOR con un nuevo logo que simboliza nuestro crecimiento y visi\u00f3n.\",\"breadcrumb\":{\"@id\":\"https:\/\/www.decolor.com\/en\/2024\/07\/01\/nueva-imagen-corporativa-en-pinturas-decolor-para-celebrar-el-40-aniversario\/#breadcrumb\"},\"inLanguage\":\"fr-FR\",\"potentialAction\":[{\"@type\":\"ReadAction\",\"target\":[\"https:\/\/www.decolor.com\/en\/2024\/07\/01\/nueva-imagen-corporativa-en-pinturas-decolor-para-celebrar-el-40-aniversario\/\"]}]},{\"@type\":\"ImageObject\",\"inLanguage\":\"fr-FR\",\"@id\":\"https:\/\/www.decolor.com\/en\/2024\/07\/01\/nueva-imagen-corporativa-en-pinturas-decolor-para-celebrar-el-40-aniversario\/#primaryimage\",\"url\":\"https:\/\/www.decolor.com\/wp-content\/uploads\/2024\/07\/Nuevo-logo-PINTURAS-DECOLOR-en-su-40-Aniversario.png\",\"contentUrl\":\"https:\/\/www.decolor.com\/wp-content\/uploads\/2024\/07\/Nuevo-logo-PINTURAS-DECOLOR-en-su-40-Aniversario.png\",\"width\":920,\"height\":600,\"caption\":\"Nuevo logo de Pinturas DECOLOR en ocasi\u00f3n de su 40 aniversario\"},{\"@type\":\"BreadcrumbList\",\"@id\":\"https:\/\/www.decolor.com\/en\/2024\/07\/01\/nueva-imagen-corporativa-en-pinturas-decolor-para-celebrar-el-40-aniversario\/#breadcrumb\",\"itemListElement\":[{\"@type\":\"ListItem\",\"position\":1,\"name\":\"Home\",\"item\":\"https:\/\/www.decolor.com\/\"},{\"@type\":\"ListItem\",\"position\":2,\"name\":\"Nueva imagen corporativa en Pinturas DECOLOR para celebrar 40 a\u00f1os de innovaci\u00f3n y compromiso\"}]},{\"@type\":\"WebSite\",\"@id\":\"https:\/\/www.decolor.com\/it\/#website\",\"url\":\"https:\/\/www.decolor.com\/it\/\",\"name\":\"Decolor\",\"description\":\"Web Decolor\",\"publisher\":{\"@id\":\"https:\/\/www.decolor.com\/it\/#organization\"},\"potentialAction\":[{\"@type\":\"SearchAction\",\"target\":{\"@type\":\"EntryPoint\",\"urlTemplate\":\"https:\/\/www.decolor.com\/it\/?s={search_term_string}\"},\"query-input\":{\"@type\":\"PropertyValueSpecification\",\"valueRequired\":true,\"valueName\":\"search_term_string\"}}],\"inLanguage\":\"fr-FR\"},{\"@type\":\"Organization\",\"@id\":\"https:\/\/www.decolor.com\/it\/#organization\",\"name\":\"Decolor\",\"url\":\"https:\/\/www.decolor.com\/it\/\",\"logo\":{\"@type\":\"ImageObject\",\"inLanguage\":\"fr-FR\",\"@id\":\"https:\/\/www.decolor.com\/it\/#\/schema\/logo\/image\/\",\"url\":\"https:\/\/www.decolor.com\/wp-content\/uploads\/2021\/02\/marca_principal_pinturas_decolor_color.png\",\"contentUrl\":\"https:\/\/www.decolor.com\/wp-content\/uploads\/2021\/02\/marca_principal_pinturas_decolor_color.png\",\"width\":1588,\"height\":421,\"caption\":\"Decolor\"},\"image\":{\"@id\":\"https:\/\/www.decolor.com\/it\/#\/schema\/logo\/image\/\"}},{\"@type\":\"Person\",\"@id\":\"https:\/\/www.decolor.com\/it\/#\/schema\/person\/97caf6fe02baef67513e86a4f3dc9c90\",\"name\":\"admin\",\"image\":{\"@type\":\"ImageObject\",\"inLanguage\":\"fr-FR\",\"@id\":\"https:\/\/www.decolor.com\/it\/#\/schema\/person\/image\/\",\"url\":\"https:\/\/secure.gravatar.com\/avatar\/abe407930cb2e3e5c2930411ee6911c6?s=96&d=mm&r=g\",\"contentUrl\":\"https:\/\/secure.gravatar.com\/avatar\/abe407930cb2e3e5c2930411ee6911c6?s=96&d=mm&r=g\",\"caption\":\"admin\"},\"url\":\"https:\/\/www.decolor.com\/fr\/author\/admin\/\"}]}<\/script>\n<!-- \/ Yoast SEO plugin. -->","yoast_head_json":{"title":"Pinturas DECOLOR celebramos 40 a\u00f1os de innovaci\u00f3n","description":"Celebramos 40 a\u00f1os de innovaci\u00f3n y compromiso en Pinturas DECOLOR con un nuevo logo que simboliza nuestro crecimiento y visi\u00f3n.","robots":{"index":"index","follow":"follow","max-snippet":"max-snippet:-1","max-image-preview":"max-image-preview:large","max-video-preview":"max-video-preview:-1"},"canonical":"https:\/\/www.decolor.com\/fr\/2024\/07\/01\/nueva-imagen-corporativa-en-pinturas-decolor-para-celebrar-el-40-aniversario\/","og_locale":"fr_FR","og_type":"article","og_title":"Pinturas DECOLOR celebramos 40 a\u00f1os de innovaci\u00f3n","og_description":"Celebramos 40 a\u00f1os de innovaci\u00f3n y compromiso en Pinturas DECOLOR con un nuevo logo que simboliza nuestro crecimiento y visi\u00f3n.","og_url":"https:\/\/www.decolor.com\/fr\/2024\/07\/01\/nueva-imagen-corporativa-en-pinturas-decolor-para-celebrar-el-40-aniversario\/","og_site_name":"Decolor","article_published_time":"2024-07-01T08:32:39+00:00","article_modified_time":"2024-07-02T06:16:23+00:00","og_image":[{"width":920,"height":600,"url":"https:\/\/www.decolor.com\/wp-content\/uploads\/2024\/07\/Nuevo-logo-PINTURAS-DECOLOR-en-su-40-Aniversario.png","type":"image\/png"}],"author":"admin","twitter_card":"summary_large_image","twitter_image":"https:\/\/www.decolor.com\/wp-content\/uploads\/2024\/07\/Nuevo-logo-PINTURAS-DECOLOR-en-su-40-Aniversario.png","twitter_misc":{"\u00c9crit par":"admin","Dur\u00e9e de lecture estim\u00e9e":"7 minutes"},"schema":{"@context":"https:\/\/schema.org","@graph":[{"@type":"Article","@id":"https:\/\/www.decolor.com\/en\/2024\/07\/01\/nueva-imagen-corporativa-en-pinturas-decolor-para-celebrar-el-40-aniversario\/#article","isPartOf":{"@id":"https:\/\/www.decolor.com\/en\/2024\/07\/01\/nueva-imagen-corporativa-en-pinturas-decolor-para-celebrar-el-40-aniversario\/"},"author":{"name":"admin","@id":"https:\/\/www.decolor.com\/it\/#\/schema\/person\/97caf6fe02baef67513e86a4f3dc9c90"},"headline":"Nueva imagen corporativa en Pinturas DECOLOR para celebrar 40 a\u00f1os de innovaci\u00f3n y compromiso","datePublished":"2024-07-01T08:32:39+00:00","dateModified":"2024-07-02T06:16:23+00:00","mainEntityOfPage":{"@id":"https:\/\/www.decolor.com\/en\/2024\/07\/01\/nueva-imagen-corporativa-en-pinturas-decolor-para-celebrar-el-40-aniversario\/"},"wordCount":1446,"commentCount":0,"publisher":{"@id":"https:\/\/www.decolor.com\/it\/#organization"},"image":{"@id":"https:\/\/www.decolor.com\/en\/2024\/07\/01\/nueva-imagen-corporativa-en-pinturas-decolor-para-celebrar-el-40-aniversario\/#primaryimage"},"thumbnailUrl":"https:\/\/www.decolor.com\/wp-content\/uploads\/2024\/07\/Nuevo-logo-PINTURAS-DECOLOR-en-su-40-Aniversario.png","articleSection":["Decolor"],"inLanguage":"fr-FR","potentialAction":[{"@type":"CommentAction","name":"Comment","target":["https:\/\/www.decolor.com\/en\/2024\/07\/01\/nueva-imagen-corporativa-en-pinturas-decolor-para-celebrar-el-40-aniversario\/#respond"]}]},{"@type":"WebPage","@id":"https:\/\/www.decolor.com\/en\/2024\/07\/01\/nueva-imagen-corporativa-en-pinturas-decolor-para-celebrar-el-40-aniversario\/","url":"https:\/\/www.decolor.com\/en\/2024\/07\/01\/nueva-imagen-corporativa-en-pinturas-decolor-para-celebrar-el-40-aniversario\/","name":"Pinturas DECOLOR celebramos 40 a\u00f1os de innovaci\u00f3n","isPartOf":{"@id":"https:\/\/www.decolor.com\/it\/#website"},"primaryImageOfPage":{"@id":"https:\/\/www.decolor.com\/en\/2024\/07\/01\/nueva-imagen-corporativa-en-pinturas-decolor-para-celebrar-el-40-aniversario\/#primaryimage"},"image":{"@id":"https:\/\/www.decolor.com\/en\/2024\/07\/01\/nueva-imagen-corporativa-en-pinturas-decolor-para-celebrar-el-40-aniversario\/#primaryimage"},"thumbnailUrl":"https:\/\/www.decolor.com\/wp-content\/uploads\/2024\/07\/Nuevo-logo-PINTURAS-DECOLOR-en-su-40-Aniversario.png","datePublished":"2024-07-01T08:32:39+00:00","dateModified":"2024-07-02T06:16:23+00:00","description":"Celebramos 40 a\u00f1os de innovaci\u00f3n y compromiso en Pinturas DECOLOR con un nuevo logo que simboliza nuestro crecimiento y visi\u00f3n.","breadcrumb":{"@id":"https:\/\/www.decolor.com\/en\/2024\/07\/01\/nueva-imagen-corporativa-en-pinturas-decolor-para-celebrar-el-40-aniversario\/#breadcrumb"},"inLanguage":"fr-FR","potentialAction":[{"@type":"ReadAction","target":["https:\/\/www.decolor.com\/en\/2024\/07\/01\/nueva-imagen-corporativa-en-pinturas-decolor-para-celebrar-el-40-aniversario\/"]}]},{"@type":"ImageObject","inLanguage":"fr-FR","@id":"https:\/\/www.decolor.com\/en\/2024\/07\/01\/nueva-imagen-corporativa-en-pinturas-decolor-para-celebrar-el-40-aniversario\/#primaryimage","url":"https:\/\/www.decolor.com\/wp-content\/uploads\/2024\/07\/Nuevo-logo-PINTURAS-DECOLOR-en-su-40-Aniversario.png","contentUrl":"https:\/\/www.decolor.com\/wp-content\/uploads\/2024\/07\/Nuevo-logo-PINTURAS-DECOLOR-en-su-40-Aniversario.png","width":920,"height":600,"caption":"Nuevo logo de Pinturas DECOLOR en ocasi\u00f3n de su 40 aniversario"},{"@type":"BreadcrumbList","@id":"https:\/\/www.decolor.com\/en\/2024\/07\/01\/nueva-imagen-corporativa-en-pinturas-decolor-para-celebrar-el-40-aniversario\/#breadcrumb","itemListElement":[{"@type":"ListItem","position":1,"name":"Home","item":"https:\/\/www.decolor.com\/"},{"@type":"ListItem","position":2,"name":"Nueva imagen corporativa en Pinturas DECOLOR para celebrar 40 a\u00f1os de innovaci\u00f3n y compromiso"}]},{"@type":"WebSite","@id":"https:\/\/www.decolor.com\/it\/#website","url":"https:\/\/www.decolor.com\/it\/","name":"Decolor","description":"D\u00e9coloration Web","publisher":{"@id":"https:\/\/www.decolor.com\/it\/#organization"},"potentialAction":[{"@type":"SearchAction","target":{"@type":"EntryPoint","urlTemplate":"https:\/\/www.decolor.com\/it\/?s={search_term_string}"},"query-input":{"@type":"PropertyValueSpecification","valueRequired":true,"valueName":"search_term_string"}}],"inLanguage":"fr-FR"},{"@type":"Organization","@id":"https:\/\/www.decolor.com\/it\/#organization","name":"Decolor","url":"https:\/\/www.decolor.com\/it\/","logo":{"@type":"ImageObject","inLanguage":"fr-FR","@id":"https:\/\/www.decolor.com\/it\/#\/schema\/logo\/image\/","url":"https:\/\/www.decolor.com\/wp-content\/uploads\/2021\/02\/marca_principal_pinturas_decolor_color.png","contentUrl":"https:\/\/www.decolor.com\/wp-content\/uploads\/2021\/02\/marca_principal_pinturas_decolor_color.png","width":1588,"height":421,"caption":"Decolor"},"image":{"@id":"https:\/\/www.decolor.com\/it\/#\/schema\/logo\/image\/"}},{"@type":"Person","@id":"https:\/\/www.decolor.com\/it\/#\/schema\/person\/97caf6fe02baef67513e86a4f3dc9c90","name":"administrateur","image":{"@type":"ImageObject","inLanguage":"fr-FR","@id":"https:\/\/www.decolor.com\/it\/#\/schema\/person\/image\/","url":"https:\/\/secure.gravatar.com\/avatar\/abe407930cb2e3e5c2930411ee6911c6?s=96&d=mm&r=g","contentUrl":"https:\/\/secure.gravatar.com\/avatar\/abe407930cb2e3e5c2930411ee6911c6?s=96&d=mm&r=g","caption":"admin"},"url":"https:\/\/www.decolor.com\/fr\/author\/admin\/"}]}},"_links":{"self":[{"href":"https:\/\/www.decolor.com\/fr\/wp-json\/wp\/v2\/posts\/148363"}],"collection":[{"href":"https:\/\/www.decolor.com\/fr\/wp-json\/wp\/v2\/posts"}],"about":[{"href":"https:\/\/www.decolor.com\/fr\/wp-json\/wp\/v2\/types\/post"}],"author":[{"embeddable":true,"href":"https:\/\/www.decolor.com\/fr\/wp-json\/wp\/v2\/users\/1"}],"replies":[{"embeddable":true,"href":"https:\/\/www.decolor.com\/fr\/wp-json\/wp\/v2\/comments?post=148363"}],"version-history":[{"count":15,"href":"https:\/\/www.decolor.com\/fr\/wp-json\/wp\/v2\/posts\/148363\/revisions"}],"predecessor-version":[{"id":148403,"href":"https:\/\/www.decolor.com\/fr\/wp-json\/wp\/v2\/posts\/148363\/revisions\/148403"}],"wp:featuredmedia":[{"embeddable":true,"href":"https:\/\/www.decolor.com\/fr\/wp-json\/wp\/v2\/media\/148365"}],"wp:attachment":[{"href":"https:\/\/www.decolor.com\/fr\/wp-json\/wp\/v2\/media?parent=148363"}],"wp:term":[{"taxonomy":"category","embeddable":true,"href":"https:\/\/www.decolor.com\/fr\/wp-json\/wp\/v2\/categories?post=148363"},{"taxonomy":"post_tag","embeddable":true,"href":"https:\/\/www.decolor.com\/fr\/wp-json\/wp\/v2\/tags?post=148363"}],"curies":[{"name":"wp","href":"https:\/\/api.w.org\/{rel}","templated":true}]}}