{"id":151016,"date":"2025-07-24T10:57:32","date_gmt":"2025-07-24T10:57:32","guid":{"rendered":"https:\/\/www.decolor.com\/?p=151016"},"modified":"2025-06-25T11:11:05","modified_gmt":"2025-06-25T11:11:05","slug":"como-la-pintura-aislante-termica-para-fachada-en-verano","status":"publish","type":"post","link":"https:\/\/www.decolor.com\/fr\/2025\/07\/24\/como-la-pintura-aislante-termica-para-fachada-en-verano\/","title":{"rendered":"Comment la peinture isolante thermique transforme votre fa\u00e7ade en \u00e9t\u00e9 comme en hiver"},"content":{"rendered":"<p>La recherche du confort thermique dans son logement n&#039;est plus un luxe, mais une n\u00e9cessit\u00e9, notamment face aux variations climatiques extr\u00eames que nous connaissons aujourd&#039;hui. L&#039;isolation est l&#039;une des solutions les plus efficaces et les plus accessibles pour am\u00e9liorer l&#039;isolation ext\u00e9rieure d&#039;une maison.<a href=\"https:\/\/www.decolor.com\/fr\/producto\/deco-aislant\/\"> <strong>peinture isolante thermique pour fa\u00e7ades<\/strong>.<\/a> Cette solution innovante prot\u00e8ge non seulement votre maison du froid et de la chaleur, mais contribue \u00e9galement \u00e0 l\u2019efficacit\u00e9 \u00e9nerg\u00e9tique et aux \u00e9conomies financi\u00e8res.<\/p>\n\n\n\n<h3 class=\"wp-block-heading\">Qu&#039;est-ce qu&#039;une peinture isolante thermique ?<\/h3>\n\n\n\n<p>La peinture d&#039;isolation thermique est un rev\u00eatement formul\u00e9 avec des additifs sp\u00e9ciaux (tels que des microsph\u00e8res c\u00e9ramiques ou r\u00e9fl\u00e9chissantes) qui contribuent \u00e0 maintenir une temp\u00e9rature int\u00e9rieure plus stable. Contrairement aux peintures classiques, elle agit comme une barri\u00e8re contre la chaleur ext\u00e9rieure en \u00e9t\u00e9 et pr\u00e9vient les d\u00e9perditions de chaleur en hiver.<\/p>\n\n\n<div class=\"wp-block-image\">\n<figure class=\"aligncenter size-full\"><a href=\"https:\/\/www.decolor.com\/fr\/producto\/deco-aislant\/\"><img fetchpriority=\"high\" decoding=\"async\" width=\"270\" height=\"270\" src=\"https:\/\/www.decolor.com\/wp-content\/uploads\/2025\/06\/FACHADAS-ALTA-GAMA.jpg\" alt=\"\" class=\"wp-image-151018\" srcset=\"https:\/\/www.decolor.com\/wp-content\/uploads\/2025\/06\/FACHADAS-ALTA-GAMA.jpg 270w, https:\/\/www.decolor.com\/wp-content\/uploads\/2025\/06\/FACHADAS-ALTA-GAMA-150x150.jpg 150w, https:\/\/www.decolor.com\/wp-content\/uploads\/2025\/06\/FACHADAS-ALTA-GAMA-12x12.jpg 12w\" sizes=\"(max-width: 270px) 100vw, 270px\" \/><\/a><\/figure><\/div>\n\n\n<h3 class=\"wp-block-heading\">Avantages de l&#039;application de peinture thermique sur votre fa\u00e7ade<\/h3>\n\n\n\n<p><strong>1. \u00c9conomie d\u2019\u00e9nergie :<\/strong><br>Cela r\u00e9duit le besoin de climatisation artificielle, ce qui se traduit par une consommation d\u2019\u00e9lectricit\u00e9 moindre.<\/p>\n\n\n\n<p><strong>2. Am\u00e9liore le confort int\u00e9rieur :<\/strong><br>Maintient une temp\u00e9rature plus constante dans la maison, sans changements brusques.<\/p>\n\n\n\n<p><strong>3. Protection externe :<\/strong><br>En plus d\u2019isoler, il prot\u00e8ge la fa\u00e7ade des intemp\u00e9ries, de l\u2019humidit\u00e9 et des rayons UV.<\/p>\n\n\n\n<p><strong>4. Durabilit\u00e9 :<\/strong><br>En r\u00e9duisant votre consommation d\u2019\u00e9nergie, vous r\u00e9duisez \u00e9galement l\u2019empreinte carbone de votre maison.<\/p>\n\n\n\n<p><strong>5. Maintenance r\u00e9duite :<\/strong><br>\u00c9tant imperm\u00e9able et r\u00e9sistant, il prolonge la dur\u00e9e de vie de la fa\u00e7ade.<\/p>\n\n\n\n<h3 class=\"wp-block-heading\">Dans quel type de b\u00e2timents est-il utile ?<\/h3>\n\n\n\n<ul class=\"wp-block-list\">\n<li>Maisons unifamiliales.<\/li>\n\n\n\n<li>Communaut\u00e9s de quartier.<\/li>\n\n\n\n<li>Locaux commerciaux.<\/li>\n\n\n\n<li>B\u00e2timents institutionnels.<\/li>\n\n\n\n<li>Fa\u00e7ades de b\u00e2timents industriels.<\/li>\n<\/ul>\n\n\n\n<p>Dans tous les cas, la peinture thermique contribue \u00e0 <strong>am\u00e9liorer l&#039;efficacit\u00e9 \u00e9nerg\u00e9tique<\/strong> du b\u00e2timent sans n\u00e9cessiter de r\u00e9novations invasives ou co\u00fbteuses.<\/p>\n\n\n\n<h3 class=\"wp-block-heading\">Comment s&#039;applique-t-il ?<\/h3>\n\n\n\n<ol class=\"wp-block-list\">\n<li><strong>Pr\u00e9paration du support :<\/strong> Il est important que la surface soit propre, s\u00e8che et sans imperfections.<\/li>\n\n\n\n<li><strong>Appr\u00eat si n\u00e9cessaire :<\/strong> Sur des supports tr\u00e8s poreux ou avec des mat\u00e9riaux sp\u00e9ciaux, une couche de base peut \u00eatre n\u00e9cessaire.<\/li>\n\n\n\n<li><strong>Application de la peinture isolante :<\/strong> Il est recommand\u00e9 d&#039;appliquer au moins deux couches en respectant les temps de s\u00e9chage entre chaque couche.<\/li>\n\n\n\n<li><strong>Entretien minimum :<\/strong> En g\u00e9n\u00e9ral, un nettoyage occasionnel suffit \u00e0 maintenir son efficacit\u00e9.<\/li>\n<\/ol>\n\n\n\n<h3 class=\"wp-block-heading\">Pourquoi le faire en \u00e9t\u00e9 ?<\/h3>\n\n\n\n<p>L&#039;\u00e9t\u00e9 est une p\u00e9riode id\u00e9ale pour appliquer ce type de peinture. Non seulement en raison des conditions m\u00e9t\u00e9orologiques favorables, mais aussi parce que les b\u00e9n\u00e9fices thermiques sont imm\u00e9diatement perceptibles\u00a0: moins de chaleur \u00e0 l&#039;int\u00e9rieur, moins d&#039;utilisation de la climatisation et un confort accru d\u00e8s le premier jour.<\/p>\n\n\n\n<h3 class=\"wp-block-heading\">Quel produit recommandons-nous ?<\/h3>\n\n\n\n<p>Chez Decolor, nous vous proposons de d\u00e9couvrir les produits de la <a><strong>Cat\u00e9gorie Peintures de fa\u00e7ade<\/strong><\/a>, o\u00f9 vous trouverez des solutions sp\u00e9cifiques avec <strong>propri\u00e9t\u00e9s isolantes, imperm\u00e9ables et respirantes<\/strong>Certains produits contiennent des additifs qui am\u00e9liorent la r\u00e9sistance thermique de la surface trait\u00e9e, id\u00e9aux pour les zones \u00e0 temp\u00e9ratures extr\u00eames.<\/p>\n\n\n\n<p><strong>\ud83d\udc49 <\/strong><a href=\"https:\/\/www.decolor.com\/fr\/pintura-fachadas\/\">D\u00e9couvrez les peintures de fa\u00e7ade <\/a><a>de D\u00e9colorer<\/a> et prot\u00e9gez votre maison toute l&#039;ann\u00e9e avec une technologie d&#039;isolation qui fait la diff\u00e9rence.<\/p>","protected":false},"excerpt":{"rendered":"<p>La recherche du confort thermique dans son logement n&#039;est plus un luxe, mais une n\u00e9cessit\u00e9, notamment face aux variations climatiques extr\u00eames que nous connaissons aujourd&#039;hui. L&#039;une des solutions les plus efficaces et les plus accessibles pour am\u00e9liorer l&#039;isolation ext\u00e9rieure d&#039;une maison est la peinture isolante thermique pour fa\u00e7ades. Cette solution\u2026 <a class=\"more-link\" href=\"https:\/\/www.decolor.com\/fr\/2025\/07\/24\/como-la-pintura-aislante-termica-para-fachada-en-verano\/\">Continuer la lecture <span class=\"screen-reader-text\">Comment la peinture isolante thermique transforme votre fa\u00e7ade en \u00e9t\u00e9 comme en hiver<\/span><\/a><\/p>","protected":false},"author":34,"featured_media":151017,"comment_status":"open","ping_status":"open","sticky":false,"template":"","format":"standard","meta":{"_acf_changed":false,"footnotes":""},"categories":[1],"tags":[],"class_list":["post-151016","post","type-post","status-publish","format-standard","has-post-thumbnail","hentry","category-decolor","entry"],"acf":[],"yoast_head":"<!-- This site is optimized with the Yoast SEO plugin v23.4 - https:\/\/yoast.com\/wordpress\/plugins\/seo\/ -->\n<title>C\u00f3mo la pintura aislante t\u00e9rmica para fachada en verano<\/title>\n<meta name=\"description\" content=\"\u00bfSab\u00edas que la pintura aislante t\u00e9rmica para fachadas puede reducir tu factura de luz y mejorar el confort en casa? Te contamos c\u00f3mo\" \/>\n<meta name=\"robots\" content=\"index, follow, max-snippet:-1, max-image-preview:large, max-video-preview:-1\" \/>\n<link rel=\"canonical\" href=\"https:\/\/www.decolor.com\/fr\/2025\/07\/24\/como-la-pintura-aislante-termica-para-fachada-en-verano\/\" \/>\n<meta property=\"og:locale\" content=\"fr_FR\" \/>\n<meta property=\"og:type\" content=\"article\" \/>\n<meta property=\"og:title\" content=\"C\u00f3mo la pintura aislante t\u00e9rmica para fachada en verano\" \/>\n<meta property=\"og:description\" content=\"\u00bfSab\u00edas que la pintura aislante t\u00e9rmica para fachadas puede reducir tu factura de luz y mejorar el confort en casa? Te contamos c\u00f3mo\" \/>\n<meta property=\"og:url\" content=\"https:\/\/www.decolor.com\/fr\/2025\/07\/24\/como-la-pintura-aislante-termica-para-fachada-en-verano\/\" \/>\n<meta property=\"og:site_name\" content=\"Decolor\" \/>\n<meta property=\"article:published_time\" content=\"2025-07-24T10:57:32+00:00\" \/>\n<meta property=\"article:modified_time\" content=\"2025-06-25T11:11:05+00:00\" \/>\n<meta property=\"og:image\" content=\"https:\/\/www.decolor.com\/wp-content\/uploads\/2025\/06\/portada-blog-3-1.jpg\" \/>\n\t<meta property=\"og:image:width\" content=\"1920\" \/>\n\t<meta property=\"og:image:height\" content=\"1080\" \/>\n\t<meta property=\"og:image:type\" content=\"image\/jpeg\" \/>\n<meta name=\"author\" content=\"sergio.serrano\" \/>\n<meta name=\"twitter:card\" content=\"summary_large_image\" \/>\n<meta name=\"twitter:label1\" content=\"\u00c9crit par\" \/>\n\t<meta name=\"twitter:data1\" content=\"sergio.serrano\" \/>\n\t<meta name=\"twitter:label2\" content=\"Dur\u00e9e de lecture estim\u00e9e\" \/>\n\t<meta name=\"twitter:data2\" content=\"3 minutes\" \/>\n<script type=\"application\/ld+json\" class=\"yoast-schema-graph\">{\"@context\":\"https:\/\/schema.org\",\"@graph\":[{\"@type\":\"Article\",\"@id\":\"https:\/\/www.decolor.com\/en\/2025\/07\/24\/como-la-pintura-aislante-termica-para-fachada-en-verano\/#article\",\"isPartOf\":{\"@id\":\"https:\/\/www.decolor.com\/en\/2025\/07\/24\/como-la-pintura-aislante-termica-para-fachada-en-verano\/\"},\"author\":{\"name\":\"sergio.serrano\",\"@id\":\"https:\/\/www.decolor.com\/it\/#\/schema\/person\/ee129ba55a6e106302c09dd53688a553\"},\"headline\":\"C\u00f3mo la pintura aislante t\u00e9rmica transforma tu fachada en verano e invierno\",\"datePublished\":\"2025-07-24T10:57:32+00:00\",\"dateModified\":\"2025-06-25T11:11:05+00:00\",\"mainEntityOfPage\":{\"@id\":\"https:\/\/www.decolor.com\/en\/2025\/07\/24\/como-la-pintura-aislante-termica-para-fachada-en-verano\/\"},\"wordCount\":509,\"commentCount\":0,\"publisher\":{\"@id\":\"https:\/\/www.decolor.com\/it\/#organization\"},\"image\":{\"@id\":\"https:\/\/www.decolor.com\/en\/2025\/07\/24\/como-la-pintura-aislante-termica-para-fachada-en-verano\/#primaryimage\"},\"thumbnailUrl\":\"https:\/\/www.decolor.com\/wp-content\/uploads\/2025\/06\/portada-blog-3-1.jpg\",\"articleSection\":[\"Decolor\"],\"inLanguage\":\"fr-FR\",\"potentialAction\":[{\"@type\":\"CommentAction\",\"name\":\"Comment\",\"target\":[\"https:\/\/www.decolor.com\/en\/2025\/07\/24\/como-la-pintura-aislante-termica-para-fachada-en-verano\/#respond\"]}]},{\"@type\":\"WebPage\",\"@id\":\"https:\/\/www.decolor.com\/en\/2025\/07\/24\/como-la-pintura-aislante-termica-para-fachada-en-verano\/\",\"url\":\"https:\/\/www.decolor.com\/en\/2025\/07\/24\/como-la-pintura-aislante-termica-para-fachada-en-verano\/\",\"name\":\"C\u00f3mo la pintura aislante t\u00e9rmica para fachada en verano\",\"isPartOf\":{\"@id\":\"https:\/\/www.decolor.com\/it\/#website\"},\"primaryImageOfPage\":{\"@id\":\"https:\/\/www.decolor.com\/en\/2025\/07\/24\/como-la-pintura-aislante-termica-para-fachada-en-verano\/#primaryimage\"},\"image\":{\"@id\":\"https:\/\/www.decolor.com\/en\/2025\/07\/24\/como-la-pintura-aislante-termica-para-fachada-en-verano\/#primaryimage\"},\"thumbnailUrl\":\"https:\/\/www.decolor.com\/wp-content\/uploads\/2025\/06\/portada-blog-3-1.jpg\",\"datePublished\":\"2025-07-24T10:57:32+00:00\",\"dateModified\":\"2025-06-25T11:11:05+00:00\",\"description\":\"\u00bfSab\u00edas que la pintura aislante t\u00e9rmica para fachadas puede reducir tu factura de luz y mejorar el confort en casa? Te contamos c\u00f3mo\",\"breadcrumb\":{\"@id\":\"https:\/\/www.decolor.com\/en\/2025\/07\/24\/como-la-pintura-aislante-termica-para-fachada-en-verano\/#breadcrumb\"},\"inLanguage\":\"fr-FR\",\"potentialAction\":[{\"@type\":\"ReadAction\",\"target\":[\"https:\/\/www.decolor.com\/en\/2025\/07\/24\/como-la-pintura-aislante-termica-para-fachada-en-verano\/\"]}]},{\"@type\":\"ImageObject\",\"inLanguage\":\"fr-FR\",\"@id\":\"https:\/\/www.decolor.com\/en\/2025\/07\/24\/como-la-pintura-aislante-termica-para-fachada-en-verano\/#primaryimage\",\"url\":\"https:\/\/www.decolor.com\/wp-content\/uploads\/2025\/06\/portada-blog-3-1.jpg\",\"contentUrl\":\"https:\/\/www.decolor.com\/wp-content\/uploads\/2025\/06\/portada-blog-3-1.jpg\",\"width\":1920,\"height\":1080,\"caption\":\"C\u00f3mo la pintura aislante t\u00e9rmica transforma tu fachada en verano e invierno\"},{\"@type\":\"BreadcrumbList\",\"@id\":\"https:\/\/www.decolor.com\/en\/2025\/07\/24\/como-la-pintura-aislante-termica-para-fachada-en-verano\/#breadcrumb\",\"itemListElement\":[{\"@type\":\"ListItem\",\"position\":1,\"name\":\"Home\",\"item\":\"https:\/\/www.decolor.com\/\"},{\"@type\":\"ListItem\",\"position\":2,\"name\":\"C\u00f3mo la pintura aislante t\u00e9rmica transforma tu fachada en verano e invierno\"}]},{\"@type\":\"WebSite\",\"@id\":\"https:\/\/www.decolor.com\/it\/#website\",\"url\":\"https:\/\/www.decolor.com\/it\/\",\"name\":\"Decolor\",\"description\":\"Web Decolor\",\"publisher\":{\"@id\":\"https:\/\/www.decolor.com\/it\/#organization\"},\"potentialAction\":[{\"@type\":\"SearchAction\",\"target\":{\"@type\":\"EntryPoint\",\"urlTemplate\":\"https:\/\/www.decolor.com\/it\/?s={search_term_string}\"},\"query-input\":{\"@type\":\"PropertyValueSpecification\",\"valueRequired\":true,\"valueName\":\"search_term_string\"}}],\"inLanguage\":\"fr-FR\"},{\"@type\":\"Organization\",\"@id\":\"https:\/\/www.decolor.com\/it\/#organization\",\"name\":\"Decolor\",\"url\":\"https:\/\/www.decolor.com\/it\/\",\"logo\":{\"@type\":\"ImageObject\",\"inLanguage\":\"fr-FR\",\"@id\":\"https:\/\/www.decolor.com\/it\/#\/schema\/logo\/image\/\",\"url\":\"https:\/\/www.decolor.com\/wp-content\/uploads\/2021\/02\/marca_principal_pinturas_decolor_color.png\",\"contentUrl\":\"https:\/\/www.decolor.com\/wp-content\/uploads\/2021\/02\/marca_principal_pinturas_decolor_color.png\",\"width\":1588,\"height\":421,\"caption\":\"Decolor\"},\"image\":{\"@id\":\"https:\/\/www.decolor.com\/it\/#\/schema\/logo\/image\/\"}},{\"@type\":\"Person\",\"@id\":\"https:\/\/www.decolor.com\/it\/#\/schema\/person\/ee129ba55a6e106302c09dd53688a553\",\"name\":\"sergio.serrano\",\"image\":{\"@type\":\"ImageObject\",\"inLanguage\":\"fr-FR\",\"@id\":\"https:\/\/www.decolor.com\/it\/#\/schema\/person\/image\/\",\"url\":\"https:\/\/secure.gravatar.com\/avatar\/420fb836392f59d23baa29c11ed43193?s=96&d=mm&r=g\",\"contentUrl\":\"https:\/\/secure.gravatar.com\/avatar\/420fb836392f59d23baa29c11ed43193?s=96&d=mm&r=g\",\"caption\":\"sergio.serrano\"},\"url\":\"https:\/\/www.decolor.com\/fr\/author\/sergio-serrano\/\"}]}<\/script>\n<!-- \/ Yoast SEO plugin. -->","yoast_head_json":{"title":"C\u00f3mo la pintura aislante t\u00e9rmica para fachada en verano","description":"\u00bfSab\u00edas que la pintura aislante t\u00e9rmica para fachadas puede reducir tu factura de luz y mejorar el confort en casa? Te contamos c\u00f3mo","robots":{"index":"index","follow":"follow","max-snippet":"max-snippet:-1","max-image-preview":"max-image-preview:large","max-video-preview":"max-video-preview:-1"},"canonical":"https:\/\/www.decolor.com\/fr\/2025\/07\/24\/como-la-pintura-aislante-termica-para-fachada-en-verano\/","og_locale":"fr_FR","og_type":"article","og_title":"C\u00f3mo la pintura aislante t\u00e9rmica para fachada en verano","og_description":"\u00bfSab\u00edas que la pintura aislante t\u00e9rmica para fachadas puede reducir tu factura de luz y mejorar el confort en casa? Te contamos c\u00f3mo","og_url":"https:\/\/www.decolor.com\/fr\/2025\/07\/24\/como-la-pintura-aislante-termica-para-fachada-en-verano\/","og_site_name":"Decolor","article_published_time":"2025-07-24T10:57:32+00:00","article_modified_time":"2025-06-25T11:11:05+00:00","og_image":[{"width":1920,"height":1080,"url":"https:\/\/www.decolor.com\/wp-content\/uploads\/2025\/06\/portada-blog-3-1.jpg","type":"image\/jpeg"}],"author":"sergio.serrano","twitter_card":"summary_large_image","twitter_misc":{"\u00c9crit par":"sergio.serrano","Dur\u00e9e de lecture estim\u00e9e":"3 minutes"},"schema":{"@context":"https:\/\/schema.org","@graph":[{"@type":"Article","@id":"https:\/\/www.decolor.com\/en\/2025\/07\/24\/como-la-pintura-aislante-termica-para-fachada-en-verano\/#article","isPartOf":{"@id":"https:\/\/www.decolor.com\/en\/2025\/07\/24\/como-la-pintura-aislante-termica-para-fachada-en-verano\/"},"author":{"name":"sergio.serrano","@id":"https:\/\/www.decolor.com\/it\/#\/schema\/person\/ee129ba55a6e106302c09dd53688a553"},"headline":"C\u00f3mo la pintura aislante t\u00e9rmica transforma tu fachada en verano e invierno","datePublished":"2025-07-24T10:57:32+00:00","dateModified":"2025-06-25T11:11:05+00:00","mainEntityOfPage":{"@id":"https:\/\/www.decolor.com\/en\/2025\/07\/24\/como-la-pintura-aislante-termica-para-fachada-en-verano\/"},"wordCount":509,"commentCount":0,"publisher":{"@id":"https:\/\/www.decolor.com\/it\/#organization"},"image":{"@id":"https:\/\/www.decolor.com\/en\/2025\/07\/24\/como-la-pintura-aislante-termica-para-fachada-en-verano\/#primaryimage"},"thumbnailUrl":"https:\/\/www.decolor.com\/wp-content\/uploads\/2025\/06\/portada-blog-3-1.jpg","articleSection":["Decolor"],"inLanguage":"fr-FR","potentialAction":[{"@type":"CommentAction","name":"Comment","target":["https:\/\/www.decolor.com\/en\/2025\/07\/24\/como-la-pintura-aislante-termica-para-fachada-en-verano\/#respond"]}]},{"@type":"WebPage","@id":"https:\/\/www.decolor.com\/en\/2025\/07\/24\/como-la-pintura-aislante-termica-para-fachada-en-verano\/","url":"https:\/\/www.decolor.com\/en\/2025\/07\/24\/como-la-pintura-aislante-termica-para-fachada-en-verano\/","name":"C\u00f3mo la pintura aislante t\u00e9rmica para fachada en verano","isPartOf":{"@id":"https:\/\/www.decolor.com\/it\/#website"},"primaryImageOfPage":{"@id":"https:\/\/www.decolor.com\/en\/2025\/07\/24\/como-la-pintura-aislante-termica-para-fachada-en-verano\/#primaryimage"},"image":{"@id":"https:\/\/www.decolor.com\/en\/2025\/07\/24\/como-la-pintura-aislante-termica-para-fachada-en-verano\/#primaryimage"},"thumbnailUrl":"https:\/\/www.decolor.com\/wp-content\/uploads\/2025\/06\/portada-blog-3-1.jpg","datePublished":"2025-07-24T10:57:32+00:00","dateModified":"2025-06-25T11:11:05+00:00","description":"\u00bfSab\u00edas que la pintura aislante t\u00e9rmica para fachadas puede reducir tu factura de luz y mejorar el confort en casa? Te contamos c\u00f3mo","breadcrumb":{"@id":"https:\/\/www.decolor.com\/en\/2025\/07\/24\/como-la-pintura-aislante-termica-para-fachada-en-verano\/#breadcrumb"},"inLanguage":"fr-FR","potentialAction":[{"@type":"ReadAction","target":["https:\/\/www.decolor.com\/en\/2025\/07\/24\/como-la-pintura-aislante-termica-para-fachada-en-verano\/"]}]},{"@type":"ImageObject","inLanguage":"fr-FR","@id":"https:\/\/www.decolor.com\/en\/2025\/07\/24\/como-la-pintura-aislante-termica-para-fachada-en-verano\/#primaryimage","url":"https:\/\/www.decolor.com\/wp-content\/uploads\/2025\/06\/portada-blog-3-1.jpg","contentUrl":"https:\/\/www.decolor.com\/wp-content\/uploads\/2025\/06\/portada-blog-3-1.jpg","width":1920,"height":1080,"caption":"C\u00f3mo la pintura aislante t\u00e9rmica transforma tu fachada en verano e invierno"},{"@type":"BreadcrumbList","@id":"https:\/\/www.decolor.com\/en\/2025\/07\/24\/como-la-pintura-aislante-termica-para-fachada-en-verano\/#breadcrumb","itemListElement":[{"@type":"ListItem","position":1,"name":"Home","item":"https:\/\/www.decolor.com\/"},{"@type":"ListItem","position":2,"name":"C\u00f3mo la pintura aislante t\u00e9rmica transforma tu fachada en verano e invierno"}]},{"@type":"WebSite","@id":"https:\/\/www.decolor.com\/it\/#website","url":"https:\/\/www.decolor.com\/it\/","name":"Decolor","description":"D\u00e9coloration Web","publisher":{"@id":"https:\/\/www.decolor.com\/it\/#organization"},"potentialAction":[{"@type":"SearchAction","target":{"@type":"EntryPoint","urlTemplate":"https:\/\/www.decolor.com\/it\/?s={search_term_string}"},"query-input":{"@type":"PropertyValueSpecification","valueRequired":true,"valueName":"search_term_string"}}],"inLanguage":"fr-FR"},{"@type":"Organization","@id":"https:\/\/www.decolor.com\/it\/#organization","name":"Decolor","url":"https:\/\/www.decolor.com\/it\/","logo":{"@type":"ImageObject","inLanguage":"fr-FR","@id":"https:\/\/www.decolor.com\/it\/#\/schema\/logo\/image\/","url":"https:\/\/www.decolor.com\/wp-content\/uploads\/2021\/02\/marca_principal_pinturas_decolor_color.png","contentUrl":"https:\/\/www.decolor.com\/wp-content\/uploads\/2021\/02\/marca_principal_pinturas_decolor_color.png","width":1588,"height":421,"caption":"Decolor"},"image":{"@id":"https:\/\/www.decolor.com\/it\/#\/schema\/logo\/image\/"}},{"@type":"Person","@id":"https:\/\/www.decolor.com\/it\/#\/schema\/person\/ee129ba55a6e106302c09dd53688a553","name":"Sergio Serrano","image":{"@type":"ImageObject","inLanguage":"fr-FR","@id":"https:\/\/www.decolor.com\/it\/#\/schema\/person\/image\/","url":"https:\/\/secure.gravatar.com\/avatar\/420fb836392f59d23baa29c11ed43193?s=96&d=mm&r=g","contentUrl":"https:\/\/secure.gravatar.com\/avatar\/420fb836392f59d23baa29c11ed43193?s=96&d=mm&r=g","caption":"sergio.serrano"},"url":"https:\/\/www.decolor.com\/fr\/author\/sergio-serrano\/"}]}},"_links":{"self":[{"href":"https:\/\/www.decolor.com\/fr\/wp-json\/wp\/v2\/posts\/151016"}],"collection":[{"href":"https:\/\/www.decolor.com\/fr\/wp-json\/wp\/v2\/posts"}],"about":[{"href":"https:\/\/www.decolor.com\/fr\/wp-json\/wp\/v2\/types\/post"}],"author":[{"embeddable":true,"href":"https:\/\/www.decolor.com\/fr\/wp-json\/wp\/v2\/users\/34"}],"replies":[{"embeddable":true,"href":"https:\/\/www.decolor.com\/fr\/wp-json\/wp\/v2\/comments?post=151016"}],"version-history":[{"count":1,"href":"https:\/\/www.decolor.com\/fr\/wp-json\/wp\/v2\/posts\/151016\/revisions"}],"predecessor-version":[{"id":151019,"href":"https:\/\/www.decolor.com\/fr\/wp-json\/wp\/v2\/posts\/151016\/revisions\/151019"}],"wp:featuredmedia":[{"embeddable":true,"href":"https:\/\/www.decolor.com\/fr\/wp-json\/wp\/v2\/media\/151017"}],"wp:attachment":[{"href":"https:\/\/www.decolor.com\/fr\/wp-json\/wp\/v2\/media?parent=151016"}],"wp:term":[{"taxonomy":"category","embeddable":true,"href":"https:\/\/www.decolor.com\/fr\/wp-json\/wp\/v2\/categories?post=151016"},{"taxonomy":"post_tag","embeddable":true,"href":"https:\/\/www.decolor.com\/fr\/wp-json\/wp\/v2\/tags?post=151016"}],"curies":[{"name":"wp","href":"https:\/\/api.w.org\/{rel}","templated":true}]}}