{"id":151336,"date":"2025-10-23T13:40:35","date_gmt":"2025-10-23T13:40:35","guid":{"rendered":"https:\/\/www.decolor.com\/?p=151336"},"modified":"2025-09-04T14:10:43","modified_gmt":"2025-09-04T14:10:43","slug":"fabrica-de-pinturas-ecologicas-como-decolor-lidera-el-cambio-hacia-un-futuro-mas-sostenible","status":"publish","type":"post","link":"https:\/\/www.decolor.com\/fr\/2025\/10\/23\/fabrica-de-pinturas-ecologicas-como-decolor-lidera-el-cambio-hacia-un-futuro-mas-sostenible\/","title":{"rendered":"Usine de peinture \u00e9cologique : comment DECOLOR m\u00e8ne la charge vers un avenir plus durable"},"content":{"rendered":"<p>Dans un monde o\u00f9 le d\u00e9veloppement durable est devenu une priorit\u00e9, l&#039;industrie de la peinture se r\u00e9invente \u00e9galement. Aujourd&#039;hui plus que jamais, les consommateurs recherchent des produits respectueux de l&#039;environnement sans sacrifier la performance et la durabilit\u00e9. Dans ce contexte, le concept de <strong>usine de peinture \u00e9cologique<\/strong>, et DECOLOR se positionne comme l\u2019une des marques leaders en Espagne dans cette transformation.<\/p>\n\n\n\n<h3 class=\"wp-block-heading\">Qu&#039;est-ce qu&#039;une peinture \u00e9cologique ?<\/h3>\n\n\n\n<p>Les peintures \u00e9cologiques sont celles qui ont \u00e9t\u00e9 formul\u00e9es avec :<\/p>\n\n\n\n<ul class=\"wp-block-list\">\n<li><strong>Teneur en compos\u00e9s organiques volatils (COV) faible ou nulle<\/strong>.<\/li>\n\n\n\n<li>Ingr\u00e9dients \u00e0 base d\u2019eau et sans solvants toxiques.<\/li>\n\n\n\n<li>Des proc\u00e9d\u00e9s de fabrication qui r\u00e9duisent l&#039;empreinte carbone.<\/li>\n\n\n\n<li>Emballage recyclable ou emballage produit avec des mat\u00e9riaux recycl\u00e9s.<\/li>\n<\/ul>\n\n\n\n<p>L\u2019objectif est de proposer des produits respectueux \u00e0 la fois de la sant\u00e9 humaine et de l\u2019environnement naturel.<\/p>\n\n\n\n<h3 class=\"wp-block-heading\">L&#039;engagement de DECOLOR envers l&#039;environnement<\/h3>\n\n\n\n<p>DECOLOR ne fabrique pas seulement des peintures, mais int\u00e8gre \u00e9galement la durabilit\u00e9 tout au long de sa cha\u00eene de production :<\/p>\n\n\n\n<ul class=\"wp-block-list\">\n<li>Certification ISO 14001 en management environnemental.<\/li>\n\n\n\n<li>Installations avec syst\u00e8mes de recyclage de l&#039;eau et de contr\u00f4le des \u00e9missions.<\/li>\n\n\n\n<li>D\u00e9veloppement de formules sans plomb, sans m\u00e9taux lourds et sans substances dangereuses.<\/li>\n\n\n\n<li>Innovation dans les rev\u00eatements qui permettent une plus grande durabilit\u00e9 et moins d&#039;entretien.<\/li>\n<\/ul>\n\n\n\n<p>Ces facteurs permettent \u00e0 DECOLOR d&#039;agir comme un v\u00e9ritable <strong>usine de peinture \u00e9cologique<\/strong> sans compromettre la qualit\u00e9 ou la finition de ses produits.<\/p>\n\n\n\n<h3 class=\"wp-block-heading\">Gamme \u00e9cologique en vedette<\/h3>\n\n\n\n<p>Dans le catalogue DECOLOR, vous trouverez une large gamme de solutions durables :<\/p>\n\n\n\n<ul class=\"wp-block-list\">\n<li><strong>Peintures plastiques \u00e0 base d&#039;eau<\/strong> comme <em>Mate D-800<\/em> soit <em>\u00c9kus<\/em>, id\u00e9al pour les int\u00e9rieurs sans odeur.<\/li>\n\n\n\n<li><strong>\u00c9maux \u00e0 l&#039;eau pour bois et m\u00e9tal<\/strong>, plus propre et plus facile \u00e0 appliquer.<\/li>\n\n\n\n<li><strong>Imperm\u00e9abilisation \u00e0 base d&#039;eau<\/strong>, comme <em>D\u00e9co-Elast Aqua<\/em>, s\u00fbr et efficace.<\/li>\n\n\n\n<li><strong>Colorants et colorants \u00e0 base d&#039;eau<\/strong>, sans solvants agressifs.<\/li>\n\n\n\n<li><strong>Vernis et teintures \u00e9cologiques<\/strong> qui prot\u00e8gent le bois tout en respectant son aspect naturel.<\/li>\n<\/ul>\n\n\n\n<p>Tous ces produits sont con\u00e7us pour r\u00e9pondre aux normes europ\u00e9ennes les plus exigeantes.<\/p>\n\n\n\n<h3 class=\"wp-block-heading\">Avantages de l&#039;utilisation de peintures \u00e9cologiques<\/h3>\n\n\n\n<p>En plus de leur impact positif sur l\u2019environnement, les peintures \u00e9cologiques :<\/p>\n\n\n\n<ul class=\"wp-block-list\">\n<li>Ils r\u00e9duisent les risques d\u2019allergies ou d\u2019intoxication.<\/li>\n\n\n\n<li>Ils permettent une ventilation plus rapide des espaces peints.<\/li>\n\n\n\n<li>Ils sont plus s\u00fbrs pour les enfants, les animaux domestiques et les personnes sensibles.<\/li>\n\n\n\n<li>Ils contribuent \u00e0 am\u00e9liorer la qualit\u00e9 de l\u2019air int\u00e9rieur.<\/li>\n\n\n\n<li>Ils sont conformes aux r\u00e9glementations LEED et autres labels de construction durable.<\/li>\n<\/ul>\n\n\n\n<h3 class=\"wp-block-heading\">L&#039;avenir du secteur<\/h3>\n\n\n\n<p>De plus en plus d&#039;architectes, de designers et d&#039;entreprises de construction exigent des produits respectueux de l&#039;environnement pour leurs projets. Les usines qui ne s&#039;adaptent pas \u00e0 cette demande seront exclues du march\u00e9. DECOLOR d\u00e9montre qu&#039;il est possible de produire durablement sans sacrifier l&#039;innovation ni les r\u00e9sultats.<\/p>\n\n\n\n<p>\ud83d\udc49 D\u00e9couvrez toutes les solutions \u00e9co-responsables de DECOLOR sur <a href=\"https:\/\/www.decolor.com\/fr\/?utm_source=chatgpt.com\">www.decolor.com<\/a><\/p>\n\n\n\n<figure class=\"wp-block-embed is-type-video is-provider-youtube wp-block-embed-youtube wp-embed-aspect-16-9 wp-has-aspect-ratio\"><div class=\"wp-block-embed__wrapper\">\n<iframe title=\"Prix de l&#039;entreprise investisseuse en qualit\u00e9 et environnement : PINTURAS DECOLOR, SL\" width=\"750\" height=\"422\" src=\"https:\/\/www.youtube.com\/embed\/jYyVrPvw4gE?feature=oembed\" frameborder=\"0\" allow=\"accelerometer; autoplay; clipboard-write; encrypted-media; gyroscope; picture-in-picture; web-share\" referrerpolicy=\"strict-origin-when-cross-origin\" allowfullscreen><\/iframe>\n<\/div><\/figure>","protected":false},"excerpt":{"rendered":"<p>Dans un monde o\u00f9 le d\u00e9veloppement durable est devenu une priorit\u00e9, l&#039;industrie de la peinture se r\u00e9invente elle aussi. Aujourd&#039;hui plus que jamais, les consommateurs recherchent des produits respectueux de l&#039;environnement sans sacrifier la performance et la durabilit\u00e9. Dans ce contexte, le concept d&#039;usine de peinture \u00e9cologique a \u00e9merg\u00e9, et DECOLOR se positionne comme\u2026 <a class=\"more-link\" href=\"https:\/\/www.decolor.com\/fr\/2025\/10\/23\/fabrica-de-pinturas-ecologicas-como-decolor-lidera-el-cambio-hacia-un-futuro-mas-sostenible\/\">Continuer la lecture <span class=\"screen-reader-text\">Usine de peinture \u00e9cologique : comment DECOLOR m\u00e8ne la charge vers un avenir plus durable<\/span><\/a><\/p>","protected":false},"author":34,"featured_media":151337,"comment_status":"open","ping_status":"open","sticky":false,"template":"","format":"standard","meta":{"_acf_changed":false,"footnotes":""},"categories":[1],"tags":[],"class_list":["post-151336","post","type-post","status-publish","format-standard","has-post-thumbnail","hentry","category-decolor","entry"],"acf":[],"yoast_head":"<!-- This site is optimized with the Yoast SEO plugin v23.4 - https:\/\/yoast.com\/wordpress\/plugins\/seo\/ -->\n<title>F\u00e1brica de pinturas ecol\u00f3gicas: c\u00f3mo DECOLOR lidera el cambio<\/title>\n<meta name=\"description\" content=\"\u00bfBuscas una f\u00e1brica de pinturas ecol\u00f3gicas en Espa\u00f1a? Descubre c\u00f3mo DECOLOR combina sostenibilidad, salud y tecnolog\u00eda para ofrecer productos respetuosos con el medio ambiente sin renunciar a la calidad.\" \/>\n<meta name=\"robots\" content=\"index, follow, max-snippet:-1, max-image-preview:large, max-video-preview:-1\" \/>\n<link rel=\"canonical\" href=\"https:\/\/www.decolor.com\/fr\/2025\/10\/23\/fabrica-de-pinturas-ecologicas-como-decolor-lidera-el-cambio-hacia-un-futuro-mas-sostenible\/\" \/>\n<meta property=\"og:locale\" content=\"fr_FR\" \/>\n<meta property=\"og:type\" content=\"article\" \/>\n<meta property=\"og:title\" content=\"F\u00e1brica de pinturas ecol\u00f3gicas: c\u00f3mo DECOLOR lidera el cambio\" \/>\n<meta property=\"og:description\" content=\"\u00bfBuscas una f\u00e1brica de pinturas ecol\u00f3gicas en Espa\u00f1a? Descubre c\u00f3mo DECOLOR combina sostenibilidad, salud y tecnolog\u00eda para ofrecer productos respetuosos con el medio ambiente sin renunciar a la calidad.\" \/>\n<meta property=\"og:url\" content=\"https:\/\/www.decolor.com\/fr\/2025\/10\/23\/fabrica-de-pinturas-ecologicas-como-decolor-lidera-el-cambio-hacia-un-futuro-mas-sostenible\/\" \/>\n<meta property=\"og:site_name\" content=\"Decolor\" \/>\n<meta property=\"article:published_time\" content=\"2025-10-23T13:40:35+00:00\" \/>\n<meta property=\"article:modified_time\" content=\"2025-09-04T14:10:43+00:00\" \/>\n<meta property=\"og:image\" content=\"https:\/\/www.decolor.com\/wp-content\/uploads\/2025\/09\/portada_blog-2.jpg\" \/>\n\t<meta property=\"og:image:width\" content=\"1920\" \/>\n\t<meta property=\"og:image:height\" content=\"1080\" \/>\n\t<meta property=\"og:image:type\" content=\"image\/jpeg\" \/>\n<meta name=\"author\" content=\"sergio.serrano\" \/>\n<meta name=\"twitter:card\" content=\"summary_large_image\" \/>\n<meta name=\"twitter:label1\" content=\"\u00c9crit par\" \/>\n\t<meta name=\"twitter:data1\" content=\"sergio.serrano\" \/>\n\t<meta name=\"twitter:label2\" content=\"Dur\u00e9e de lecture estim\u00e9e\" \/>\n\t<meta name=\"twitter:data2\" content=\"3 minutes\" \/>\n<script type=\"application\/ld+json\" class=\"yoast-schema-graph\">{\"@context\":\"https:\/\/schema.org\",\"@graph\":[{\"@type\":\"Article\",\"@id\":\"https:\/\/www.decolor.com\/en\/2025\/10\/23\/fabrica-de-pinturas-ecologicas-como-decolor-lidera-el-cambio-hacia-un-futuro-mas-sostenible\/#article\",\"isPartOf\":{\"@id\":\"https:\/\/www.decolor.com\/en\/2025\/10\/23\/fabrica-de-pinturas-ecologicas-como-decolor-lidera-el-cambio-hacia-un-futuro-mas-sostenible\/\"},\"author\":{\"name\":\"sergio.serrano\",\"@id\":\"https:\/\/www.decolor.com\/it\/#\/schema\/person\/ee129ba55a6e106302c09dd53688a553\"},\"headline\":\"F\u00e1brica de pinturas ecol\u00f3gicas: c\u00f3mo DECOLOR lidera el cambio hacia un futuro m\u00e1s sostenible\",\"datePublished\":\"2025-10-23T13:40:35+00:00\",\"dateModified\":\"2025-09-04T14:10:43+00:00\",\"mainEntityOfPage\":{\"@id\":\"https:\/\/www.decolor.com\/en\/2025\/10\/23\/fabrica-de-pinturas-ecologicas-como-decolor-lidera-el-cambio-hacia-un-futuro-mas-sostenible\/\"},\"wordCount\":487,\"commentCount\":0,\"publisher\":{\"@id\":\"https:\/\/www.decolor.com\/it\/#organization\"},\"image\":{\"@id\":\"https:\/\/www.decolor.com\/en\/2025\/10\/23\/fabrica-de-pinturas-ecologicas-como-decolor-lidera-el-cambio-hacia-un-futuro-mas-sostenible\/#primaryimage\"},\"thumbnailUrl\":\"https:\/\/www.decolor.com\/wp-content\/uploads\/2025\/09\/portada_blog-2.jpg\",\"articleSection\":[\"Decolor\"],\"inLanguage\":\"fr-FR\",\"potentialAction\":[{\"@type\":\"CommentAction\",\"name\":\"Comment\",\"target\":[\"https:\/\/www.decolor.com\/en\/2025\/10\/23\/fabrica-de-pinturas-ecologicas-como-decolor-lidera-el-cambio-hacia-un-futuro-mas-sostenible\/#respond\"]}]},{\"@type\":\"WebPage\",\"@id\":\"https:\/\/www.decolor.com\/en\/2025\/10\/23\/fabrica-de-pinturas-ecologicas-como-decolor-lidera-el-cambio-hacia-un-futuro-mas-sostenible\/\",\"url\":\"https:\/\/www.decolor.com\/en\/2025\/10\/23\/fabrica-de-pinturas-ecologicas-como-decolor-lidera-el-cambio-hacia-un-futuro-mas-sostenible\/\",\"name\":\"F\u00e1brica de pinturas ecol\u00f3gicas: c\u00f3mo DECOLOR lidera el cambio\",\"isPartOf\":{\"@id\":\"https:\/\/www.decolor.com\/it\/#website\"},\"primaryImageOfPage\":{\"@id\":\"https:\/\/www.decolor.com\/en\/2025\/10\/23\/fabrica-de-pinturas-ecologicas-como-decolor-lidera-el-cambio-hacia-un-futuro-mas-sostenible\/#primaryimage\"},\"image\":{\"@id\":\"https:\/\/www.decolor.com\/en\/2025\/10\/23\/fabrica-de-pinturas-ecologicas-como-decolor-lidera-el-cambio-hacia-un-futuro-mas-sostenible\/#primaryimage\"},\"thumbnailUrl\":\"https:\/\/www.decolor.com\/wp-content\/uploads\/2025\/09\/portada_blog-2.jpg\",\"datePublished\":\"2025-10-23T13:40:35+00:00\",\"dateModified\":\"2025-09-04T14:10:43+00:00\",\"description\":\"\u00bfBuscas una f\u00e1brica de pinturas ecol\u00f3gicas en Espa\u00f1a? Descubre c\u00f3mo DECOLOR combina sostenibilidad, salud y tecnolog\u00eda para ofrecer productos respetuosos con el medio ambiente sin renunciar a la calidad.\",\"breadcrumb\":{\"@id\":\"https:\/\/www.decolor.com\/en\/2025\/10\/23\/fabrica-de-pinturas-ecologicas-como-decolor-lidera-el-cambio-hacia-un-futuro-mas-sostenible\/#breadcrumb\"},\"inLanguage\":\"fr-FR\",\"potentialAction\":[{\"@type\":\"ReadAction\",\"target\":[\"https:\/\/www.decolor.com\/en\/2025\/10\/23\/fabrica-de-pinturas-ecologicas-como-decolor-lidera-el-cambio-hacia-un-futuro-mas-sostenible\/\"]}]},{\"@type\":\"ImageObject\",\"inLanguage\":\"fr-FR\",\"@id\":\"https:\/\/www.decolor.com\/en\/2025\/10\/23\/fabrica-de-pinturas-ecologicas-como-decolor-lidera-el-cambio-hacia-un-futuro-mas-sostenible\/#primaryimage\",\"url\":\"https:\/\/www.decolor.com\/wp-content\/uploads\/2025\/09\/portada_blog-2.jpg\",\"contentUrl\":\"https:\/\/www.decolor.com\/wp-content\/uploads\/2025\/09\/portada_blog-2.jpg\",\"width\":1920,\"height\":1080,\"caption\":\"F\u00e1brica de pinturas ecol\u00f3gicas: c\u00f3mo DECOLOR lidera el cambio hacia un futuro m\u00e1s sostenible\"},{\"@type\":\"BreadcrumbList\",\"@id\":\"https:\/\/www.decolor.com\/en\/2025\/10\/23\/fabrica-de-pinturas-ecologicas-como-decolor-lidera-el-cambio-hacia-un-futuro-mas-sostenible\/#breadcrumb\",\"itemListElement\":[{\"@type\":\"ListItem\",\"position\":1,\"name\":\"Home\",\"item\":\"https:\/\/www.decolor.com\/\"},{\"@type\":\"ListItem\",\"position\":2,\"name\":\"F\u00e1brica de pinturas ecol\u00f3gicas: c\u00f3mo DECOLOR lidera el cambio hacia un futuro m\u00e1s sostenible\"}]},{\"@type\":\"WebSite\",\"@id\":\"https:\/\/www.decolor.com\/it\/#website\",\"url\":\"https:\/\/www.decolor.com\/it\/\",\"name\":\"Decolor\",\"description\":\"Web Decolor\",\"publisher\":{\"@id\":\"https:\/\/www.decolor.com\/it\/#organization\"},\"potentialAction\":[{\"@type\":\"SearchAction\",\"target\":{\"@type\":\"EntryPoint\",\"urlTemplate\":\"https:\/\/www.decolor.com\/it\/?s={search_term_string}\"},\"query-input\":{\"@type\":\"PropertyValueSpecification\",\"valueRequired\":true,\"valueName\":\"search_term_string\"}}],\"inLanguage\":\"fr-FR\"},{\"@type\":\"Organization\",\"@id\":\"https:\/\/www.decolor.com\/it\/#organization\",\"name\":\"Decolor\",\"url\":\"https:\/\/www.decolor.com\/it\/\",\"logo\":{\"@type\":\"ImageObject\",\"inLanguage\":\"fr-FR\",\"@id\":\"https:\/\/www.decolor.com\/it\/#\/schema\/logo\/image\/\",\"url\":\"https:\/\/www.decolor.com\/wp-content\/uploads\/2021\/02\/marca_principal_pinturas_decolor_color.png\",\"contentUrl\":\"https:\/\/www.decolor.com\/wp-content\/uploads\/2021\/02\/marca_principal_pinturas_decolor_color.png\",\"width\":1588,\"height\":421,\"caption\":\"Decolor\"},\"image\":{\"@id\":\"https:\/\/www.decolor.com\/it\/#\/schema\/logo\/image\/\"}},{\"@type\":\"Person\",\"@id\":\"https:\/\/www.decolor.com\/it\/#\/schema\/person\/ee129ba55a6e106302c09dd53688a553\",\"name\":\"sergio.serrano\",\"image\":{\"@type\":\"ImageObject\",\"inLanguage\":\"fr-FR\",\"@id\":\"https:\/\/www.decolor.com\/it\/#\/schema\/person\/image\/\",\"url\":\"https:\/\/secure.gravatar.com\/avatar\/420fb836392f59d23baa29c11ed43193?s=96&d=mm&r=g\",\"contentUrl\":\"https:\/\/secure.gravatar.com\/avatar\/420fb836392f59d23baa29c11ed43193?s=96&d=mm&r=g\",\"caption\":\"sergio.serrano\"},\"url\":\"https:\/\/www.decolor.com\/fr\/author\/sergio-serrano\/\"}]}<\/script>\n<!-- \/ Yoast SEO plugin. -->","yoast_head_json":{"title":"F\u00e1brica de pinturas ecol\u00f3gicas: c\u00f3mo DECOLOR lidera el cambio","description":"\u00bfBuscas una f\u00e1brica de pinturas ecol\u00f3gicas en Espa\u00f1a? Descubre c\u00f3mo DECOLOR combina sostenibilidad, salud y tecnolog\u00eda para ofrecer productos respetuosos con el medio ambiente sin renunciar a la calidad.","robots":{"index":"index","follow":"follow","max-snippet":"max-snippet:-1","max-image-preview":"max-image-preview:large","max-video-preview":"max-video-preview:-1"},"canonical":"https:\/\/www.decolor.com\/fr\/2025\/10\/23\/fabrica-de-pinturas-ecologicas-como-decolor-lidera-el-cambio-hacia-un-futuro-mas-sostenible\/","og_locale":"fr_FR","og_type":"article","og_title":"F\u00e1brica de pinturas ecol\u00f3gicas: c\u00f3mo DECOLOR lidera el cambio","og_description":"\u00bfBuscas una f\u00e1brica de pinturas ecol\u00f3gicas en Espa\u00f1a? Descubre c\u00f3mo DECOLOR combina sostenibilidad, salud y tecnolog\u00eda para ofrecer productos respetuosos con el medio ambiente sin renunciar a la calidad.","og_url":"https:\/\/www.decolor.com\/fr\/2025\/10\/23\/fabrica-de-pinturas-ecologicas-como-decolor-lidera-el-cambio-hacia-un-futuro-mas-sostenible\/","og_site_name":"Decolor","article_published_time":"2025-10-23T13:40:35+00:00","article_modified_time":"2025-09-04T14:10:43+00:00","og_image":[{"width":1920,"height":1080,"url":"https:\/\/www.decolor.com\/wp-content\/uploads\/2025\/09\/portada_blog-2.jpg","type":"image\/jpeg"}],"author":"sergio.serrano","twitter_card":"summary_large_image","twitter_misc":{"\u00c9crit par":"sergio.serrano","Dur\u00e9e de lecture estim\u00e9e":"3 minutes"},"schema":{"@context":"https:\/\/schema.org","@graph":[{"@type":"Article","@id":"https:\/\/www.decolor.com\/en\/2025\/10\/23\/fabrica-de-pinturas-ecologicas-como-decolor-lidera-el-cambio-hacia-un-futuro-mas-sostenible\/#article","isPartOf":{"@id":"https:\/\/www.decolor.com\/en\/2025\/10\/23\/fabrica-de-pinturas-ecologicas-como-decolor-lidera-el-cambio-hacia-un-futuro-mas-sostenible\/"},"author":{"name":"sergio.serrano","@id":"https:\/\/www.decolor.com\/it\/#\/schema\/person\/ee129ba55a6e106302c09dd53688a553"},"headline":"F\u00e1brica de pinturas ecol\u00f3gicas: c\u00f3mo DECOLOR lidera el cambio hacia un futuro m\u00e1s sostenible","datePublished":"2025-10-23T13:40:35+00:00","dateModified":"2025-09-04T14:10:43+00:00","mainEntityOfPage":{"@id":"https:\/\/www.decolor.com\/en\/2025\/10\/23\/fabrica-de-pinturas-ecologicas-como-decolor-lidera-el-cambio-hacia-un-futuro-mas-sostenible\/"},"wordCount":487,"commentCount":0,"publisher":{"@id":"https:\/\/www.decolor.com\/it\/#organization"},"image":{"@id":"https:\/\/www.decolor.com\/en\/2025\/10\/23\/fabrica-de-pinturas-ecologicas-como-decolor-lidera-el-cambio-hacia-un-futuro-mas-sostenible\/#primaryimage"},"thumbnailUrl":"https:\/\/www.decolor.com\/wp-content\/uploads\/2025\/09\/portada_blog-2.jpg","articleSection":["Decolor"],"inLanguage":"fr-FR","potentialAction":[{"@type":"CommentAction","name":"Comment","target":["https:\/\/www.decolor.com\/en\/2025\/10\/23\/fabrica-de-pinturas-ecologicas-como-decolor-lidera-el-cambio-hacia-un-futuro-mas-sostenible\/#respond"]}]},{"@type":"WebPage","@id":"https:\/\/www.decolor.com\/en\/2025\/10\/23\/fabrica-de-pinturas-ecologicas-como-decolor-lidera-el-cambio-hacia-un-futuro-mas-sostenible\/","url":"https:\/\/www.decolor.com\/en\/2025\/10\/23\/fabrica-de-pinturas-ecologicas-como-decolor-lidera-el-cambio-hacia-un-futuro-mas-sostenible\/","name":"F\u00e1brica de pinturas ecol\u00f3gicas: c\u00f3mo DECOLOR lidera el cambio","isPartOf":{"@id":"https:\/\/www.decolor.com\/it\/#website"},"primaryImageOfPage":{"@id":"https:\/\/www.decolor.com\/en\/2025\/10\/23\/fabrica-de-pinturas-ecologicas-como-decolor-lidera-el-cambio-hacia-un-futuro-mas-sostenible\/#primaryimage"},"image":{"@id":"https:\/\/www.decolor.com\/en\/2025\/10\/23\/fabrica-de-pinturas-ecologicas-como-decolor-lidera-el-cambio-hacia-un-futuro-mas-sostenible\/#primaryimage"},"thumbnailUrl":"https:\/\/www.decolor.com\/wp-content\/uploads\/2025\/09\/portada_blog-2.jpg","datePublished":"2025-10-23T13:40:35+00:00","dateModified":"2025-09-04T14:10:43+00:00","description":"\u00bfBuscas una f\u00e1brica de pinturas ecol\u00f3gicas en Espa\u00f1a? Descubre c\u00f3mo DECOLOR combina sostenibilidad, salud y tecnolog\u00eda para ofrecer productos respetuosos con el medio ambiente sin renunciar a la calidad.","breadcrumb":{"@id":"https:\/\/www.decolor.com\/en\/2025\/10\/23\/fabrica-de-pinturas-ecologicas-como-decolor-lidera-el-cambio-hacia-un-futuro-mas-sostenible\/#breadcrumb"},"inLanguage":"fr-FR","potentialAction":[{"@type":"ReadAction","target":["https:\/\/www.decolor.com\/en\/2025\/10\/23\/fabrica-de-pinturas-ecologicas-como-decolor-lidera-el-cambio-hacia-un-futuro-mas-sostenible\/"]}]},{"@type":"ImageObject","inLanguage":"fr-FR","@id":"https:\/\/www.decolor.com\/en\/2025\/10\/23\/fabrica-de-pinturas-ecologicas-como-decolor-lidera-el-cambio-hacia-un-futuro-mas-sostenible\/#primaryimage","url":"https:\/\/www.decolor.com\/wp-content\/uploads\/2025\/09\/portada_blog-2.jpg","contentUrl":"https:\/\/www.decolor.com\/wp-content\/uploads\/2025\/09\/portada_blog-2.jpg","width":1920,"height":1080,"caption":"F\u00e1brica de pinturas ecol\u00f3gicas: c\u00f3mo DECOLOR lidera el cambio hacia un futuro m\u00e1s sostenible"},{"@type":"BreadcrumbList","@id":"https:\/\/www.decolor.com\/en\/2025\/10\/23\/fabrica-de-pinturas-ecologicas-como-decolor-lidera-el-cambio-hacia-un-futuro-mas-sostenible\/#breadcrumb","itemListElement":[{"@type":"ListItem","position":1,"name":"Home","item":"https:\/\/www.decolor.com\/"},{"@type":"ListItem","position":2,"name":"F\u00e1brica de pinturas ecol\u00f3gicas: c\u00f3mo DECOLOR lidera el cambio hacia un futuro m\u00e1s sostenible"}]},{"@type":"WebSite","@id":"https:\/\/www.decolor.com\/it\/#website","url":"https:\/\/www.decolor.com\/it\/","name":"Decolor","description":"D\u00e9coloration Web","publisher":{"@id":"https:\/\/www.decolor.com\/it\/#organization"},"potentialAction":[{"@type":"SearchAction","target":{"@type":"EntryPoint","urlTemplate":"https:\/\/www.decolor.com\/it\/?s={search_term_string}"},"query-input":{"@type":"PropertyValueSpecification","valueRequired":true,"valueName":"search_term_string"}}],"inLanguage":"fr-FR"},{"@type":"Organization","@id":"https:\/\/www.decolor.com\/it\/#organization","name":"Decolor","url":"https:\/\/www.decolor.com\/it\/","logo":{"@type":"ImageObject","inLanguage":"fr-FR","@id":"https:\/\/www.decolor.com\/it\/#\/schema\/logo\/image\/","url":"https:\/\/www.decolor.com\/wp-content\/uploads\/2021\/02\/marca_principal_pinturas_decolor_color.png","contentUrl":"https:\/\/www.decolor.com\/wp-content\/uploads\/2021\/02\/marca_principal_pinturas_decolor_color.png","width":1588,"height":421,"caption":"Decolor"},"image":{"@id":"https:\/\/www.decolor.com\/it\/#\/schema\/logo\/image\/"}},{"@type":"Person","@id":"https:\/\/www.decolor.com\/it\/#\/schema\/person\/ee129ba55a6e106302c09dd53688a553","name":"Sergio Serrano","image":{"@type":"ImageObject","inLanguage":"fr-FR","@id":"https:\/\/www.decolor.com\/it\/#\/schema\/person\/image\/","url":"https:\/\/secure.gravatar.com\/avatar\/420fb836392f59d23baa29c11ed43193?s=96&d=mm&r=g","contentUrl":"https:\/\/secure.gravatar.com\/avatar\/420fb836392f59d23baa29c11ed43193?s=96&d=mm&r=g","caption":"sergio.serrano"},"url":"https:\/\/www.decolor.com\/fr\/author\/sergio-serrano\/"}]}},"_links":{"self":[{"href":"https:\/\/www.decolor.com\/fr\/wp-json\/wp\/v2\/posts\/151336"}],"collection":[{"href":"https:\/\/www.decolor.com\/fr\/wp-json\/wp\/v2\/posts"}],"about":[{"href":"https:\/\/www.decolor.com\/fr\/wp-json\/wp\/v2\/types\/post"}],"author":[{"embeddable":true,"href":"https:\/\/www.decolor.com\/fr\/wp-json\/wp\/v2\/users\/34"}],"replies":[{"embeddable":true,"href":"https:\/\/www.decolor.com\/fr\/wp-json\/wp\/v2\/comments?post=151336"}],"version-history":[{"count":1,"href":"https:\/\/www.decolor.com\/fr\/wp-json\/wp\/v2\/posts\/151336\/revisions"}],"predecessor-version":[{"id":151338,"href":"https:\/\/www.decolor.com\/fr\/wp-json\/wp\/v2\/posts\/151336\/revisions\/151338"}],"wp:featuredmedia":[{"embeddable":true,"href":"https:\/\/www.decolor.com\/fr\/wp-json\/wp\/v2\/media\/151337"}],"wp:attachment":[{"href":"https:\/\/www.decolor.com\/fr\/wp-json\/wp\/v2\/media?parent=151336"}],"wp:term":[{"taxonomy":"category","embeddable":true,"href":"https:\/\/www.decolor.com\/fr\/wp-json\/wp\/v2\/categories?post=151336"},{"taxonomy":"post_tag","embeddable":true,"href":"https:\/\/www.decolor.com\/fr\/wp-json\/wp\/v2\/tags?post=151336"}],"curies":[{"name":"wp","href":"https:\/\/api.w.org\/{rel}","templated":true}]}}