{"id":148363,"date":"2024-07-01T08:32:39","date_gmt":"2024-07-01T08:32:39","guid":{"rendered":"https:\/\/www.decolor.com\/?p=148363"},"modified":"2024-07-02T06:16:23","modified_gmt":"2024-07-02T06:16:23","slug":"nueva-imagen-corporativa-en-pinturas-decolor-para-celebrar-el-40-aniversario","status":"publish","type":"post","link":"https:\/\/www.decolor.com\/it\/2024\/07\/01\/nueva-imagen-corporativa-en-pinturas-decolor-para-celebrar-el-40-aniversario\/","title":{"rendered":"Nuova immagine aziendale a Pinturas DECOLOR per celebrare 40 anni di innovazione e impegno"},"content":{"rendered":"<p>Noi di Pinturas DECOLOR siamo orgogliosi di celebrare il nostro 40\u00b0 anniversario, un momento speciale che segna quattro decenni di dedizione, innovazione, passione e impegno nei confronti dei nostri clienti.<\/p>\n\n\n\n<div style=\"height:20px\" aria-hidden=\"true\" class=\"wp-block-spacer\"><\/div>\n\n\n\n<p>Una storia lunga 40 anni che noi di Pinturas DECOLOR vogliamo celebrare con un cambio di immagine aziendale che riflette la nostra evoluzione, un nuovo design visivo del nostro logo che cattura l&#039;essenza di ci\u00f2 che siamo oggi, un&#039;azienda moderna, dinamica e in continua evoluzione, impegnata con eccellenza, sostenibilit\u00e0 e servizio al cliente.<\/p>\n\n\n\n<div style=\"height:20px\" aria-hidden=\"true\" class=\"wp-block-spacer\"><\/div>\n\n\n\n<h3 class=\"wp-block-heading\"><strong>La nuova immagine aziendale di Pinturas DECOLOR \u00e8 un riflesso della nostra storia, dei nostri valori e della nostra visione per il futuro.<\/strong><\/h3>\n\n\n\n<div style=\"height:20px\" aria-hidden=\"true\" class=\"wp-block-spacer\"><\/div>\n\n\n\n<p>Fin dalla nostra fondazione nel 1984, in Pinturas DECOLOR abbiamo stabilito le basi della nostra traiettoria e responsabilit\u00e0 con eccellenza in ogni dettaglio e siamo orgogliosi di avere certificazioni che supportano il nostro lavoro e che sono pi\u00f9 che un riconoscimento per i nostri prodotti, un riflesso del nostro impegno verso qualit\u00e0 e sostenibilit\u00e0.<\/p>\n\n\n\n<div style=\"height:20px\" aria-hidden=\"true\" class=\"wp-block-spacer\"><\/div>\n\n\n\n<p>All&#039;inizio, la produzione era ridotta alle vernici di base in strutture semplici. Attualmente, Pinturas DECOLOR dispone di uno stabilimento grande e moderno, dotato della pi\u00f9 alta tecnologia ed efficienza operativa, che facilita la crescita dell&#039;azienda e aumenta significativamente la nostra capacit\u00e0 produttiva la creazione di un&#039;ampia gamma di prodotti e soluzioni, nonch\u00e9 l&#039;apertura di negozi propri e l&#039;espansione della nostra rete distributiva, sia a livello nazionale che internazionale, rimanendo sempre fedeli agli stessi valori aziendali.<\/p>\n\n\n\n<p><\/p>\n\n\n\n<div style=\"height:25px\" aria-hidden=\"true\" class=\"wp-block-spacer\"><\/div>\n\n\n\n<h2 class=\"wp-block-heading has-large-font-size\" style=\"font-style:normal;font-weight:700;text-transform:uppercase\"><strong>Evoluzione dell&#039;identit\u00e0 aziendale di Pinturas DECOLOR<\/strong><\/h2>\n\n\n\n<div style=\"height:20px\" aria-hidden=\"true\" class=\"wp-block-spacer\"><\/div>\n\n\n\n<p>Nell&#039;ambito della celebrazione del nostro 40\u00b0 anniversario, a Pinturas DECOLOR siamo molto felici di annunciare un cambiamento significativo nella nostra immagine aziendale, abbiamo rinnovato il nostro logo!<\/p>\n\n\n\n<div style=\"height:20px\" aria-hidden=\"true\" class=\"wp-block-spacer\"><\/div>\n\n\n\n<p>Il cambio del logo non \u00e8 solo una questione estetica, ma rappresenta un&#039;evoluzione della nostra identit\u00e0 aziendale, per continuare a crescere e ad adattarci ai nostri clienti e al mercato, sebbene questa decisione non significhi un allontanamento dai nostri valori aziendali fondamentali, dal momento che l&#039;impegno nei nostri confronti clienti e all\u2019innovazione continuano ad essere la base della nostra filosofia e i pilastri che ci hanno permesso di crescere in questi 40 anni.<\/p>\n\n\n\n<div style=\"height:20px\" aria-hidden=\"true\" class=\"wp-block-spacer\"><\/div>\n\n\n\n<p><strong>Il nuovo logo mantiene la tipografia che da decenni contraddistingue il nostro marchio, conferendogli la personalit\u00e0 del colore arancione che simboleggia la nostra energia e passione, e del colore grigio che rappresenta la nostra professionalit\u00e0, fiducia e solidit\u00e0, <\/strong>entrambi i colori come base del nostro design.<\/p>\n\n\n\n<div style=\"height:20px\" aria-hidden=\"true\" class=\"wp-block-spacer\"><\/div>\n\n\n\n<p><strong>I colori arancione e grigio hanno per noi un significato speciale, con essi abbiamo cercato di trasmettere un messaggio speciale che unisca l&#039;evoluzione al cambiamento<\/strong>, essendo colori che segnano il percorso verso un futuro pieno di nuove possibilit\u00e0 e opportunit\u00e0 per continuare a innovare nel mondo della pittura.<\/p>\n\n\n\n<div style=\"height:20px\" aria-hidden=\"true\" class=\"wp-block-spacer\"><\/div>\n\n\n\n<figure class=\"wp-block-image size-full\"><img fetchpriority=\"high\" decoding=\"async\" width=\"900\" height=\"225\" src=\"https:\/\/www.decolor.com\/wp-content\/uploads\/2024\/07\/Cambio-de-logo-y-despedia-de-pintor-DECOLOR-1.png\" alt=\"\" class=\"wp-image-148384\" srcset=\"https:\/\/www.decolor.com\/wp-content\/uploads\/2024\/07\/Cambio-de-logo-y-despedia-de-pintor-DECOLOR-1.png 900w, https:\/\/www.decolor.com\/wp-content\/uploads\/2024\/07\/Cambio-de-logo-y-despedia-de-pintor-DECOLOR-1-300x75.png 300w, https:\/\/www.decolor.com\/wp-content\/uploads\/2024\/07\/Cambio-de-logo-y-despedia-de-pintor-DECOLOR-1-768x192.png 768w, https:\/\/www.decolor.com\/wp-content\/uploads\/2024\/07\/Cambio-de-logo-y-despedia-de-pintor-DECOLOR-1-18x5.png 18w\" sizes=\"(max-width: 900px) 100vw, 900px\" \/><\/figure>\n\n\n\n<h2 class=\"wp-block-heading has-large-font-size\" style=\"font-style:normal;font-weight:700;text-transform:uppercase\"><strong>L&#039;eredit\u00e0 del nostro pittore<\/strong><\/h2>\n\n\n\n<div style=\"height:20px\" aria-hidden=\"true\" class=\"wp-block-spacer\"><\/div>\n\n\n\n<p><strong>In questa nuova tappa abbiamo deciso di mandare in pensione l&#039;iconico isotipo del pittore che ci ha accompagnato per tanti anni, sviluppandone la funzione.<\/strong> Questo cambiamento \u00e8 un riflesso della nostra trasformazione e crescita, e anche se salutiamo con nostalgia il nostro emblematico e amato pittore, crediamo che sia un passo necessario per modernizzare la nostra immagine e allinearla con la nostra visione del futuro.<\/p>\n\n\n\n<div style=\"height:20px\" aria-hidden=\"true\" class=\"wp-block-spacer\"><\/div>\n\n\n\n<p>Il carattere rappresentativo del pittore ha personificato la nostra dedizione, impegno ed evoluzione nel settore della pittura, lasciando ora il posto a una nuova identit\u00e0 aziendale che riflette una visione pi\u00f9 moderna e attuale, in sintonia con le sfide e le opportunit\u00e0 del presente e del futuro.<\/p>\n\n\n\n<div style=\"height:20px\" aria-hidden=\"true\" class=\"wp-block-spacer\"><\/div>\n\n\n\n<p><strong>Il nuovo logo di Pinturas DECOLOR evidenzia l&#039;isotipo di una D tridimensionale che racchiude la forma di una casa incapsulata<\/strong>. Questo design non \u00e8 solo moderno e dinamico, ma simboleggia anche la nostra dedizione e il nostro lavoro con i clienti e i loro diversi progetti, riflettendo la nostra vasta capacit\u00e0 di offrire prodotti e soluzioni di verniciatura globale versatili e di alta qualit\u00e0. L&#039;inclusione della casa nel logo evidenzia il nostro impegno nel migliorare gli spazi, sia residenziali, commerciali, industriali e istituzionali, adattandoci alle esigenze specifiche di ogni superficie e progetto.<\/p>\n\n\n\n<div style=\"height:20px\" aria-hidden=\"true\" class=\"wp-block-spacer\"><\/div>\n\n\n\n<p>Con questo nuovo simbolo di una D tridimensionale a forma di casa incapsulata, rafforziamo la nostra identit\u00e0 e sottolineiamo il nostro impegno per la qualit\u00e0, la sostenibilit\u00e0 e la soddisfazione del cliente, guardando al futuro.<\/p>\n\n\n\n<figure class=\"wp-block-image size-full\"><img decoding=\"async\" width=\"900\" height=\"225\" src=\"https:\/\/www.decolor.com\/wp-content\/uploads\/2024\/07\/Cambio-de-logo-y-despedia-de-pintor-DECOLOR.png\" alt=\"\" class=\"wp-image-148382\" srcset=\"https:\/\/www.decolor.com\/wp-content\/uploads\/2024\/07\/Cambio-de-logo-y-despedia-de-pintor-DECOLOR.png 900w, https:\/\/www.decolor.com\/wp-content\/uploads\/2024\/07\/Cambio-de-logo-y-despedia-de-pintor-DECOLOR-300x75.png 300w, https:\/\/www.decolor.com\/wp-content\/uploads\/2024\/07\/Cambio-de-logo-y-despedia-de-pintor-DECOLOR-768x192.png 768w, https:\/\/www.decolor.com\/wp-content\/uploads\/2024\/07\/Cambio-de-logo-y-despedia-de-pintor-DECOLOR-18x5.png 18w\" sizes=\"(max-width: 900px) 100vw, 900px\" \/><\/figure>\n\n\n\n<div style=\"height:20px\" aria-hidden=\"true\" class=\"wp-block-spacer\"><\/div>\n\n\n\n<h2 class=\"wp-block-heading has-large-font-size\" style=\"font-style:normal;font-weight:700;text-transform:uppercase\"><strong>Guidare il cambiamento, contribuendo con i nostri valori<\/strong><\/h2>\n\n\n\n<div style=\"height:20px\" aria-hidden=\"true\" class=\"wp-block-spacer\"><\/div>\n\n\n\n<p>Fin dai nostri inizi, in Pinturas DECOLOR abbiamo mantenuto una ferma vocazione al servizio del cliente e sempre fedeli ai nostri valori aziendali:<\/p>\n\n\n\n<div style=\"height:20px\" aria-hidden=\"true\" class=\"wp-block-spacer\"><\/div>\n\n\n\n<ul class=\"wp-block-list\">\n<li><strong>FATTO IN SPAGNA:<\/strong> Tutti i nostri riferimenti sono fabbricati nella nostra sede centrale a La Roda (Albacete), dove produciamo un&#039;ampia gamma di prodotti, garantendo l&#039;eccellenza in ogni fase del processo produttivo e sviluppando una distribuzione efficiente ed efficace ai nostri clienti in tutto il mondo.<\/li>\n<\/ul>\n\n\n\n<div style=\"height:7px\" aria-hidden=\"true\" class=\"wp-block-spacer\"><\/div>\n\n\n\n<ul class=\"wp-block-list\">\n<li><strong>FLESSIBILIT\u00c0: <\/strong>Ci adattiamo al cliente e forniamo soluzioni rapide e su misura, grazie alla nostra capacit\u00e0 produttiva.<\/li>\n<\/ul>\n\n\n\n<div style=\"height:7px\" aria-hidden=\"true\" class=\"wp-block-spacer\"><\/div>\n\n\n\n<ul class=\"wp-block-list\">\n<li><strong>LA LOGISTICA:<\/strong> Disponiamo di una nostra flotta di veicoli, per garantire consegne rapide e personalizzate ai nostri clienti.<\/li>\n<\/ul>\n\n\n\n<div style=\"height:7px\" aria-hidden=\"true\" class=\"wp-block-spacer\"><\/div>\n\n\n\n<ul class=\"wp-block-list\">\n<li><strong>INNOVAZIONE:<\/strong> Siamo costantemente alla ricerca di nuove tecniche e materie prime per migliorare e offrire soluzioni di verniciatura innovative ai nostri clienti.<\/li>\n<\/ul>\n\n\n\n<div style=\"height:7px\" aria-hidden=\"true\" class=\"wp-block-spacer\"><\/div>\n\n\n\n<ul class=\"wp-block-list\">\n<li><strong>IMPEGNO AMBIENTALE<\/strong>: I nostri processi e prodotti sono rispettosi dell&#039;ambiente, con pratiche sostenibili che riducono al minimo l&#039;impatto ambientale.<\/li>\n<\/ul>\n\n\n\n<div style=\"height:7px\" aria-hidden=\"true\" class=\"wp-block-spacer\"><\/div>\n\n\n\n<ul class=\"wp-block-list\">\n<li><strong>PROFESSIONALIT\u00c0:<\/strong> Eccellente team di professionisti che fornisce servizio e consulenza ai clienti, a livello nazionale e internazionale.<\/li>\n<\/ul>\n\n\n\n<div style=\"height:7px\" aria-hidden=\"true\" class=\"wp-block-spacer\"><\/div>\n\n\n\n<ul class=\"wp-block-list\">\n<li><strong>QUALIT\u00c0:<\/strong> La nostra esperienza certifica il miglioramento continuo dei nostri prodotti, processi e servizi.<\/li>\n<\/ul>\n\n\n\n<div style=\"height:7px\" aria-hidden=\"true\" class=\"wp-block-spacer\"><\/div>\n\n\n\n<ul class=\"wp-block-list\">\n<li><strong>RESPONSABILIT\u00c0:<\/strong> Agiamo con integrit\u00e0 e responsabilit\u00e0 in tutte le nostre azioni, rispettando i pi\u00f9 alti standard etici e legali<\/li>\n<\/ul>\n\n\n\n<div style=\"height:24px\" aria-hidden=\"true\" class=\"wp-block-spacer\"><\/div>\n\n\n\n<p>L&#039;evoluzione di Pinturas DECOLOR \u00e8 stata possibile grazie a&nbsp;<strong>tre grandi pilastri<\/strong>.<\/p>\n\n\n\n<div style=\"height:7px\" aria-hidden=\"true\" class=\"wp-block-spacer\"><\/div>\n\n\n\n<p><\/p>\n\n\n\n<ul class=\"wp-block-list\">\n<li><strong>LE PERSONE che fanno parte della nostra azienda,<\/strong> perch\u00e9 in Pinturas DECOLOR crediamo fermamente che il nostro capitale umano sia la nostra pi\u00f9 grande forza, e la sua cura e sviluppo in squadra, promuovendo sempre un ambiente di lavoro collaborativo, sono stati essenziali per la nostra crescita. Apprezziamo il talento e il lavoro di ogni membro del nostro team e riconosciamo il loro contributo al successo dell&#039;azienda.<\/li>\n<\/ul>\n\n\n\n<div style=\"height:20px\" aria-hidden=\"true\" class=\"wp-block-spacer\"><\/div>\n\n\n\n<ol class=\"wp-block-list\"><\/ol>\n\n\n\n<p><\/p>\n\n\n\n<ul class=\"wp-block-list\">\n<li><strong>QUALIT\u00c0, INNOVAZIONE E SOSTENIBILIT\u00c0 <\/strong>Quello<strong>, <\/strong>Fin dalla nostra nascita, il Dipartimento Tecnico ha lavorato per offrire soluzioni di verniciatura di alto valore per i nostri clienti, opzioni versatili e competitive che non solo soddisfano gli standard di qualit\u00e0, ma promuovono anche la sostenibilit\u00e0.<\/li>\n<\/ul>\n\n\n\n<div style=\"height:20px\" aria-hidden=\"true\" class=\"wp-block-spacer\"><\/div>\n\n\n\n<ol class=\"wp-block-list\"><\/ol>\n\n\n\n<p><\/p>\n\n\n\n<ul class=\"wp-block-list\">\n<li><strong>ADATTAMENTO ALLE ESIGENZE DEL CLIENTE<\/strong>, perch\u00e9 il cliente \u00e8 sempre al centro di tutto ci\u00f2 che facciamo e il nostro obiettivo \u00e8 offrirvi il miglior servizio, adattandoci alle esigenze specifiche e mutevoli dei nostri clienti, contribuendo al successo dei loro progetti, questa filosofia ci ha permesso di costruire rapporti duraturi e di fiducia mantenuti nel tempo.<\/li>\n<\/ul>\n\n\n\n<div style=\"height:20px\" aria-hidden=\"true\" class=\"wp-block-spacer\"><\/div>\n\n\n\n<ol class=\"wp-block-list\"><\/ol>\n\n\n\n<p><\/p>\n\n\n\n<div style=\"height:20px\" aria-hidden=\"true\" class=\"wp-block-spacer\"><\/div>\n\n\n\n<h2 class=\"wp-block-heading has-large-font-size\" style=\"font-style:normal;font-weight:700;text-transform:uppercase\"><strong>Manteniamo la nostra essenza, guardando al futuro<\/strong><\/h2>\n\n\n\n<div style=\"height:20px\" aria-hidden=\"true\" class=\"wp-block-spacer\"><\/div>\n\n\n\n<p><strong>Festeggiare 40 anni non \u00e8 solo un&#039;occasione per guardarsi indietro e valorizzare tutto ci\u00f2 che abbiamo realizzato, ma anche per guardare al futuro con entusiasmo e fermezza, <\/strong>lavorando con la stessa passione e dedizione che ci ha caratterizzato.<\/p>\n\n\n\n<div style=\"height:20px\" aria-hidden=\"true\" class=\"wp-block-spacer\"><\/div>\n\n\n\n<p><strong>Siamo orgogliosi di camminare verso il futuro con un\u2019immagine rinnovata,<\/strong> Cambiamo per avanzare e migliorare, ma la nostra missione di fornire le migliori soluzioni di verniciatura rimane la stessa, proprio come facciamo dal 1984.<\/p>\n\n\n\n<div style=\"height:20px\" aria-hidden=\"true\" class=\"wp-block-spacer\"><\/div>\n\n\n\n<p><strong>Il processo di riprogettazione del logo \u00e8 stato attento e ponderato, assicurando di mantenere l&#039;essenza di ci\u00f2 che rende unico Pinturas DECOLOR. <\/strong>Il nuovo logo \u00e8 pi\u00f9 pulito e moderno, ma conserva gli elementi visivi che i nostri clienti associano a fiducia e qualit\u00e0, garantendo che la nostra identit\u00e0 visiva sia riconoscibile e continui a trasmettere i valori fondamentali del nostro marchio. Crediamo che questo cambiamento non solo ci prepari per le sfide del futuro, ma rispetti e onori anche l\u2019eredit\u00e0 del nostro iconico pittore.<\/p>\n\n\n\n<div style=\"height:20px\" aria-hidden=\"true\" class=\"wp-block-spacer\"><\/div>\n\n\n\n<p>Vogliamo ringraziare tutti coloro che hanno fatto parte del nostro viaggio, dipendenti, clienti, fornitori, collaboratori e partner commerciali, ognuno dei quali ha svolto un ruolo cruciale nella nostra storia di successo, per il loro supporto incondizionato nel corso di questi quattro decenni, quindi invitiamo di essere parte di questo cambiamento e, insieme, continuare a scrivere la storia di Pinturas DECOLOR.<\/p>\n\n\n\n<div style=\"height:20px\" aria-hidden=\"true\" class=\"wp-block-spacer\"><\/div>\n\n\n\n<p><strong>Grazie per essere parte della nostra storia, noi di Pinturas DECOLOR siamo pronti per i prossimi 40 anni con la stessa passione e dedizione. Benvenuti nella nuova era di Pinturas DECOLOR!<\/strong><\/p>\n\n\n\n<div style=\"height:20px\" aria-hidden=\"true\" class=\"wp-block-spacer\"><\/div>","protected":false},"excerpt":{"rendered":"<p>Noi di Pinturas DECOLOR siamo orgogliosi di celebrare il nostro 40\u00b0 anniversario, un momento speciale che segna quattro decenni di dedizione, innovazione, passione e impegno nei confronti dei nostri clienti. Una traiettoria lunga 40 anni che noi di Pinturas DECOLOR vogliamo commemorare con un cambio di immagine aziendale che riflette la nostra evoluzione, un nuovo design visivo del nostro logo che cattura... <a class=\"more-link\" href=\"https:\/\/www.decolor.com\/it\/2024\/07\/01\/nueva-imagen-corporativa-en-pinturas-decolor-para-celebrar-el-40-aniversario\/\">continua a leggere <span class=\"screen-reader-text\">Nuova immagine aziendale a Pinturas DECOLOR per celebrare 40 anni di innovazione e impegno<\/span><\/a><\/p>","protected":false},"author":1,"featured_media":148365,"comment_status":"open","ping_status":"open","sticky":false,"template":"","format":"standard","meta":{"_acf_changed":false,"footnotes":""},"categories":[1],"tags":[],"class_list":["post-148363","post","type-post","status-publish","format-standard","has-post-thumbnail","hentry","category-decolor","entry"],"acf":[],"yoast_head":"<!-- This site is optimized with the Yoast SEO plugin v23.4 - https:\/\/yoast.com\/wordpress\/plugins\/seo\/ -->\n<title>Pinturas DECOLOR celebramos 40 a\u00f1os de innovaci\u00f3n<\/title>\n<meta name=\"description\" content=\"Celebramos 40 a\u00f1os de innovaci\u00f3n y compromiso en Pinturas DECOLOR con un nuevo logo que simboliza nuestro crecimiento y visi\u00f3n.\" \/>\n<meta name=\"robots\" content=\"index, follow, max-snippet:-1, max-image-preview:large, max-video-preview:-1\" \/>\n<link rel=\"canonical\" href=\"https:\/\/www.decolor.com\/it\/2024\/07\/01\/nueva-imagen-corporativa-en-pinturas-decolor-para-celebrar-el-40-aniversario\/\" \/>\n<meta property=\"og:locale\" content=\"it_IT\" \/>\n<meta property=\"og:type\" content=\"article\" \/>\n<meta property=\"og:title\" content=\"Pinturas DECOLOR celebramos 40 a\u00f1os de innovaci\u00f3n\" \/>\n<meta property=\"og:description\" content=\"Celebramos 40 a\u00f1os de innovaci\u00f3n y compromiso en Pinturas DECOLOR con un nuevo logo que simboliza nuestro crecimiento y visi\u00f3n.\" \/>\n<meta property=\"og:url\" content=\"https:\/\/www.decolor.com\/it\/2024\/07\/01\/nueva-imagen-corporativa-en-pinturas-decolor-para-celebrar-el-40-aniversario\/\" \/>\n<meta property=\"og:site_name\" content=\"Decolor\" \/>\n<meta property=\"article:published_time\" content=\"2024-07-01T08:32:39+00:00\" \/>\n<meta property=\"article:modified_time\" content=\"2024-07-02T06:16:23+00:00\" \/>\n<meta property=\"og:image\" content=\"https:\/\/www.decolor.com\/wp-content\/uploads\/2024\/07\/Nuevo-logo-PINTURAS-DECOLOR-en-su-40-Aniversario.png\" \/>\n\t<meta property=\"og:image:width\" content=\"920\" \/>\n\t<meta property=\"og:image:height\" content=\"600\" \/>\n\t<meta property=\"og:image:type\" content=\"image\/png\" \/>\n<meta name=\"author\" content=\"admin\" \/>\n<meta name=\"twitter:card\" content=\"summary_large_image\" \/>\n<meta name=\"twitter:image\" content=\"https:\/\/www.decolor.com\/wp-content\/uploads\/2024\/07\/Nuevo-logo-PINTURAS-DECOLOR-en-su-40-Aniversario.png\" \/>\n<meta name=\"twitter:label1\" content=\"Scritto da\" \/>\n\t<meta name=\"twitter:data1\" content=\"admin\" \/>\n\t<meta name=\"twitter:label2\" content=\"Tempo di lettura stimato\" \/>\n\t<meta name=\"twitter:data2\" content=\"7 minuti\" \/>\n<script type=\"application\/ld+json\" class=\"yoast-schema-graph\">{\"@context\":\"https:\/\/schema.org\",\"@graph\":[{\"@type\":\"Article\",\"@id\":\"https:\/\/www.decolor.com\/en\/2024\/07\/01\/nueva-imagen-corporativa-en-pinturas-decolor-para-celebrar-el-40-aniversario\/#article\",\"isPartOf\":{\"@id\":\"https:\/\/www.decolor.com\/en\/2024\/07\/01\/nueva-imagen-corporativa-en-pinturas-decolor-para-celebrar-el-40-aniversario\/\"},\"author\":{\"name\":\"admin\",\"@id\":\"https:\/\/www.decolor.com\/it\/#\/schema\/person\/97caf6fe02baef67513e86a4f3dc9c90\"},\"headline\":\"Nueva imagen corporativa en Pinturas DECOLOR para celebrar 40 a\u00f1os de innovaci\u00f3n y compromiso\",\"datePublished\":\"2024-07-01T08:32:39+00:00\",\"dateModified\":\"2024-07-02T06:16:23+00:00\",\"mainEntityOfPage\":{\"@id\":\"https:\/\/www.decolor.com\/en\/2024\/07\/01\/nueva-imagen-corporativa-en-pinturas-decolor-para-celebrar-el-40-aniversario\/\"},\"wordCount\":1446,\"commentCount\":0,\"publisher\":{\"@id\":\"https:\/\/www.decolor.com\/it\/#organization\"},\"image\":{\"@id\":\"https:\/\/www.decolor.com\/en\/2024\/07\/01\/nueva-imagen-corporativa-en-pinturas-decolor-para-celebrar-el-40-aniversario\/#primaryimage\"},\"thumbnailUrl\":\"https:\/\/www.decolor.com\/wp-content\/uploads\/2024\/07\/Nuevo-logo-PINTURAS-DECOLOR-en-su-40-Aniversario.png\",\"articleSection\":[\"Decolor\"],\"inLanguage\":\"it-IT\",\"potentialAction\":[{\"@type\":\"CommentAction\",\"name\":\"Comment\",\"target\":[\"https:\/\/www.decolor.com\/en\/2024\/07\/01\/nueva-imagen-corporativa-en-pinturas-decolor-para-celebrar-el-40-aniversario\/#respond\"]}]},{\"@type\":\"WebPage\",\"@id\":\"https:\/\/www.decolor.com\/en\/2024\/07\/01\/nueva-imagen-corporativa-en-pinturas-decolor-para-celebrar-el-40-aniversario\/\",\"url\":\"https:\/\/www.decolor.com\/en\/2024\/07\/01\/nueva-imagen-corporativa-en-pinturas-decolor-para-celebrar-el-40-aniversario\/\",\"name\":\"Pinturas DECOLOR celebramos 40 a\u00f1os de innovaci\u00f3n\",\"isPartOf\":{\"@id\":\"https:\/\/www.decolor.com\/it\/#website\"},\"primaryImageOfPage\":{\"@id\":\"https:\/\/www.decolor.com\/en\/2024\/07\/01\/nueva-imagen-corporativa-en-pinturas-decolor-para-celebrar-el-40-aniversario\/#primaryimage\"},\"image\":{\"@id\":\"https:\/\/www.decolor.com\/en\/2024\/07\/01\/nueva-imagen-corporativa-en-pinturas-decolor-para-celebrar-el-40-aniversario\/#primaryimage\"},\"thumbnailUrl\":\"https:\/\/www.decolor.com\/wp-content\/uploads\/2024\/07\/Nuevo-logo-PINTURAS-DECOLOR-en-su-40-Aniversario.png\",\"datePublished\":\"2024-07-01T08:32:39+00:00\",\"dateModified\":\"2024-07-02T06:16:23+00:00\",\"description\":\"Celebramos 40 a\u00f1os de innovaci\u00f3n y compromiso en Pinturas DECOLOR con un nuevo logo que simboliza nuestro crecimiento y visi\u00f3n.\",\"breadcrumb\":{\"@id\":\"https:\/\/www.decolor.com\/en\/2024\/07\/01\/nueva-imagen-corporativa-en-pinturas-decolor-para-celebrar-el-40-aniversario\/#breadcrumb\"},\"inLanguage\":\"it-IT\",\"potentialAction\":[{\"@type\":\"ReadAction\",\"target\":[\"https:\/\/www.decolor.com\/en\/2024\/07\/01\/nueva-imagen-corporativa-en-pinturas-decolor-para-celebrar-el-40-aniversario\/\"]}]},{\"@type\":\"ImageObject\",\"inLanguage\":\"it-IT\",\"@id\":\"https:\/\/www.decolor.com\/en\/2024\/07\/01\/nueva-imagen-corporativa-en-pinturas-decolor-para-celebrar-el-40-aniversario\/#primaryimage\",\"url\":\"https:\/\/www.decolor.com\/wp-content\/uploads\/2024\/07\/Nuevo-logo-PINTURAS-DECOLOR-en-su-40-Aniversario.png\",\"contentUrl\":\"https:\/\/www.decolor.com\/wp-content\/uploads\/2024\/07\/Nuevo-logo-PINTURAS-DECOLOR-en-su-40-Aniversario.png\",\"width\":920,\"height\":600,\"caption\":\"Nuevo logo de Pinturas DECOLOR en ocasi\u00f3n de su 40 aniversario\"},{\"@type\":\"BreadcrumbList\",\"@id\":\"https:\/\/www.decolor.com\/en\/2024\/07\/01\/nueva-imagen-corporativa-en-pinturas-decolor-para-celebrar-el-40-aniversario\/#breadcrumb\",\"itemListElement\":[{\"@type\":\"ListItem\",\"position\":1,\"name\":\"Home\",\"item\":\"https:\/\/www.decolor.com\/\"},{\"@type\":\"ListItem\",\"position\":2,\"name\":\"Nueva imagen corporativa en Pinturas DECOLOR para celebrar 40 a\u00f1os de innovaci\u00f3n y compromiso\"}]},{\"@type\":\"WebSite\",\"@id\":\"https:\/\/www.decolor.com\/it\/#website\",\"url\":\"https:\/\/www.decolor.com\/it\/\",\"name\":\"Decolor\",\"description\":\"Web Decolor\",\"publisher\":{\"@id\":\"https:\/\/www.decolor.com\/it\/#organization\"},\"potentialAction\":[{\"@type\":\"SearchAction\",\"target\":{\"@type\":\"EntryPoint\",\"urlTemplate\":\"https:\/\/www.decolor.com\/it\/?s={search_term_string}\"},\"query-input\":{\"@type\":\"PropertyValueSpecification\",\"valueRequired\":true,\"valueName\":\"search_term_string\"}}],\"inLanguage\":\"it-IT\"},{\"@type\":\"Organization\",\"@id\":\"https:\/\/www.decolor.com\/it\/#organization\",\"name\":\"Decolor\",\"url\":\"https:\/\/www.decolor.com\/it\/\",\"logo\":{\"@type\":\"ImageObject\",\"inLanguage\":\"it-IT\",\"@id\":\"https:\/\/www.decolor.com\/it\/#\/schema\/logo\/image\/\",\"url\":\"https:\/\/www.decolor.com\/wp-content\/uploads\/2021\/02\/marca_principal_pinturas_decolor_color.png\",\"contentUrl\":\"https:\/\/www.decolor.com\/wp-content\/uploads\/2021\/02\/marca_principal_pinturas_decolor_color.png\",\"width\":1588,\"height\":421,\"caption\":\"Decolor\"},\"image\":{\"@id\":\"https:\/\/www.decolor.com\/it\/#\/schema\/logo\/image\/\"}},{\"@type\":\"Person\",\"@id\":\"https:\/\/www.decolor.com\/it\/#\/schema\/person\/97caf6fe02baef67513e86a4f3dc9c90\",\"name\":\"admin\",\"image\":{\"@type\":\"ImageObject\",\"inLanguage\":\"it-IT\",\"@id\":\"https:\/\/www.decolor.com\/it\/#\/schema\/person\/image\/\",\"url\":\"https:\/\/secure.gravatar.com\/avatar\/abe407930cb2e3e5c2930411ee6911c6?s=96&d=mm&r=g\",\"contentUrl\":\"https:\/\/secure.gravatar.com\/avatar\/abe407930cb2e3e5c2930411ee6911c6?s=96&d=mm&r=g\",\"caption\":\"admin\"},\"url\":\"https:\/\/www.decolor.com\/it\/author\/admin\/\"}]}<\/script>\n<!-- \/ Yoast SEO plugin. -->","yoast_head_json":{"title":"Pinturas DECOLOR celebramos 40 a\u00f1os de innovaci\u00f3n","description":"Celebramos 40 a\u00f1os de innovaci\u00f3n y compromiso en Pinturas DECOLOR con un nuevo logo que simboliza nuestro crecimiento y visi\u00f3n.","robots":{"index":"index","follow":"follow","max-snippet":"max-snippet:-1","max-image-preview":"max-image-preview:large","max-video-preview":"max-video-preview:-1"},"canonical":"https:\/\/www.decolor.com\/it\/2024\/07\/01\/nueva-imagen-corporativa-en-pinturas-decolor-para-celebrar-el-40-aniversario\/","og_locale":"it_IT","og_type":"article","og_title":"Pinturas DECOLOR celebramos 40 a\u00f1os de innovaci\u00f3n","og_description":"Celebramos 40 a\u00f1os de innovaci\u00f3n y compromiso en Pinturas DECOLOR con un nuevo logo que simboliza nuestro crecimiento y visi\u00f3n.","og_url":"https:\/\/www.decolor.com\/it\/2024\/07\/01\/nueva-imagen-corporativa-en-pinturas-decolor-para-celebrar-el-40-aniversario\/","og_site_name":"Decolor","article_published_time":"2024-07-01T08:32:39+00:00","article_modified_time":"2024-07-02T06:16:23+00:00","og_image":[{"width":920,"height":600,"url":"https:\/\/www.decolor.com\/wp-content\/uploads\/2024\/07\/Nuevo-logo-PINTURAS-DECOLOR-en-su-40-Aniversario.png","type":"image\/png"}],"author":"admin","twitter_card":"summary_large_image","twitter_image":"https:\/\/www.decolor.com\/wp-content\/uploads\/2024\/07\/Nuevo-logo-PINTURAS-DECOLOR-en-su-40-Aniversario.png","twitter_misc":{"Scritto da":"admin","Tempo di lettura stimato":"7 minuti"},"schema":{"@context":"https:\/\/schema.org","@graph":[{"@type":"Article","@id":"https:\/\/www.decolor.com\/en\/2024\/07\/01\/nueva-imagen-corporativa-en-pinturas-decolor-para-celebrar-el-40-aniversario\/#article","isPartOf":{"@id":"https:\/\/www.decolor.com\/en\/2024\/07\/01\/nueva-imagen-corporativa-en-pinturas-decolor-para-celebrar-el-40-aniversario\/"},"author":{"name":"admin","@id":"https:\/\/www.decolor.com\/it\/#\/schema\/person\/97caf6fe02baef67513e86a4f3dc9c90"},"headline":"Nueva imagen corporativa en Pinturas DECOLOR para celebrar 40 a\u00f1os de innovaci\u00f3n y compromiso","datePublished":"2024-07-01T08:32:39+00:00","dateModified":"2024-07-02T06:16:23+00:00","mainEntityOfPage":{"@id":"https:\/\/www.decolor.com\/en\/2024\/07\/01\/nueva-imagen-corporativa-en-pinturas-decolor-para-celebrar-el-40-aniversario\/"},"wordCount":1446,"commentCount":0,"publisher":{"@id":"https:\/\/www.decolor.com\/it\/#organization"},"image":{"@id":"https:\/\/www.decolor.com\/en\/2024\/07\/01\/nueva-imagen-corporativa-en-pinturas-decolor-para-celebrar-el-40-aniversario\/#primaryimage"},"thumbnailUrl":"https:\/\/www.decolor.com\/wp-content\/uploads\/2024\/07\/Nuevo-logo-PINTURAS-DECOLOR-en-su-40-Aniversario.png","articleSection":["Decolor"],"inLanguage":"it-IT","potentialAction":[{"@type":"CommentAction","name":"Comment","target":["https:\/\/www.decolor.com\/en\/2024\/07\/01\/nueva-imagen-corporativa-en-pinturas-decolor-para-celebrar-el-40-aniversario\/#respond"]}]},{"@type":"WebPage","@id":"https:\/\/www.decolor.com\/en\/2024\/07\/01\/nueva-imagen-corporativa-en-pinturas-decolor-para-celebrar-el-40-aniversario\/","url":"https:\/\/www.decolor.com\/en\/2024\/07\/01\/nueva-imagen-corporativa-en-pinturas-decolor-para-celebrar-el-40-aniversario\/","name":"Pinturas DECOLOR celebramos 40 a\u00f1os de innovaci\u00f3n","isPartOf":{"@id":"https:\/\/www.decolor.com\/it\/#website"},"primaryImageOfPage":{"@id":"https:\/\/www.decolor.com\/en\/2024\/07\/01\/nueva-imagen-corporativa-en-pinturas-decolor-para-celebrar-el-40-aniversario\/#primaryimage"},"image":{"@id":"https:\/\/www.decolor.com\/en\/2024\/07\/01\/nueva-imagen-corporativa-en-pinturas-decolor-para-celebrar-el-40-aniversario\/#primaryimage"},"thumbnailUrl":"https:\/\/www.decolor.com\/wp-content\/uploads\/2024\/07\/Nuevo-logo-PINTURAS-DECOLOR-en-su-40-Aniversario.png","datePublished":"2024-07-01T08:32:39+00:00","dateModified":"2024-07-02T06:16:23+00:00","description":"Celebramos 40 a\u00f1os de innovaci\u00f3n y compromiso en Pinturas DECOLOR con un nuevo logo que simboliza nuestro crecimiento y visi\u00f3n.","breadcrumb":{"@id":"https:\/\/www.decolor.com\/en\/2024\/07\/01\/nueva-imagen-corporativa-en-pinturas-decolor-para-celebrar-el-40-aniversario\/#breadcrumb"},"inLanguage":"it-IT","potentialAction":[{"@type":"ReadAction","target":["https:\/\/www.decolor.com\/en\/2024\/07\/01\/nueva-imagen-corporativa-en-pinturas-decolor-para-celebrar-el-40-aniversario\/"]}]},{"@type":"ImageObject","inLanguage":"it-IT","@id":"https:\/\/www.decolor.com\/en\/2024\/07\/01\/nueva-imagen-corporativa-en-pinturas-decolor-para-celebrar-el-40-aniversario\/#primaryimage","url":"https:\/\/www.decolor.com\/wp-content\/uploads\/2024\/07\/Nuevo-logo-PINTURAS-DECOLOR-en-su-40-Aniversario.png","contentUrl":"https:\/\/www.decolor.com\/wp-content\/uploads\/2024\/07\/Nuevo-logo-PINTURAS-DECOLOR-en-su-40-Aniversario.png","width":920,"height":600,"caption":"Nuevo logo de Pinturas DECOLOR en ocasi\u00f3n de su 40 aniversario"},{"@type":"BreadcrumbList","@id":"https:\/\/www.decolor.com\/en\/2024\/07\/01\/nueva-imagen-corporativa-en-pinturas-decolor-para-celebrar-el-40-aniversario\/#breadcrumb","itemListElement":[{"@type":"ListItem","position":1,"name":"Home","item":"https:\/\/www.decolor.com\/"},{"@type":"ListItem","position":2,"name":"Nueva imagen corporativa en Pinturas DECOLOR para celebrar 40 a\u00f1os de innovaci\u00f3n y compromiso"}]},{"@type":"WebSite","@id":"https:\/\/www.decolor.com\/it\/#website","url":"https:\/\/www.decolor.com\/it\/","name":"Colore","description":"Decorazione web","publisher":{"@id":"https:\/\/www.decolor.com\/it\/#organization"},"potentialAction":[{"@type":"SearchAction","target":{"@type":"EntryPoint","urlTemplate":"https:\/\/www.decolor.com\/it\/?s={search_term_string}"},"query-input":{"@type":"PropertyValueSpecification","valueRequired":true,"valueName":"search_term_string"}}],"inLanguage":"it-IT"},{"@type":"Organization","@id":"https:\/\/www.decolor.com\/it\/#organization","name":"Colore","url":"https:\/\/www.decolor.com\/it\/","logo":{"@type":"ImageObject","inLanguage":"it-IT","@id":"https:\/\/www.decolor.com\/it\/#\/schema\/logo\/image\/","url":"https:\/\/www.decolor.com\/wp-content\/uploads\/2021\/02\/marca_principal_pinturas_decolor_color.png","contentUrl":"https:\/\/www.decolor.com\/wp-content\/uploads\/2021\/02\/marca_principal_pinturas_decolor_color.png","width":1588,"height":421,"caption":"Decolor"},"image":{"@id":"https:\/\/www.decolor.com\/it\/#\/schema\/logo\/image\/"}},{"@type":"Person","@id":"https:\/\/www.decolor.com\/it\/#\/schema\/person\/97caf6fe02baef67513e86a4f3dc9c90","name":"amministratore","image":{"@type":"ImageObject","inLanguage":"it-IT","@id":"https:\/\/www.decolor.com\/it\/#\/schema\/person\/image\/","url":"https:\/\/secure.gravatar.com\/avatar\/abe407930cb2e3e5c2930411ee6911c6?s=96&d=mm&r=g","contentUrl":"https:\/\/secure.gravatar.com\/avatar\/abe407930cb2e3e5c2930411ee6911c6?s=96&d=mm&r=g","caption":"admin"},"url":"https:\/\/www.decolor.com\/it\/author\/admin\/"}]}},"_links":{"self":[{"href":"https:\/\/www.decolor.com\/it\/wp-json\/wp\/v2\/posts\/148363"}],"collection":[{"href":"https:\/\/www.decolor.com\/it\/wp-json\/wp\/v2\/posts"}],"about":[{"href":"https:\/\/www.decolor.com\/it\/wp-json\/wp\/v2\/types\/post"}],"author":[{"embeddable":true,"href":"https:\/\/www.decolor.com\/it\/wp-json\/wp\/v2\/users\/1"}],"replies":[{"embeddable":true,"href":"https:\/\/www.decolor.com\/it\/wp-json\/wp\/v2\/comments?post=148363"}],"version-history":[{"count":15,"href":"https:\/\/www.decolor.com\/it\/wp-json\/wp\/v2\/posts\/148363\/revisions"}],"predecessor-version":[{"id":148403,"href":"https:\/\/www.decolor.com\/it\/wp-json\/wp\/v2\/posts\/148363\/revisions\/148403"}],"wp:featuredmedia":[{"embeddable":true,"href":"https:\/\/www.decolor.com\/it\/wp-json\/wp\/v2\/media\/148365"}],"wp:attachment":[{"href":"https:\/\/www.decolor.com\/it\/wp-json\/wp\/v2\/media?parent=148363"}],"wp:term":[{"taxonomy":"category","embeddable":true,"href":"https:\/\/www.decolor.com\/it\/wp-json\/wp\/v2\/categories?post=148363"},{"taxonomy":"post_tag","embeddable":true,"href":"https:\/\/www.decolor.com\/it\/wp-json\/wp\/v2\/tags?post=148363"}],"curies":[{"name":"parola chiave","href":"https:\/\/api.w.org\/{rel}","templated":true}]}}