{"id":148363,"date":"2024-07-01T08:32:39","date_gmt":"2024-07-01T08:32:39","guid":{"rendered":"https:\/\/www.decolor.com\/?p=148363"},"modified":"2024-07-02T06:16:23","modified_gmt":"2024-07-02T06:16:23","slug":"nueva-imagen-corporativa-en-pinturas-decolor-para-celebrar-el-40-aniversario","status":"publish","type":"post","link":"https:\/\/www.decolor.com\/nl\/2024\/07\/01\/nueva-imagen-corporativa-en-pinturas-decolor-para-celebrar-el-40-aniversario\/","title":{"rendered":"Nieuw bedrijfsimago bij Pinturas DECOLOR om 40 jaar innovatie en toewijding te vieren"},"content":{"rendered":"<p>Bij Pinturas DECOLOR vieren we met trots ons 40-jarig jubileum, een bijzonder moment dat vier decennia van toewijding, innovatie, passie en toewijding aan onze klanten markeert.<\/p>\n\n\n\n<div style=\"height:20px\" aria-hidden=\"true\" class=\"wp-block-spacer\"><\/div>\n\n\n\n<p>Een 40-jarige geschiedenis die we bij Pinturas DECOLOR willen herdenken met een verandering van bedrijfsimago die onze evolutie weerspiegelt, een nieuw visueel ontwerp van ons logo dat de essentie weergeeft van wat we vandaag zijn, een modern, dynamisch en voortdurend evoluerend bedrijf, toegewijd aan uitmuntendheid, duurzaamheid en klantenservice.<\/p>\n\n\n\n<div style=\"height:20px\" aria-hidden=\"true\" class=\"wp-block-spacer\"><\/div>\n\n\n\n<h3 class=\"wp-block-heading\"><strong>Het nieuwe bedrijfsimago van Pinturas DECOLOR is een weerspiegeling van onze geschiedenis, onze waarden en onze visie op de toekomst.<\/strong><\/h3>\n\n\n\n<div style=\"height:20px\" aria-hidden=\"true\" class=\"wp-block-spacer\"><\/div>\n\n\n\n<p>Sinds onze oprichting in 1984 hebben we bij Pinturas DECOLOR de basis gelegd voor ons traject en onze verantwoordelijkheid met uitmuntendheid in elk detail. We zijn er trots op dat we certificeringen hebben die ons werk ondersteunen en die meer zijn dan een erkenning voor onze producten, een weerspiegeling van onze toewijding aan kwaliteit en duurzaamheid.<\/p>\n\n\n\n<div style=\"height:20px\" aria-hidden=\"true\" class=\"wp-block-spacer\"><\/div>\n\n\n\n<p>In ons begin werd de productie teruggebracht tot basisverven in eenvoudige faciliteiten. Momenteel beschikt Pinturas DECOLOR over een grote en moderne fabriek, uitgerust met de hoogste technologie en operationele effici\u00ebntie, wat de groei van het bedrijf vergemakkelijkt en onze productiecapaciteit aanzienlijk vergroot creatie van een uitgebreid assortiment producten en oplossingen, evenals de opening van onze eigen winkels en de uitbreiding van ons distributienetwerk, zowel nationaal als internationaal, waarbij we altijd trouw blijven aan dezelfde bedrijfswaarden.<\/p>\n\n\n\n<p><\/p>\n\n\n\n<div style=\"height:25px\" aria-hidden=\"true\" class=\"wp-block-spacer\"><\/div>\n\n\n\n<h2 class=\"wp-block-heading has-large-font-size\" style=\"font-style:normal;font-weight:700;text-transform:uppercase\"><strong>Evolutie van de bedrijfsidentiteit van Pinturas DECOLOR<\/strong><\/h2>\n\n\n\n<div style=\"height:20px\" aria-hidden=\"true\" class=\"wp-block-spacer\"><\/div>\n\n\n\n<p>In het kader van de viering van ons 40-jarig jubileum zijn we bij Pinturas DECOLOR erg blij om een belangrijke verandering in ons bedrijfsimago aan te kondigen: we hebben ons logo vernieuwd!<\/p>\n\n\n\n<div style=\"height:20px\" aria-hidden=\"true\" class=\"wp-block-spacer\"><\/div>\n\n\n\n<p>De logowijziging is niet alleen een esthetische kwestie, maar vertegenwoordigt een evolutie in onze bedrijfsidentiteit, om te blijven groeien en ons aan te passen aan onze klanten en de markt, hoewel deze beslissing geen afwijking betekent van onze fundamentele bedrijfswaarden, aangezien de toewijding aan onze klanten en innovatie blijven de basis van onze filosofie en pijlers waardoor we gedurende deze 40 jaar kunnen groeien.<\/p>\n\n\n\n<div style=\"height:20px\" aria-hidden=\"true\" class=\"wp-block-spacer\"><\/div>\n\n\n\n<p><strong>Het nieuwe logo behoudt de typografie die al tientallen jaren kenmerkend is voor ons merk, waardoor het de persoonlijkheid krijgt van de oranje kleur die onze energie en passie symboliseert, en de grijze kleur die onze professionaliteit, vertrouwen en soliditeit vertegenwoordigt. <\/strong>beide kleuren als basis van ons ontwerp.<\/p>\n\n\n\n<div style=\"height:20px\" aria-hidden=\"true\" class=\"wp-block-spacer\"><\/div>\n\n\n\n<p><strong>De kleuren oranje en grijs hebben voor ons een speciale betekenis, waarmee we een bijzondere boodschap hebben willen overbrengen die evolutie met verandering combineert<\/strong>, omdat het kleuren zijn die het pad markeren naar een toekomst vol nieuwe mogelijkheden en kansen om te blijven innoveren in de wereld van de schilderkunst.<\/p>\n\n\n\n<div style=\"height:20px\" aria-hidden=\"true\" class=\"wp-block-spacer\"><\/div>\n\n\n\n<figure class=\"wp-block-image size-full\"><img fetchpriority=\"high\" decoding=\"async\" width=\"900\" height=\"225\" src=\"https:\/\/www.decolor.com\/wp-content\/uploads\/2024\/07\/Cambio-de-logo-y-despedia-de-pintor-DECOLOR-1.png\" alt=\"\" class=\"wp-image-148384\" srcset=\"https:\/\/www.decolor.com\/wp-content\/uploads\/2024\/07\/Cambio-de-logo-y-despedia-de-pintor-DECOLOR-1.png 900w, https:\/\/www.decolor.com\/wp-content\/uploads\/2024\/07\/Cambio-de-logo-y-despedia-de-pintor-DECOLOR-1-300x75.png 300w, https:\/\/www.decolor.com\/wp-content\/uploads\/2024\/07\/Cambio-de-logo-y-despedia-de-pintor-DECOLOR-1-768x192.png 768w, https:\/\/www.decolor.com\/wp-content\/uploads\/2024\/07\/Cambio-de-logo-y-despedia-de-pintor-DECOLOR-1-18x5.png 18w\" sizes=\"(max-width: 900px) 100vw, 900px\" \/><\/figure>\n\n\n\n<h2 class=\"wp-block-heading has-large-font-size\" style=\"font-style:normal;font-weight:700;text-transform:uppercase\"><strong>De erfenis van onze schilder<\/strong><\/h2>\n\n\n\n<div style=\"height:20px\" aria-hidden=\"true\" class=\"wp-block-spacer\"><\/div>\n\n\n\n<p><strong>In deze nieuwe fase hebben we besloten om het iconische isotype van de schilder die ons al zoveel jaren heeft vergezeld, met pensioen te laten gaan en zijn functie te ontwikkelen.<\/strong> Deze verandering is een weerspiegeling van onze transformatie en groei, en hoewel we met nostalgie afscheid nemen van onze emblematische en geliefde schilder, geloven we dat het een noodzakelijke stap is om ons imago te moderniseren en in lijn te brengen met onze visie op de toekomst.<\/p>\n\n\n\n<div style=\"height:20px\" aria-hidden=\"true\" class=\"wp-block-spacer\"><\/div>\n\n\n\n<p>Het representatieve karakter van de schilder heeft onze toewijding, betrokkenheid en evolutie in de schildersector verpersoonlijkt en maakt nu plaats voor een nieuwe bedrijfsidentiteit die een modernere en actuelere visie weerspiegelt, afgestemd op de uitdagingen en kansen van het heden en de toekomst.<\/p>\n\n\n\n<div style=\"height:20px\" aria-hidden=\"true\" class=\"wp-block-spacer\"><\/div>\n\n\n\n<p><strong>Het nieuwe logo van Pinturas DECOLOR benadrukt het isotype van een driedimensionale D, inclusief de vorm van een ingekapseld huis<\/strong>. Dit ontwerp is niet alleen modern en dynamisch, maar symboliseert ook onze toewijding en samenwerking met klanten en hun verschillende projecten, en weerspiegelt ons uitgebreide vermogen om hoogwaardige, veelzijdige wereldwijde schilderproducten en -oplossingen aan te bieden. De opname van het huis in het logo onderstreept onze toewijding aan het verbeteren van ruimtes, zowel residentieel, commercieel, industrieel als institutioneel, en past deze aan de specifieke behoeften van elk oppervlak en project aan.<\/p>\n\n\n\n<div style=\"height:20px\" aria-hidden=\"true\" class=\"wp-block-spacer\"><\/div>\n\n\n\n<p>Met dit nieuwe symbool van een driedimensionale D in de vorm van een ingekapseld huis versterken we onze identiteit en onderstrepen we onze inzet voor kwaliteit, duurzaamheid en klanttevredenheid, kijkend naar de toekomst.<\/p>\n\n\n\n<figure class=\"wp-block-image size-full\"><img decoding=\"async\" width=\"900\" height=\"225\" src=\"https:\/\/www.decolor.com\/wp-content\/uploads\/2024\/07\/Cambio-de-logo-y-despedia-de-pintor-DECOLOR.png\" alt=\"\" class=\"wp-image-148382\" srcset=\"https:\/\/www.decolor.com\/wp-content\/uploads\/2024\/07\/Cambio-de-logo-y-despedia-de-pintor-DECOLOR.png 900w, https:\/\/www.decolor.com\/wp-content\/uploads\/2024\/07\/Cambio-de-logo-y-despedia-de-pintor-DECOLOR-300x75.png 300w, https:\/\/www.decolor.com\/wp-content\/uploads\/2024\/07\/Cambio-de-logo-y-despedia-de-pintor-DECOLOR-768x192.png 768w, https:\/\/www.decolor.com\/wp-content\/uploads\/2024\/07\/Cambio-de-logo-y-despedia-de-pintor-DECOLOR-18x5.png 18w\" sizes=\"(max-width: 900px) 100vw, 900px\" \/><\/figure>\n\n\n\n<div style=\"height:20px\" aria-hidden=\"true\" class=\"wp-block-spacer\"><\/div>\n\n\n\n<h2 class=\"wp-block-heading has-large-font-size\" style=\"font-style:normal;font-weight:700;text-transform:uppercase\"><strong>Het leiden van veranderingen, het bijdragen aan onze waarden<\/strong><\/h2>\n\n\n\n<div style=\"height:20px\" aria-hidden=\"true\" class=\"wp-block-spacer\"><\/div>\n\n\n\n<p>Sinds ons begin hebben we bij Pinturas DECOLOR een sterke roeping voor klantenservice behouden en zijn we altijd trouw gebleven aan onze bedrijfswaarden:<\/p>\n\n\n\n<div style=\"height:20px\" aria-hidden=\"true\" class=\"wp-block-spacer\"><\/div>\n\n\n\n<ul class=\"wp-block-list\">\n<li><strong>GEMAAKT IN SPANJE:<\/strong> Al onze referenties worden vervaardigd in ons hoofdkantoor in La Roda (Albacete), waar we een breed scala aan producten produceren, waarbij we uitmuntendheid garanderen in elke stap van het productieproces en een effici\u00ebnte en effectieve distributie naar onze klanten over de hele wereld ontwikkelen.<\/li>\n<\/ul>\n\n\n\n<div style=\"height:7px\" aria-hidden=\"true\" class=\"wp-block-spacer\"><\/div>\n\n\n\n<ul class=\"wp-block-list\">\n<li><strong>FLEXIBILITEIT: <\/strong>Wij passen ons aan de klant aan en zorgen dankzij onze productiecapaciteit voor snelle oplossingen op maat.<\/li>\n<\/ul>\n\n\n\n<div style=\"height:7px\" aria-hidden=\"true\" class=\"wp-block-spacer\"><\/div>\n\n\n\n<ul class=\"wp-block-list\">\n<li><strong>LOGISTIEK:<\/strong> Wij beschikken over een eigen wagenpark om een snelle en gepersonaliseerde levering aan onze klanten te garanderen.<\/li>\n<\/ul>\n\n\n\n<div style=\"height:7px\" aria-hidden=\"true\" class=\"wp-block-spacer\"><\/div>\n\n\n\n<ul class=\"wp-block-list\">\n<li><strong>INNOVATIE:<\/strong> Wij zijn voortdurend op zoek naar nieuwe technieken en grondstoffen om onze klanten te verbeteren en innovatieve verfoplossingen aan te bieden.<\/li>\n<\/ul>\n\n\n\n<div style=\"height:7px\" aria-hidden=\"true\" class=\"wp-block-spacer\"><\/div>\n\n\n\n<ul class=\"wp-block-list\">\n<li><strong>MILIEUVERBINTENIS<\/strong>: Onze processen en producten zijn respectvol voor het milieu, met duurzame praktijken die de impact op het milieu minimaliseren.<\/li>\n<\/ul>\n\n\n\n<div style=\"height:7px\" aria-hidden=\"true\" class=\"wp-block-spacer\"><\/div>\n\n\n\n<ul class=\"wp-block-list\">\n<li><strong>PROFESSIONALITEIT:<\/strong> Een uitstekend team van professionals die zowel nationaal als internationaal service en advies verlenen aan klanten.<\/li>\n<\/ul>\n\n\n\n<div style=\"height:7px\" aria-hidden=\"true\" class=\"wp-block-spacer\"><\/div>\n\n\n\n<ul class=\"wp-block-list\">\n<li><strong>KWALITEIT:<\/strong> Onze ervaring bevestigt de voortdurende verbetering van onze producten, processen en diensten.<\/li>\n<\/ul>\n\n\n\n<div style=\"height:7px\" aria-hidden=\"true\" class=\"wp-block-spacer\"><\/div>\n\n\n\n<ul class=\"wp-block-list\">\n<li><strong>VERANTWOORDELIJKHEID:<\/strong> Wij handelen met integriteit en verantwoordelijkheid bij al onze handelingen en voldoen aan de hoogste ethische en wettelijke normen<\/li>\n<\/ul>\n\n\n\n<div style=\"height:24px\" aria-hidden=\"true\" class=\"wp-block-spacer\"><\/div>\n\n\n\n<p>De evolutie van Pinturas DECOLOR is mogelijk gemaakt dankzij&nbsp;<strong>drie grote pijlers<\/strong>.<\/p>\n\n\n\n<div style=\"height:7px\" aria-hidden=\"true\" class=\"wp-block-spacer\"><\/div>\n\n\n\n<p><\/p>\n\n\n\n<ul class=\"wp-block-list\">\n<li><strong>DE MENSEN die deel uitmaken van ons bedrijf,<\/strong> omdat we er bij Pinturas DECOLOR vast van overtuigd zijn dat ons menselijk kapitaal onze grootste kracht is, en dat de zorg en teamontwikkeling ervan, die altijd een collaboratieve werkomgeving bevorderen, essentieel zijn geweest voor onze groei. We waarderen het talent en het werk van elk lid van ons team en erkennen hun bijdrage aan het succes van het bedrijf.<\/li>\n<\/ul>\n\n\n\n<div style=\"height:20px\" aria-hidden=\"true\" class=\"wp-block-spacer\"><\/div>\n\n\n\n<ol class=\"wp-block-list\"><\/ol>\n\n\n\n<p><\/p>\n\n\n\n<ul class=\"wp-block-list\">\n<li><strong>KWALITEIT, INNOVATIE EN DUURZAAMHEID <\/strong>Dat<strong>, <\/strong>Sinds onze oprichting heeft de technische afdeling gewerkt aan het bieden van hoogwaardige verfoplossingen voor onze klanten, veelzijdige en concurrerende opties die niet alleen aan de kwaliteitsnormen voldoen, maar ook de duurzaamheid bevorderen.<\/li>\n<\/ul>\n\n\n\n<div style=\"height:20px\" aria-hidden=\"true\" class=\"wp-block-spacer\"><\/div>\n\n\n\n<ol class=\"wp-block-list\"><\/ol>\n\n\n\n<p><\/p>\n\n\n\n<ul class=\"wp-block-list\">\n<li><strong>AANPASSING AAN DE BEHOEFTEN VAN DE KLANT<\/strong>Omdat de klant altijd centraal staat bij alles wat we doen en het ons doel is om u de beste service te bieden, zich aan te passen aan de specifieke en veranderende behoeften van onze klanten en bij te dragen aan het succes van hun projecten, heeft deze filosofie ons in staat gesteld om een duurzame relaties en vertrouwen dat in de loop van de tijd behouden blijft.<\/li>\n<\/ul>\n\n\n\n<div style=\"height:20px\" aria-hidden=\"true\" class=\"wp-block-spacer\"><\/div>\n\n\n\n<ol class=\"wp-block-list\"><\/ol>\n\n\n\n<p><\/p>\n\n\n\n<div style=\"height:20px\" aria-hidden=\"true\" class=\"wp-block-spacer\"><\/div>\n\n\n\n<h2 class=\"wp-block-heading has-large-font-size\" style=\"font-style:normal;font-weight:700;text-transform:uppercase\"><strong>Wij behouden onze essentie, kijkend naar de toekomst<\/strong><\/h2>\n\n\n\n<div style=\"height:20px\" aria-hidden=\"true\" class=\"wp-block-spacer\"><\/div>\n\n\n\n<p><strong>Het vieren van 40 jaar is niet alleen een gelegenheid om terug te kijken en alles te waarderen wat we hebben bereikt, maar ook om met enthousiasme en vastberadenheid naar de toekomst te kijken. <\/strong>werken met dezelfde passie en toewijding die ons kenmerkt.<\/p>\n\n\n\n<div style=\"height:20px\" aria-hidden=\"true\" class=\"wp-block-spacer\"><\/div>\n\n\n\n<p><strong>Met trots lopen wij de toekomst in met een vernieuwd imago,<\/strong> We veranderen om vooruit te komen en te verbeteren, maar onze missie om de beste verfoplossingen te bieden blijft hetzelfde, net zoals we dat sinds 1984 hebben gedaan.<\/p>\n\n\n\n<div style=\"height:20px\" aria-hidden=\"true\" class=\"wp-block-spacer\"><\/div>\n\n\n\n<p><strong>Het herontwerpproces van het logo is zorgvuldig en doordacht verlopen, zodat we de essentie behouden van wat Pinturas DECOLOR uniek maakt. <\/strong>Het nieuwe logo is strakker en moderner, maar behoudt de visuele elementen die onze klanten associ\u00ebren met vertrouwen en kwaliteit, waardoor onze visuele identiteit herkenbaar is en de kernwaarden van ons merk blijft overbrengen. Wij geloven dat deze verandering ons niet alleen voorbereidt op de uitdagingen van de toekomst, maar ook de erfenis van onze iconische schilder respecteert en eert.<\/p>\n\n\n\n<div style=\"height:20px\" aria-hidden=\"true\" class=\"wp-block-spacer\"><\/div>\n\n\n\n<p>We willen iedereen bedanken die deel heeft uitgemaakt van onze reis, medewerkers, klanten, leveranciers, medewerkers en zakenpartners, die allemaal een cruciale rol hebben gespeeld in ons succesverhaal, voor hun onvoorwaardelijke steun gedurende deze vier decennia. We nodigen daarom uit u om deel uit te maken van deze verandering en samen de geschiedenis van Pinturas DECOLOR te blijven schrijven.<\/p>\n\n\n\n<div style=\"height:20px\" aria-hidden=\"true\" class=\"wp-block-spacer\"><\/div>\n\n\n\n<p><strong>Bedankt dat je deel uitmaakt van onze geschiedenis, bij Pinturas DECOLOR zijn we klaar voor de volgende 40 jaar met dezelfde passie en toewijding. Welkom in het nieuwe tijdperk van Pinturas DECOLOR!<\/strong><\/p>\n\n\n\n<div style=\"height:20px\" aria-hidden=\"true\" class=\"wp-block-spacer\"><\/div>","protected":false},"excerpt":{"rendered":"<p>Bij Pinturas DECOLOR vieren we met trots ons 40-jarig jubileum, een bijzonder moment dat vier decennia van toewijding, innovatie, passie en betrokkenheid bij onze klanten markeert. Een traject van 40 jaar dat we bij Pinturas DECOLOR willen herdenken met een verandering van het bedrijfsimago die onze evolutie weerspiegelt, een nieuw visueel ontwerp van ons logo dat de\u2026 <a class=\"more-link\" href=\"https:\/\/www.decolor.com\/nl\/2024\/07\/01\/nueva-imagen-corporativa-en-pinturas-decolor-para-celebrar-el-40-aniversario\/\">jij leest groen <span class=\"screen-reader-text\">Nieuw bedrijfsimago bij Pinturas DECOLOR om 40 jaar innovatie en toewijding te vieren<\/span><\/a><\/p>","protected":false},"author":1,"featured_media":148365,"comment_status":"open","ping_status":"open","sticky":false,"template":"","format":"standard","meta":{"_acf_changed":false,"footnotes":""},"categories":[1],"tags":[],"class_list":["post-148363","post","type-post","status-publish","format-standard","has-post-thumbnail","hentry","category-decolor","entry"],"acf":[],"yoast_head":"<!-- This site is optimized with the Yoast SEO plugin v23.4 - https:\/\/yoast.com\/wordpress\/plugins\/seo\/ -->\n<title>Pinturas DECOLOR celebramos 40 a\u00f1os de innovaci\u00f3n<\/title>\n<meta name=\"description\" content=\"Celebramos 40 a\u00f1os de innovaci\u00f3n y compromiso en Pinturas DECOLOR con un nuevo logo que simboliza nuestro crecimiento y visi\u00f3n.\" \/>\n<meta name=\"robots\" content=\"index, follow, max-snippet:-1, max-image-preview:large, max-video-preview:-1\" \/>\n<link rel=\"canonical\" href=\"https:\/\/www.decolor.com\/nl\/2024\/07\/01\/nueva-imagen-corporativa-en-pinturas-decolor-para-celebrar-el-40-aniversario\/\" \/>\n<meta property=\"og:locale\" content=\"nl_NL\" \/>\n<meta property=\"og:type\" content=\"article\" \/>\n<meta property=\"og:title\" content=\"Pinturas DECOLOR celebramos 40 a\u00f1os de innovaci\u00f3n\" \/>\n<meta property=\"og:description\" content=\"Celebramos 40 a\u00f1os de innovaci\u00f3n y compromiso en Pinturas DECOLOR con un nuevo logo que simboliza nuestro crecimiento y visi\u00f3n.\" \/>\n<meta property=\"og:url\" content=\"https:\/\/www.decolor.com\/nl\/2024\/07\/01\/nueva-imagen-corporativa-en-pinturas-decolor-para-celebrar-el-40-aniversario\/\" \/>\n<meta property=\"og:site_name\" content=\"Decolor\" \/>\n<meta property=\"article:published_time\" content=\"2024-07-01T08:32:39+00:00\" \/>\n<meta property=\"article:modified_time\" content=\"2024-07-02T06:16:23+00:00\" \/>\n<meta property=\"og:image\" content=\"https:\/\/www.decolor.com\/wp-content\/uploads\/2024\/07\/Nuevo-logo-PINTURAS-DECOLOR-en-su-40-Aniversario.png\" \/>\n\t<meta property=\"og:image:width\" content=\"920\" \/>\n\t<meta property=\"og:image:height\" content=\"600\" \/>\n\t<meta property=\"og:image:type\" content=\"image\/png\" \/>\n<meta name=\"author\" content=\"admin\" \/>\n<meta name=\"twitter:card\" content=\"summary_large_image\" \/>\n<meta name=\"twitter:image\" content=\"https:\/\/www.decolor.com\/wp-content\/uploads\/2024\/07\/Nuevo-logo-PINTURAS-DECOLOR-en-su-40-Aniversario.png\" \/>\n<meta name=\"twitter:label1\" content=\"Geschreven door\" \/>\n\t<meta name=\"twitter:data1\" content=\"admin\" \/>\n\t<meta name=\"twitter:label2\" content=\"Geschatte leestijd\" \/>\n\t<meta name=\"twitter:data2\" content=\"7 minuten\" \/>\n<script type=\"application\/ld+json\" class=\"yoast-schema-graph\">{\"@context\":\"https:\/\/schema.org\",\"@graph\":[{\"@type\":\"Article\",\"@id\":\"https:\/\/www.decolor.com\/en\/2024\/07\/01\/nueva-imagen-corporativa-en-pinturas-decolor-para-celebrar-el-40-aniversario\/#article\",\"isPartOf\":{\"@id\":\"https:\/\/www.decolor.com\/en\/2024\/07\/01\/nueva-imagen-corporativa-en-pinturas-decolor-para-celebrar-el-40-aniversario\/\"},\"author\":{\"name\":\"admin\",\"@id\":\"https:\/\/www.decolor.com\/it\/#\/schema\/person\/97caf6fe02baef67513e86a4f3dc9c90\"},\"headline\":\"Nueva imagen corporativa en Pinturas DECOLOR para celebrar 40 a\u00f1os de innovaci\u00f3n y compromiso\",\"datePublished\":\"2024-07-01T08:32:39+00:00\",\"dateModified\":\"2024-07-02T06:16:23+00:00\",\"mainEntityOfPage\":{\"@id\":\"https:\/\/www.decolor.com\/en\/2024\/07\/01\/nueva-imagen-corporativa-en-pinturas-decolor-para-celebrar-el-40-aniversario\/\"},\"wordCount\":1446,\"commentCount\":0,\"publisher\":{\"@id\":\"https:\/\/www.decolor.com\/it\/#organization\"},\"image\":{\"@id\":\"https:\/\/www.decolor.com\/en\/2024\/07\/01\/nueva-imagen-corporativa-en-pinturas-decolor-para-celebrar-el-40-aniversario\/#primaryimage\"},\"thumbnailUrl\":\"https:\/\/www.decolor.com\/wp-content\/uploads\/2024\/07\/Nuevo-logo-PINTURAS-DECOLOR-en-su-40-Aniversario.png\",\"articleSection\":[\"Decolor\"],\"inLanguage\":\"nl-NL\",\"potentialAction\":[{\"@type\":\"CommentAction\",\"name\":\"Comment\",\"target\":[\"https:\/\/www.decolor.com\/en\/2024\/07\/01\/nueva-imagen-corporativa-en-pinturas-decolor-para-celebrar-el-40-aniversario\/#respond\"]}]},{\"@type\":\"WebPage\",\"@id\":\"https:\/\/www.decolor.com\/en\/2024\/07\/01\/nueva-imagen-corporativa-en-pinturas-decolor-para-celebrar-el-40-aniversario\/\",\"url\":\"https:\/\/www.decolor.com\/en\/2024\/07\/01\/nueva-imagen-corporativa-en-pinturas-decolor-para-celebrar-el-40-aniversario\/\",\"name\":\"Pinturas DECOLOR celebramos 40 a\u00f1os de innovaci\u00f3n\",\"isPartOf\":{\"@id\":\"https:\/\/www.decolor.com\/it\/#website\"},\"primaryImageOfPage\":{\"@id\":\"https:\/\/www.decolor.com\/en\/2024\/07\/01\/nueva-imagen-corporativa-en-pinturas-decolor-para-celebrar-el-40-aniversario\/#primaryimage\"},\"image\":{\"@id\":\"https:\/\/www.decolor.com\/en\/2024\/07\/01\/nueva-imagen-corporativa-en-pinturas-decolor-para-celebrar-el-40-aniversario\/#primaryimage\"},\"thumbnailUrl\":\"https:\/\/www.decolor.com\/wp-content\/uploads\/2024\/07\/Nuevo-logo-PINTURAS-DECOLOR-en-su-40-Aniversario.png\",\"datePublished\":\"2024-07-01T08:32:39+00:00\",\"dateModified\":\"2024-07-02T06:16:23+00:00\",\"description\":\"Celebramos 40 a\u00f1os de innovaci\u00f3n y compromiso en Pinturas DECOLOR con un nuevo logo que simboliza nuestro crecimiento y visi\u00f3n.\",\"breadcrumb\":{\"@id\":\"https:\/\/www.decolor.com\/en\/2024\/07\/01\/nueva-imagen-corporativa-en-pinturas-decolor-para-celebrar-el-40-aniversario\/#breadcrumb\"},\"inLanguage\":\"nl-NL\",\"potentialAction\":[{\"@type\":\"ReadAction\",\"target\":[\"https:\/\/www.decolor.com\/en\/2024\/07\/01\/nueva-imagen-corporativa-en-pinturas-decolor-para-celebrar-el-40-aniversario\/\"]}]},{\"@type\":\"ImageObject\",\"inLanguage\":\"nl-NL\",\"@id\":\"https:\/\/www.decolor.com\/en\/2024\/07\/01\/nueva-imagen-corporativa-en-pinturas-decolor-para-celebrar-el-40-aniversario\/#primaryimage\",\"url\":\"https:\/\/www.decolor.com\/wp-content\/uploads\/2024\/07\/Nuevo-logo-PINTURAS-DECOLOR-en-su-40-Aniversario.png\",\"contentUrl\":\"https:\/\/www.decolor.com\/wp-content\/uploads\/2024\/07\/Nuevo-logo-PINTURAS-DECOLOR-en-su-40-Aniversario.png\",\"width\":920,\"height\":600,\"caption\":\"Nuevo logo de Pinturas DECOLOR en ocasi\u00f3n de su 40 aniversario\"},{\"@type\":\"BreadcrumbList\",\"@id\":\"https:\/\/www.decolor.com\/en\/2024\/07\/01\/nueva-imagen-corporativa-en-pinturas-decolor-para-celebrar-el-40-aniversario\/#breadcrumb\",\"itemListElement\":[{\"@type\":\"ListItem\",\"position\":1,\"name\":\"Home\",\"item\":\"https:\/\/www.decolor.com\/\"},{\"@type\":\"ListItem\",\"position\":2,\"name\":\"Nueva imagen corporativa en Pinturas DECOLOR para celebrar 40 a\u00f1os de innovaci\u00f3n y compromiso\"}]},{\"@type\":\"WebSite\",\"@id\":\"https:\/\/www.decolor.com\/it\/#website\",\"url\":\"https:\/\/www.decolor.com\/it\/\",\"name\":\"Decolor\",\"description\":\"Web Decolor\",\"publisher\":{\"@id\":\"https:\/\/www.decolor.com\/it\/#organization\"},\"potentialAction\":[{\"@type\":\"SearchAction\",\"target\":{\"@type\":\"EntryPoint\",\"urlTemplate\":\"https:\/\/www.decolor.com\/it\/?s={search_term_string}\"},\"query-input\":{\"@type\":\"PropertyValueSpecification\",\"valueRequired\":true,\"valueName\":\"search_term_string\"}}],\"inLanguage\":\"nl-NL\"},{\"@type\":\"Organization\",\"@id\":\"https:\/\/www.decolor.com\/it\/#organization\",\"name\":\"Decolor\",\"url\":\"https:\/\/www.decolor.com\/it\/\",\"logo\":{\"@type\":\"ImageObject\",\"inLanguage\":\"nl-NL\",\"@id\":\"https:\/\/www.decolor.com\/it\/#\/schema\/logo\/image\/\",\"url\":\"https:\/\/www.decolor.com\/wp-content\/uploads\/2021\/02\/marca_principal_pinturas_decolor_color.png\",\"contentUrl\":\"https:\/\/www.decolor.com\/wp-content\/uploads\/2021\/02\/marca_principal_pinturas_decolor_color.png\",\"width\":1588,\"height\":421,\"caption\":\"Decolor\"},\"image\":{\"@id\":\"https:\/\/www.decolor.com\/it\/#\/schema\/logo\/image\/\"}},{\"@type\":\"Person\",\"@id\":\"https:\/\/www.decolor.com\/it\/#\/schema\/person\/97caf6fe02baef67513e86a4f3dc9c90\",\"name\":\"admin\",\"image\":{\"@type\":\"ImageObject\",\"inLanguage\":\"nl-NL\",\"@id\":\"https:\/\/www.decolor.com\/it\/#\/schema\/person\/image\/\",\"url\":\"https:\/\/secure.gravatar.com\/avatar\/abe407930cb2e3e5c2930411ee6911c6?s=96&d=mm&r=g\",\"contentUrl\":\"https:\/\/secure.gravatar.com\/avatar\/abe407930cb2e3e5c2930411ee6911c6?s=96&d=mm&r=g\",\"caption\":\"admin\"},\"url\":\"https:\/\/www.decolor.com\/nl\/author\/admin\/\"}]}<\/script>\n<!-- \/ Yoast SEO plugin. -->","yoast_head_json":{"title":"Pinturas DECOLOR celebramos 40 a\u00f1os de innovaci\u00f3n","description":"Celebramos 40 a\u00f1os de innovaci\u00f3n y compromiso en Pinturas DECOLOR con un nuevo logo que simboliza nuestro crecimiento y visi\u00f3n.","robots":{"index":"index","follow":"follow","max-snippet":"max-snippet:-1","max-image-preview":"max-image-preview:large","max-video-preview":"max-video-preview:-1"},"canonical":"https:\/\/www.decolor.com\/nl\/2024\/07\/01\/nueva-imagen-corporativa-en-pinturas-decolor-para-celebrar-el-40-aniversario\/","og_locale":"nl_NL","og_type":"article","og_title":"Pinturas DECOLOR celebramos 40 a\u00f1os de innovaci\u00f3n","og_description":"Celebramos 40 a\u00f1os de innovaci\u00f3n y compromiso en Pinturas DECOLOR con un nuevo logo que simboliza nuestro crecimiento y visi\u00f3n.","og_url":"https:\/\/www.decolor.com\/nl\/2024\/07\/01\/nueva-imagen-corporativa-en-pinturas-decolor-para-celebrar-el-40-aniversario\/","og_site_name":"Decolor","article_published_time":"2024-07-01T08:32:39+00:00","article_modified_time":"2024-07-02T06:16:23+00:00","og_image":[{"width":920,"height":600,"url":"https:\/\/www.decolor.com\/wp-content\/uploads\/2024\/07\/Nuevo-logo-PINTURAS-DECOLOR-en-su-40-Aniversario.png","type":"image\/png"}],"author":"admin","twitter_card":"summary_large_image","twitter_image":"https:\/\/www.decolor.com\/wp-content\/uploads\/2024\/07\/Nuevo-logo-PINTURAS-DECOLOR-en-su-40-Aniversario.png","twitter_misc":{"Geschreven door":"admin","Geschatte leestijd":"7 minuten"},"schema":{"@context":"https:\/\/schema.org","@graph":[{"@type":"Article","@id":"https:\/\/www.decolor.com\/en\/2024\/07\/01\/nueva-imagen-corporativa-en-pinturas-decolor-para-celebrar-el-40-aniversario\/#article","isPartOf":{"@id":"https:\/\/www.decolor.com\/en\/2024\/07\/01\/nueva-imagen-corporativa-en-pinturas-decolor-para-celebrar-el-40-aniversario\/"},"author":{"name":"admin","@id":"https:\/\/www.decolor.com\/it\/#\/schema\/person\/97caf6fe02baef67513e86a4f3dc9c90"},"headline":"Nueva imagen corporativa en Pinturas DECOLOR para celebrar 40 a\u00f1os de innovaci\u00f3n y compromiso","datePublished":"2024-07-01T08:32:39+00:00","dateModified":"2024-07-02T06:16:23+00:00","mainEntityOfPage":{"@id":"https:\/\/www.decolor.com\/en\/2024\/07\/01\/nueva-imagen-corporativa-en-pinturas-decolor-para-celebrar-el-40-aniversario\/"},"wordCount":1446,"commentCount":0,"publisher":{"@id":"https:\/\/www.decolor.com\/it\/#organization"},"image":{"@id":"https:\/\/www.decolor.com\/en\/2024\/07\/01\/nueva-imagen-corporativa-en-pinturas-decolor-para-celebrar-el-40-aniversario\/#primaryimage"},"thumbnailUrl":"https:\/\/www.decolor.com\/wp-content\/uploads\/2024\/07\/Nuevo-logo-PINTURAS-DECOLOR-en-su-40-Aniversario.png","articleSection":["Decolor"],"inLanguage":"nl-NL","potentialAction":[{"@type":"CommentAction","name":"Comment","target":["https:\/\/www.decolor.com\/en\/2024\/07\/01\/nueva-imagen-corporativa-en-pinturas-decolor-para-celebrar-el-40-aniversario\/#respond"]}]},{"@type":"WebPage","@id":"https:\/\/www.decolor.com\/en\/2024\/07\/01\/nueva-imagen-corporativa-en-pinturas-decolor-para-celebrar-el-40-aniversario\/","url":"https:\/\/www.decolor.com\/en\/2024\/07\/01\/nueva-imagen-corporativa-en-pinturas-decolor-para-celebrar-el-40-aniversario\/","name":"Pinturas DECOLOR celebramos 40 a\u00f1os de innovaci\u00f3n","isPartOf":{"@id":"https:\/\/www.decolor.com\/it\/#website"},"primaryImageOfPage":{"@id":"https:\/\/www.decolor.com\/en\/2024\/07\/01\/nueva-imagen-corporativa-en-pinturas-decolor-para-celebrar-el-40-aniversario\/#primaryimage"},"image":{"@id":"https:\/\/www.decolor.com\/en\/2024\/07\/01\/nueva-imagen-corporativa-en-pinturas-decolor-para-celebrar-el-40-aniversario\/#primaryimage"},"thumbnailUrl":"https:\/\/www.decolor.com\/wp-content\/uploads\/2024\/07\/Nuevo-logo-PINTURAS-DECOLOR-en-su-40-Aniversario.png","datePublished":"2024-07-01T08:32:39+00:00","dateModified":"2024-07-02T06:16:23+00:00","description":"Celebramos 40 a\u00f1os de innovaci\u00f3n y compromiso en Pinturas DECOLOR con un nuevo logo que simboliza nuestro crecimiento y visi\u00f3n.","breadcrumb":{"@id":"https:\/\/www.decolor.com\/en\/2024\/07\/01\/nueva-imagen-corporativa-en-pinturas-decolor-para-celebrar-el-40-aniversario\/#breadcrumb"},"inLanguage":"nl-NL","potentialAction":[{"@type":"ReadAction","target":["https:\/\/www.decolor.com\/en\/2024\/07\/01\/nueva-imagen-corporativa-en-pinturas-decolor-para-celebrar-el-40-aniversario\/"]}]},{"@type":"ImageObject","inLanguage":"nl-NL","@id":"https:\/\/www.decolor.com\/en\/2024\/07\/01\/nueva-imagen-corporativa-en-pinturas-decolor-para-celebrar-el-40-aniversario\/#primaryimage","url":"https:\/\/www.decolor.com\/wp-content\/uploads\/2024\/07\/Nuevo-logo-PINTURAS-DECOLOR-en-su-40-Aniversario.png","contentUrl":"https:\/\/www.decolor.com\/wp-content\/uploads\/2024\/07\/Nuevo-logo-PINTURAS-DECOLOR-en-su-40-Aniversario.png","width":920,"height":600,"caption":"Nuevo logo de Pinturas DECOLOR en ocasi\u00f3n de su 40 aniversario"},{"@type":"BreadcrumbList","@id":"https:\/\/www.decolor.com\/en\/2024\/07\/01\/nueva-imagen-corporativa-en-pinturas-decolor-para-celebrar-el-40-aniversario\/#breadcrumb","itemListElement":[{"@type":"ListItem","position":1,"name":"Home","item":"https:\/\/www.decolor.com\/"},{"@type":"ListItem","position":2,"name":"Nueva imagen corporativa en Pinturas DECOLOR para celebrar 40 a\u00f1os de innovaci\u00f3n y compromiso"}]},{"@type":"WebSite","@id":"https:\/\/www.decolor.com\/it\/#website","url":"https:\/\/www.decolor.com\/it\/","name":"Kleur","description":"Web ontkleuren","publisher":{"@id":"https:\/\/www.decolor.com\/it\/#organization"},"potentialAction":[{"@type":"SearchAction","target":{"@type":"EntryPoint","urlTemplate":"https:\/\/www.decolor.com\/it\/?s={search_term_string}"},"query-input":{"@type":"PropertyValueSpecification","valueRequired":true,"valueName":"search_term_string"}}],"inLanguage":"nl-NL"},{"@type":"Organization","@id":"https:\/\/www.decolor.com\/it\/#organization","name":"Kleur","url":"https:\/\/www.decolor.com\/it\/","logo":{"@type":"ImageObject","inLanguage":"nl-NL","@id":"https:\/\/www.decolor.com\/it\/#\/schema\/logo\/image\/","url":"https:\/\/www.decolor.com\/wp-content\/uploads\/2021\/02\/marca_principal_pinturas_decolor_color.png","contentUrl":"https:\/\/www.decolor.com\/wp-content\/uploads\/2021\/02\/marca_principal_pinturas_decolor_color.png","width":1588,"height":421,"caption":"Decolor"},"image":{"@id":"https:\/\/www.decolor.com\/it\/#\/schema\/logo\/image\/"}},{"@type":"Person","@id":"https:\/\/www.decolor.com\/it\/#\/schema\/person\/97caf6fe02baef67513e86a4f3dc9c90","name":"beheerder","image":{"@type":"ImageObject","inLanguage":"nl-NL","@id":"https:\/\/www.decolor.com\/it\/#\/schema\/person\/image\/","url":"https:\/\/secure.gravatar.com\/avatar\/abe407930cb2e3e5c2930411ee6911c6?s=96&d=mm&r=g","contentUrl":"https:\/\/secure.gravatar.com\/avatar\/abe407930cb2e3e5c2930411ee6911c6?s=96&d=mm&r=g","caption":"admin"},"url":"https:\/\/www.decolor.com\/nl\/author\/admin\/"}]}},"_links":{"self":[{"href":"https:\/\/www.decolor.com\/nl\/wp-json\/wp\/v2\/posts\/148363"}],"collection":[{"href":"https:\/\/www.decolor.com\/nl\/wp-json\/wp\/v2\/posts"}],"about":[{"href":"https:\/\/www.decolor.com\/nl\/wp-json\/wp\/v2\/types\/post"}],"author":[{"embeddable":true,"href":"https:\/\/www.decolor.com\/nl\/wp-json\/wp\/v2\/users\/1"}],"replies":[{"embeddable":true,"href":"https:\/\/www.decolor.com\/nl\/wp-json\/wp\/v2\/comments?post=148363"}],"version-history":[{"count":15,"href":"https:\/\/www.decolor.com\/nl\/wp-json\/wp\/v2\/posts\/148363\/revisions"}],"predecessor-version":[{"id":148403,"href":"https:\/\/www.decolor.com\/nl\/wp-json\/wp\/v2\/posts\/148363\/revisions\/148403"}],"wp:featuredmedia":[{"embeddable":true,"href":"https:\/\/www.decolor.com\/nl\/wp-json\/wp\/v2\/media\/148365"}],"wp:attachment":[{"href":"https:\/\/www.decolor.com\/nl\/wp-json\/wp\/v2\/media?parent=148363"}],"wp:term":[{"taxonomy":"category","embeddable":true,"href":"https:\/\/www.decolor.com\/nl\/wp-json\/wp\/v2\/categories?post=148363"},{"taxonomy":"post_tag","embeddable":true,"href":"https:\/\/www.decolor.com\/nl\/wp-json\/wp\/v2\/tags?post=148363"}],"curies":[{"name":"wp","href":"https:\/\/api.w.org\/{rel}","templated":true}]}}