{"id":151016,"date":"2025-07-24T10:57:32","date_gmt":"2025-07-24T10:57:32","guid":{"rendered":"https:\/\/www.decolor.com\/?p=151016"},"modified":"2025-06-25T11:11:05","modified_gmt":"2025-06-25T11:11:05","slug":"como-la-pintura-aislante-termica-para-fachada-en-verano","status":"publish","type":"post","link":"https:\/\/www.decolor.com\/nl\/2025\/07\/24\/como-la-pintura-aislante-termica-para-fachada-en-verano\/","title":{"rendered":"Hoe thermische isolatieverf uw gevel in zomer en winter transformeert"},"content":{"rendered":"<p>Het zoeken naar thermisch comfort in huis is geen luxe meer, maar een noodzaak, vooral gezien de extreme klimaatschommelingen die we tegenwoordig ervaren. Een van de meest effectieve en toegankelijke middelen om de isolatie van een huis aan de buitenkant te verbeteren, is isolatie.<a href=\"https:\/\/www.decolor.com\/nl\/producto\/deco-aislant\/\"> <strong>thermisch isolerende verf voor gevels<\/strong>.<\/a> Deze innovatieve oplossing beschermt uw woning niet alleen tegen kou en warmte, maar draagt ook bij aan energie-effici\u00ebntie en financi\u00eble besparingen.<\/p>\n\n\n\n<h3 class=\"wp-block-heading\">Wat is thermische isolatieverf?<\/h3>\n\n\n\n<p>Thermische isolatieverf is een coating met speciale additieven (zoals keramische of reflecterende microbolletjes) die helpen een stabielere binnentemperatuur te behouden. In tegenstelling tot conventionele verf fungeert het als een barri\u00e8re tegen de warmte van buitenaf in de zomer en voorkomt het warmteverlies in de winter.<\/p>\n\n\n<div class=\"wp-block-image\">\n<figure class=\"aligncenter size-full\"><a href=\"https:\/\/www.decolor.com\/nl\/producto\/deco-aislant\/\"><img fetchpriority=\"high\" decoding=\"async\" width=\"270\" height=\"270\" src=\"https:\/\/www.decolor.com\/wp-content\/uploads\/2025\/06\/FACHADAS-ALTA-GAMA.jpg\" alt=\"\" class=\"wp-image-151018\" srcset=\"https:\/\/www.decolor.com\/wp-content\/uploads\/2025\/06\/FACHADAS-ALTA-GAMA.jpg 270w, https:\/\/www.decolor.com\/wp-content\/uploads\/2025\/06\/FACHADAS-ALTA-GAMA-150x150.jpg 150w, https:\/\/www.decolor.com\/wp-content\/uploads\/2025\/06\/FACHADAS-ALTA-GAMA-12x12.jpg 12w\" sizes=\"(max-width: 270px) 100vw, 270px\" \/><\/a><\/figure><\/div>\n\n\n<h3 class=\"wp-block-heading\">Voordelen van het aanbrengen van thermische verf op uw gevel<\/h3>\n\n\n\n<p><strong>1. Energiebesparing:<\/strong><br>Er is minder kunstmatige airconditioning nodig, wat resulteert in een lager elektriciteitsverbruik.<\/p>\n\n\n\n<p><strong>2. Verbetert het interieurcomfort:<\/strong><br>Zorgt voor een constantere temperatuur in huis, zonder plotselinge veranderingen.<\/p>\n\n\n\n<p><strong>3. Externe bescherming:<\/strong><br>Naast isolatie beschermt het de gevel ook tegen weersinvloeden, vocht en uv-straling.<\/p>\n\n\n\n<p><strong>4. Duurzaamheid:<\/strong><br>Door uw energieverbruik te verminderen, verkleint u ook de CO2-voetafdruk van uw huis.<\/p>\n\n\n\n<p><strong>5. Minder onderhoud:<\/strong><br>Omdat het waterbestendig en slijtvast is, wordt de levensduur van de gevel verlengd.<\/p>\n\n\n\n<h3 class=\"wp-block-heading\">In welk type gebouwen is het nuttig?<\/h3>\n\n\n\n<ul class=\"wp-block-list\">\n<li>Eengezinswoningen.<\/li>\n\n\n\n<li>Buurtgemeenschappen.<\/li>\n\n\n\n<li>Commerci\u00eble ruimten.<\/li>\n\n\n\n<li>Institutionele gebouwen.<\/li>\n\n\n\n<li>Gevels van industri\u00eble gebouwen.<\/li>\n<\/ul>\n\n\n\n<p>In alle gevallen helpt thermische verf om <strong>energie-effici\u00ebntie verbeteren<\/strong> van het gebouw zonder dat ingrijpende of dure renovaties nodig zijn.<\/p>\n\n\n\n<h3 class=\"wp-block-heading\">Hoe wordt het toegepast?<\/h3>\n\n\n\n<ol class=\"wp-block-list\">\n<li><strong>Ondersteuningsvoorbereiding:<\/strong> Het is belangrijk dat de ondergrond schoon, droog en vrij van onvolkomenheden is.<\/li>\n\n\n\n<li><strong>Indien nodig primer aanbrengen:<\/strong> Op zeer poreuze ondergronden of bij speciale materialen kan een grondlaag noodzakelijk zijn.<\/li>\n\n\n\n<li><strong>Aanbrengen van isolatieverf:<\/strong> Het is aan te raden om minimaal twee lagen aan te brengen en daarbij rekening te houden met de droogtijd tussen de lagen.<\/li>\n\n\n\n<li><strong>Minimaal onderhoud:<\/strong> Normaal gesproken is af en toe schoonmaken voldoende om de effectiviteit te behouden.<\/li>\n<\/ol>\n\n\n\n<h3 class=\"wp-block-heading\">Waarom in de zomer?<\/h3>\n\n\n\n<p>De zomer is een strategische tijd om dit type verf aan te brengen. Niet alleen vanwege de gunstige weersomstandigheden, maar ook omdat de thermische voordelen direct merkbaar zijn: minder warmte in huis, minder gebruik van de airconditioning en meer comfort vanaf de eerste dag.<\/p>\n\n\n\n<h3 class=\"wp-block-heading\">Welk product raden wij aan?<\/h3>\n\n\n\n<p>Bij Decolor raden wij u aan de producten van de <a><strong>Categorie Gevelverven<\/strong><\/a>, waar u specifieke oplossingen vindt met <strong>isolerende, waterdichte en ademende eigenschappen<\/strong>Sommige producten bevatten additieven die de thermische weerstand van het behandelde oppervlak verbeteren; ideaal voor gebieden met extreme temperaturen.<\/p>\n\n\n\n<p><strong>\ud83d\udc49 <\/strong><a href=\"https:\/\/www.decolor.com\/nl\/pintura-fachadas\/\">Ontdek de gevelschilderingen <\/a><a>van Decolor<\/a> en bescherm uw huis het hele jaar door met isolatietechnologie die het verschil maakt.<\/p>","protected":false},"excerpt":{"rendered":"<p>Het streven naar thermisch comfort in huis is geen luxe meer, maar een noodzaak, vooral gezien de extreme klimaatschommelingen die we tegenwoordig ervaren. Een van de meest effectieve en toegankelijke middelen om de isolatie van een huis van buitenaf te verbeteren, is thermische isolatieverf voor gevels. Deze oplossing\u2026 <a class=\"more-link\" href=\"https:\/\/www.decolor.com\/nl\/2025\/07\/24\/como-la-pintura-aislante-termica-para-fachada-en-verano\/\">jij leest groen <span class=\"screen-reader-text\">Hoe thermische isolatieverf uw gevel in zomer en winter transformeert<\/span><\/a><\/p>","protected":false},"author":34,"featured_media":151017,"comment_status":"open","ping_status":"open","sticky":false,"template":"","format":"standard","meta":{"_acf_changed":false,"footnotes":""},"categories":[1],"tags":[],"class_list":["post-151016","post","type-post","status-publish","format-standard","has-post-thumbnail","hentry","category-decolor","entry"],"acf":[],"yoast_head":"<!-- This site is optimized with the Yoast SEO plugin v23.4 - https:\/\/yoast.com\/wordpress\/plugins\/seo\/ -->\n<title>C\u00f3mo la pintura aislante t\u00e9rmica para fachada en verano<\/title>\n<meta name=\"description\" content=\"\u00bfSab\u00edas que la pintura aislante t\u00e9rmica para fachadas puede reducir tu factura de luz y mejorar el confort en casa? Te contamos c\u00f3mo\" \/>\n<meta name=\"robots\" content=\"index, follow, max-snippet:-1, max-image-preview:large, max-video-preview:-1\" \/>\n<link rel=\"canonical\" href=\"https:\/\/www.decolor.com\/nl\/2025\/07\/24\/como-la-pintura-aislante-termica-para-fachada-en-verano\/\" \/>\n<meta property=\"og:locale\" content=\"nl_NL\" \/>\n<meta property=\"og:type\" content=\"article\" \/>\n<meta property=\"og:title\" content=\"C\u00f3mo la pintura aislante t\u00e9rmica para fachada en verano\" \/>\n<meta property=\"og:description\" content=\"\u00bfSab\u00edas que la pintura aislante t\u00e9rmica para fachadas puede reducir tu factura de luz y mejorar el confort en casa? Te contamos c\u00f3mo\" \/>\n<meta property=\"og:url\" content=\"https:\/\/www.decolor.com\/nl\/2025\/07\/24\/como-la-pintura-aislante-termica-para-fachada-en-verano\/\" \/>\n<meta property=\"og:site_name\" content=\"Decolor\" \/>\n<meta property=\"article:published_time\" content=\"2025-07-24T10:57:32+00:00\" \/>\n<meta property=\"article:modified_time\" content=\"2025-06-25T11:11:05+00:00\" \/>\n<meta property=\"og:image\" content=\"https:\/\/www.decolor.com\/wp-content\/uploads\/2025\/06\/portada-blog-3-1.jpg\" \/>\n\t<meta property=\"og:image:width\" content=\"1920\" \/>\n\t<meta property=\"og:image:height\" content=\"1080\" \/>\n\t<meta property=\"og:image:type\" content=\"image\/jpeg\" \/>\n<meta name=\"author\" content=\"sergio.serrano\" \/>\n<meta name=\"twitter:card\" content=\"summary_large_image\" \/>\n<meta name=\"twitter:label1\" content=\"Geschreven door\" \/>\n\t<meta name=\"twitter:data1\" content=\"sergio.serrano\" \/>\n\t<meta name=\"twitter:label2\" content=\"Geschatte leestijd\" \/>\n\t<meta name=\"twitter:data2\" content=\"3 minuten\" \/>\n<script type=\"application\/ld+json\" class=\"yoast-schema-graph\">{\"@context\":\"https:\/\/schema.org\",\"@graph\":[{\"@type\":\"Article\",\"@id\":\"https:\/\/www.decolor.com\/en\/2025\/07\/24\/como-la-pintura-aislante-termica-para-fachada-en-verano\/#article\",\"isPartOf\":{\"@id\":\"https:\/\/www.decolor.com\/en\/2025\/07\/24\/como-la-pintura-aislante-termica-para-fachada-en-verano\/\"},\"author\":{\"name\":\"sergio.serrano\",\"@id\":\"https:\/\/www.decolor.com\/it\/#\/schema\/person\/ee129ba55a6e106302c09dd53688a553\"},\"headline\":\"C\u00f3mo la pintura aislante t\u00e9rmica transforma tu fachada en verano e invierno\",\"datePublished\":\"2025-07-24T10:57:32+00:00\",\"dateModified\":\"2025-06-25T11:11:05+00:00\",\"mainEntityOfPage\":{\"@id\":\"https:\/\/www.decolor.com\/en\/2025\/07\/24\/como-la-pintura-aislante-termica-para-fachada-en-verano\/\"},\"wordCount\":509,\"commentCount\":0,\"publisher\":{\"@id\":\"https:\/\/www.decolor.com\/it\/#organization\"},\"image\":{\"@id\":\"https:\/\/www.decolor.com\/en\/2025\/07\/24\/como-la-pintura-aislante-termica-para-fachada-en-verano\/#primaryimage\"},\"thumbnailUrl\":\"https:\/\/www.decolor.com\/wp-content\/uploads\/2025\/06\/portada-blog-3-1.jpg\",\"articleSection\":[\"Decolor\"],\"inLanguage\":\"nl-NL\",\"potentialAction\":[{\"@type\":\"CommentAction\",\"name\":\"Comment\",\"target\":[\"https:\/\/www.decolor.com\/en\/2025\/07\/24\/como-la-pintura-aislante-termica-para-fachada-en-verano\/#respond\"]}]},{\"@type\":\"WebPage\",\"@id\":\"https:\/\/www.decolor.com\/en\/2025\/07\/24\/como-la-pintura-aislante-termica-para-fachada-en-verano\/\",\"url\":\"https:\/\/www.decolor.com\/en\/2025\/07\/24\/como-la-pintura-aislante-termica-para-fachada-en-verano\/\",\"name\":\"C\u00f3mo la pintura aislante t\u00e9rmica para fachada en verano\",\"isPartOf\":{\"@id\":\"https:\/\/www.decolor.com\/it\/#website\"},\"primaryImageOfPage\":{\"@id\":\"https:\/\/www.decolor.com\/en\/2025\/07\/24\/como-la-pintura-aislante-termica-para-fachada-en-verano\/#primaryimage\"},\"image\":{\"@id\":\"https:\/\/www.decolor.com\/en\/2025\/07\/24\/como-la-pintura-aislante-termica-para-fachada-en-verano\/#primaryimage\"},\"thumbnailUrl\":\"https:\/\/www.decolor.com\/wp-content\/uploads\/2025\/06\/portada-blog-3-1.jpg\",\"datePublished\":\"2025-07-24T10:57:32+00:00\",\"dateModified\":\"2025-06-25T11:11:05+00:00\",\"description\":\"\u00bfSab\u00edas que la pintura aislante t\u00e9rmica para fachadas puede reducir tu factura de luz y mejorar el confort en casa? Te contamos c\u00f3mo\",\"breadcrumb\":{\"@id\":\"https:\/\/www.decolor.com\/en\/2025\/07\/24\/como-la-pintura-aislante-termica-para-fachada-en-verano\/#breadcrumb\"},\"inLanguage\":\"nl-NL\",\"potentialAction\":[{\"@type\":\"ReadAction\",\"target\":[\"https:\/\/www.decolor.com\/en\/2025\/07\/24\/como-la-pintura-aislante-termica-para-fachada-en-verano\/\"]}]},{\"@type\":\"ImageObject\",\"inLanguage\":\"nl-NL\",\"@id\":\"https:\/\/www.decolor.com\/en\/2025\/07\/24\/como-la-pintura-aislante-termica-para-fachada-en-verano\/#primaryimage\",\"url\":\"https:\/\/www.decolor.com\/wp-content\/uploads\/2025\/06\/portada-blog-3-1.jpg\",\"contentUrl\":\"https:\/\/www.decolor.com\/wp-content\/uploads\/2025\/06\/portada-blog-3-1.jpg\",\"width\":1920,\"height\":1080,\"caption\":\"C\u00f3mo la pintura aislante t\u00e9rmica transforma tu fachada en verano e invierno\"},{\"@type\":\"BreadcrumbList\",\"@id\":\"https:\/\/www.decolor.com\/en\/2025\/07\/24\/como-la-pintura-aislante-termica-para-fachada-en-verano\/#breadcrumb\",\"itemListElement\":[{\"@type\":\"ListItem\",\"position\":1,\"name\":\"Home\",\"item\":\"https:\/\/www.decolor.com\/\"},{\"@type\":\"ListItem\",\"position\":2,\"name\":\"C\u00f3mo la pintura aislante t\u00e9rmica transforma tu fachada en verano e invierno\"}]},{\"@type\":\"WebSite\",\"@id\":\"https:\/\/www.decolor.com\/it\/#website\",\"url\":\"https:\/\/www.decolor.com\/it\/\",\"name\":\"Decolor\",\"description\":\"Web Decolor\",\"publisher\":{\"@id\":\"https:\/\/www.decolor.com\/it\/#organization\"},\"potentialAction\":[{\"@type\":\"SearchAction\",\"target\":{\"@type\":\"EntryPoint\",\"urlTemplate\":\"https:\/\/www.decolor.com\/it\/?s={search_term_string}\"},\"query-input\":{\"@type\":\"PropertyValueSpecification\",\"valueRequired\":true,\"valueName\":\"search_term_string\"}}],\"inLanguage\":\"nl-NL\"},{\"@type\":\"Organization\",\"@id\":\"https:\/\/www.decolor.com\/it\/#organization\",\"name\":\"Decolor\",\"url\":\"https:\/\/www.decolor.com\/it\/\",\"logo\":{\"@type\":\"ImageObject\",\"inLanguage\":\"nl-NL\",\"@id\":\"https:\/\/www.decolor.com\/it\/#\/schema\/logo\/image\/\",\"url\":\"https:\/\/www.decolor.com\/wp-content\/uploads\/2021\/02\/marca_principal_pinturas_decolor_color.png\",\"contentUrl\":\"https:\/\/www.decolor.com\/wp-content\/uploads\/2021\/02\/marca_principal_pinturas_decolor_color.png\",\"width\":1588,\"height\":421,\"caption\":\"Decolor\"},\"image\":{\"@id\":\"https:\/\/www.decolor.com\/it\/#\/schema\/logo\/image\/\"}},{\"@type\":\"Person\",\"@id\":\"https:\/\/www.decolor.com\/it\/#\/schema\/person\/ee129ba55a6e106302c09dd53688a553\",\"name\":\"sergio.serrano\",\"image\":{\"@type\":\"ImageObject\",\"inLanguage\":\"nl-NL\",\"@id\":\"https:\/\/www.decolor.com\/it\/#\/schema\/person\/image\/\",\"url\":\"https:\/\/secure.gravatar.com\/avatar\/420fb836392f59d23baa29c11ed43193?s=96&d=mm&r=g\",\"contentUrl\":\"https:\/\/secure.gravatar.com\/avatar\/420fb836392f59d23baa29c11ed43193?s=96&d=mm&r=g\",\"caption\":\"sergio.serrano\"},\"url\":\"https:\/\/www.decolor.com\/nl\/author\/sergio-serrano\/\"}]}<\/script>\n<!-- \/ Yoast SEO plugin. -->","yoast_head_json":{"title":"C\u00f3mo la pintura aislante t\u00e9rmica para fachada en verano","description":"\u00bfSab\u00edas que la pintura aislante t\u00e9rmica para fachadas puede reducir tu factura de luz y mejorar el confort en casa? Te contamos c\u00f3mo","robots":{"index":"index","follow":"follow","max-snippet":"max-snippet:-1","max-image-preview":"max-image-preview:large","max-video-preview":"max-video-preview:-1"},"canonical":"https:\/\/www.decolor.com\/nl\/2025\/07\/24\/como-la-pintura-aislante-termica-para-fachada-en-verano\/","og_locale":"nl_NL","og_type":"article","og_title":"C\u00f3mo la pintura aislante t\u00e9rmica para fachada en verano","og_description":"\u00bfSab\u00edas que la pintura aislante t\u00e9rmica para fachadas puede reducir tu factura de luz y mejorar el confort en casa? Te contamos c\u00f3mo","og_url":"https:\/\/www.decolor.com\/nl\/2025\/07\/24\/como-la-pintura-aislante-termica-para-fachada-en-verano\/","og_site_name":"Decolor","article_published_time":"2025-07-24T10:57:32+00:00","article_modified_time":"2025-06-25T11:11:05+00:00","og_image":[{"width":1920,"height":1080,"url":"https:\/\/www.decolor.com\/wp-content\/uploads\/2025\/06\/portada-blog-3-1.jpg","type":"image\/jpeg"}],"author":"sergio.serrano","twitter_card":"summary_large_image","twitter_misc":{"Geschreven door":"sergio.serrano","Geschatte leestijd":"3 minuten"},"schema":{"@context":"https:\/\/schema.org","@graph":[{"@type":"Article","@id":"https:\/\/www.decolor.com\/en\/2025\/07\/24\/como-la-pintura-aislante-termica-para-fachada-en-verano\/#article","isPartOf":{"@id":"https:\/\/www.decolor.com\/en\/2025\/07\/24\/como-la-pintura-aislante-termica-para-fachada-en-verano\/"},"author":{"name":"sergio.serrano","@id":"https:\/\/www.decolor.com\/it\/#\/schema\/person\/ee129ba55a6e106302c09dd53688a553"},"headline":"C\u00f3mo la pintura aislante t\u00e9rmica transforma tu fachada en verano e invierno","datePublished":"2025-07-24T10:57:32+00:00","dateModified":"2025-06-25T11:11:05+00:00","mainEntityOfPage":{"@id":"https:\/\/www.decolor.com\/en\/2025\/07\/24\/como-la-pintura-aislante-termica-para-fachada-en-verano\/"},"wordCount":509,"commentCount":0,"publisher":{"@id":"https:\/\/www.decolor.com\/it\/#organization"},"image":{"@id":"https:\/\/www.decolor.com\/en\/2025\/07\/24\/como-la-pintura-aislante-termica-para-fachada-en-verano\/#primaryimage"},"thumbnailUrl":"https:\/\/www.decolor.com\/wp-content\/uploads\/2025\/06\/portada-blog-3-1.jpg","articleSection":["Decolor"],"inLanguage":"nl-NL","potentialAction":[{"@type":"CommentAction","name":"Comment","target":["https:\/\/www.decolor.com\/en\/2025\/07\/24\/como-la-pintura-aislante-termica-para-fachada-en-verano\/#respond"]}]},{"@type":"WebPage","@id":"https:\/\/www.decolor.com\/en\/2025\/07\/24\/como-la-pintura-aislante-termica-para-fachada-en-verano\/","url":"https:\/\/www.decolor.com\/en\/2025\/07\/24\/como-la-pintura-aislante-termica-para-fachada-en-verano\/","name":"C\u00f3mo la pintura aislante t\u00e9rmica para fachada en verano","isPartOf":{"@id":"https:\/\/www.decolor.com\/it\/#website"},"primaryImageOfPage":{"@id":"https:\/\/www.decolor.com\/en\/2025\/07\/24\/como-la-pintura-aislante-termica-para-fachada-en-verano\/#primaryimage"},"image":{"@id":"https:\/\/www.decolor.com\/en\/2025\/07\/24\/como-la-pintura-aislante-termica-para-fachada-en-verano\/#primaryimage"},"thumbnailUrl":"https:\/\/www.decolor.com\/wp-content\/uploads\/2025\/06\/portada-blog-3-1.jpg","datePublished":"2025-07-24T10:57:32+00:00","dateModified":"2025-06-25T11:11:05+00:00","description":"\u00bfSab\u00edas que la pintura aislante t\u00e9rmica para fachadas puede reducir tu factura de luz y mejorar el confort en casa? Te contamos c\u00f3mo","breadcrumb":{"@id":"https:\/\/www.decolor.com\/en\/2025\/07\/24\/como-la-pintura-aislante-termica-para-fachada-en-verano\/#breadcrumb"},"inLanguage":"nl-NL","potentialAction":[{"@type":"ReadAction","target":["https:\/\/www.decolor.com\/en\/2025\/07\/24\/como-la-pintura-aislante-termica-para-fachada-en-verano\/"]}]},{"@type":"ImageObject","inLanguage":"nl-NL","@id":"https:\/\/www.decolor.com\/en\/2025\/07\/24\/como-la-pintura-aislante-termica-para-fachada-en-verano\/#primaryimage","url":"https:\/\/www.decolor.com\/wp-content\/uploads\/2025\/06\/portada-blog-3-1.jpg","contentUrl":"https:\/\/www.decolor.com\/wp-content\/uploads\/2025\/06\/portada-blog-3-1.jpg","width":1920,"height":1080,"caption":"C\u00f3mo la pintura aislante t\u00e9rmica transforma tu fachada en verano e invierno"},{"@type":"BreadcrumbList","@id":"https:\/\/www.decolor.com\/en\/2025\/07\/24\/como-la-pintura-aislante-termica-para-fachada-en-verano\/#breadcrumb","itemListElement":[{"@type":"ListItem","position":1,"name":"Home","item":"https:\/\/www.decolor.com\/"},{"@type":"ListItem","position":2,"name":"C\u00f3mo la pintura aislante t\u00e9rmica transforma tu fachada en verano e invierno"}]},{"@type":"WebSite","@id":"https:\/\/www.decolor.com\/it\/#website","url":"https:\/\/www.decolor.com\/it\/","name":"Kleur","description":"Web ontkleuren","publisher":{"@id":"https:\/\/www.decolor.com\/it\/#organization"},"potentialAction":[{"@type":"SearchAction","target":{"@type":"EntryPoint","urlTemplate":"https:\/\/www.decolor.com\/it\/?s={search_term_string}"},"query-input":{"@type":"PropertyValueSpecification","valueRequired":true,"valueName":"search_term_string"}}],"inLanguage":"nl-NL"},{"@type":"Organization","@id":"https:\/\/www.decolor.com\/it\/#organization","name":"Kleur","url":"https:\/\/www.decolor.com\/it\/","logo":{"@type":"ImageObject","inLanguage":"nl-NL","@id":"https:\/\/www.decolor.com\/it\/#\/schema\/logo\/image\/","url":"https:\/\/www.decolor.com\/wp-content\/uploads\/2021\/02\/marca_principal_pinturas_decolor_color.png","contentUrl":"https:\/\/www.decolor.com\/wp-content\/uploads\/2021\/02\/marca_principal_pinturas_decolor_color.png","width":1588,"height":421,"caption":"Decolor"},"image":{"@id":"https:\/\/www.decolor.com\/it\/#\/schema\/logo\/image\/"}},{"@type":"Person","@id":"https:\/\/www.decolor.com\/it\/#\/schema\/person\/ee129ba55a6e106302c09dd53688a553","name":"Sergio Serrano","image":{"@type":"ImageObject","inLanguage":"nl-NL","@id":"https:\/\/www.decolor.com\/it\/#\/schema\/person\/image\/","url":"https:\/\/secure.gravatar.com\/avatar\/420fb836392f59d23baa29c11ed43193?s=96&d=mm&r=g","contentUrl":"https:\/\/secure.gravatar.com\/avatar\/420fb836392f59d23baa29c11ed43193?s=96&d=mm&r=g","caption":"sergio.serrano"},"url":"https:\/\/www.decolor.com\/nl\/author\/sergio-serrano\/"}]}},"_links":{"self":[{"href":"https:\/\/www.decolor.com\/nl\/wp-json\/wp\/v2\/posts\/151016"}],"collection":[{"href":"https:\/\/www.decolor.com\/nl\/wp-json\/wp\/v2\/posts"}],"about":[{"href":"https:\/\/www.decolor.com\/nl\/wp-json\/wp\/v2\/types\/post"}],"author":[{"embeddable":true,"href":"https:\/\/www.decolor.com\/nl\/wp-json\/wp\/v2\/users\/34"}],"replies":[{"embeddable":true,"href":"https:\/\/www.decolor.com\/nl\/wp-json\/wp\/v2\/comments?post=151016"}],"version-history":[{"count":1,"href":"https:\/\/www.decolor.com\/nl\/wp-json\/wp\/v2\/posts\/151016\/revisions"}],"predecessor-version":[{"id":151019,"href":"https:\/\/www.decolor.com\/nl\/wp-json\/wp\/v2\/posts\/151016\/revisions\/151019"}],"wp:featuredmedia":[{"embeddable":true,"href":"https:\/\/www.decolor.com\/nl\/wp-json\/wp\/v2\/media\/151017"}],"wp:attachment":[{"href":"https:\/\/www.decolor.com\/nl\/wp-json\/wp\/v2\/media?parent=151016"}],"wp:term":[{"taxonomy":"category","embeddable":true,"href":"https:\/\/www.decolor.com\/nl\/wp-json\/wp\/v2\/categories?post=151016"},{"taxonomy":"post_tag","embeddable":true,"href":"https:\/\/www.decolor.com\/nl\/wp-json\/wp\/v2\/tags?post=151016"}],"curies":[{"name":"wp","href":"https:\/\/api.w.org\/{rel}","templated":true}]}}