{"id":151336,"date":"2025-10-23T13:40:35","date_gmt":"2025-10-23T13:40:35","guid":{"rendered":"https:\/\/www.decolor.com\/?p=151336"},"modified":"2025-09-04T14:10:43","modified_gmt":"2025-09-04T14:10:43","slug":"fabrica-de-pinturas-ecologicas-como-decolor-lidera-el-cambio-hacia-un-futuro-mas-sostenible","status":"publish","type":"post","link":"https:\/\/www.decolor.com\/nl\/2025\/10\/23\/fabrica-de-pinturas-ecologicas-como-decolor-lidera-el-cambio-hacia-un-futuro-mas-sostenible\/","title":{"rendered":"Milieuvriendelijke verffabriek: hoe DECOLOR het voortouw neemt in de richting van een duurzamere toekomst"},"content":{"rendered":"<p>In een wereld waar duurzaamheid een prioriteit is geworden, vindt ook de verfindustrie zichzelf opnieuw uit. Consumenten zijn vandaag de dag meer dan ooit op zoek naar milieuvriendelijke producten zonder in te leveren op prestaties en duurzaamheid. In deze context is het concept van <strong>ecologische verffabriek<\/strong>en DECOLOR positioneert zich als een van de toonaangevende merken in Spanje in deze transformatie.<\/p>\n\n\n\n<h3 class=\"wp-block-heading\">Wat is een ecologische verf?<\/h3>\n\n\n\n<p>Milieuvriendelijke verven zijn verven die zijn samengesteld met:<\/p>\n\n\n\n<ul class=\"wp-block-list\">\n<li><strong>Laag of geen gehalte aan vluchtige organische stoffen (VOS)<\/strong>.<\/li>\n\n\n\n<li>Ingredi\u00ebnten op waterbasis en geen giftige oplosmiddelen.<\/li>\n\n\n\n<li>Productieprocessen die de CO2-voetafdruk verkleinen.<\/li>\n\n\n\n<li>Recyclebare verpakkingen of verpakkingen die zijn geproduceerd met gerecyclede materialen.<\/li>\n<\/ul>\n\n\n\n<p>Het doel is om producten aan te bieden die zowel de gezondheid van de mens als het milieu respecteren.<\/p>\n\n\n\n<h3 class=\"wp-block-heading\">De toewijding van DECOLOR aan het milieu<\/h3>\n\n\n\n<p>DECOLOR produceert niet alleen verven, maar integreert duurzaamheid in de gehele productieketen:<\/p>\n\n\n\n<ul class=\"wp-block-list\">\n<li>ISO 14001-certificering voor milieumanagement.<\/li>\n\n\n\n<li>Installaties met waterrecycling- en emissiecontrolesystemen.<\/li>\n\n\n\n<li>Ontwikkeling van formules zonder lood, zware metalen en gevaarlijke stoffen.<\/li>\n\n\n\n<li>Innovatie in coatings die zorgen voor een grotere duurzaamheid en minder onderhoud.<\/li>\n<\/ul>\n\n\n\n<p>Deze factoren zorgen ervoor dat DECOLOR als een echte <strong>ecologische verffabriek<\/strong> zonder dat dit ten koste gaat van de kwaliteit of afwerking van haar producten.<\/p>\n\n\n\n<h3 class=\"wp-block-heading\">Uitgelicht ecologisch assortiment<\/h3>\n\n\n\n<p>In de DECOLOR catalogus vindt u een breed scala aan duurzame oplossingen:<\/p>\n\n\n\n<ul class=\"wp-block-list\">\n<li><strong>Watergedragen kunststofverven<\/strong> als <em>Mat D-800<\/em> of <em>Ekus<\/em>, ideaal voor geurvrije interieurs.<\/li>\n\n\n\n<li><strong>Watergedragen lakken voor hout en metaal<\/strong>, schoner en gemakkelijker aan te brengen.<\/li>\n\n\n\n<li><strong>Waterdichting op waterbasis<\/strong>, als <em>Deco-Elast Aqua<\/em>, veilig en effectief.<\/li>\n\n\n\n<li><strong>Kleurstoffen en verfstoffen op waterbasis<\/strong>, zonder agressieve oplosmiddelen.<\/li>\n\n\n\n<li><strong>Ecologische lakken en beitsen<\/strong> die het hout beschermen en toch de natuurlijke uitstraling ervan respecteren.<\/li>\n<\/ul>\n\n\n\n<p>Al deze producten zijn ontworpen om te voldoen aan de strengste Europese normen.<\/p>\n\n\n\n<h3 class=\"wp-block-heading\">Voordelen van het gebruik van ecologische verven<\/h3>\n\n\n\n<p>Naast hun positieve impact op het milieu, hebben milieuvriendelijke verven ook de volgende voordelen:<\/p>\n\n\n\n<ul class=\"wp-block-list\">\n<li>Ze verminderen het risico op allergie\u00ebn of vergiftigingen.<\/li>\n\n\n\n<li>Ze zorgen voor een snellere ventilatie van geschilderde ruimtes.<\/li>\n\n\n\n<li>Ze zijn veiliger voor kinderen, huisdieren en gevoelige mensen.<\/li>\n\n\n\n<li>Ze dragen bij aan het verbeteren van de luchtkwaliteit binnenshuis.<\/li>\n\n\n\n<li>Ze voldoen aan de LEED-regelgeving en andere keurmerken voor duurzame bouw.<\/li>\n<\/ul>\n\n\n\n<h3 class=\"wp-block-heading\">De toekomst van de sector<\/h3>\n\n\n\n<p>Steeds meer architecten, ontwerpers en bouwbedrijven eisen milieuvriendelijke producten voor hun projecten. Fabrieken die zich niet aan deze vraag aanpassen, zullen van de markt worden verdreven. DECOLOR bewijst dat het mogelijk is om duurzaam te produceren zonder in te leveren op innovatie of resultaat.<\/p>\n\n\n\n<p>\ud83d\udc49 Ontdek alle milieuvriendelijke oplossingen van DECOLOR op <a href=\"https:\/\/www.decolor.com\/nl\/?utm_source=chatgpt.com\">www.decolor.com<\/a><\/p>\n\n\n\n<figure class=\"wp-block-embed is-type-video is-provider-youtube wp-block-embed-youtube wp-embed-aspect-16-9 wp-has-aspect-ratio\"><div class=\"wp-block-embed__wrapper\">\n<iframe title=\"Prijs voor Investeringsmaatschappij in Kwaliteit en Milieu: PINTURAS DECOLOR, SL\" width=\"750\" height=\"422\" src=\"https:\/\/www.youtube.com\/embed\/jYyVrPvw4gE?feature=oembed\" frameborder=\"0\" allow=\"accelerometer; autoplay; clipboard-write; encrypted-media; gyroscope; picture-in-picture; web-share\" referrerpolicy=\"strict-origin-when-cross-origin\" allowfullscreen><\/iframe>\n<\/div><\/figure>","protected":false},"excerpt":{"rendered":"<p>In een wereld waar duurzaamheid een prioriteit is geworden, vindt ook de verfindustrie zichzelf opnieuw uit. Consumenten zijn vandaag de dag meer dan ooit op zoek naar milieuvriendelijke producten zonder in te leveren op prestaties en duurzaamheid. In deze context is het concept van de milieuvriendelijke verffabriek ontstaan en positioneert DECOLOR zich als... <a class=\"more-link\" href=\"https:\/\/www.decolor.com\/nl\/2025\/10\/23\/fabrica-de-pinturas-ecologicas-como-decolor-lidera-el-cambio-hacia-un-futuro-mas-sostenible\/\">jij leest groen <span class=\"screen-reader-text\">Milieuvriendelijke verffabriek: hoe DECOLOR het voortouw neemt in de richting van een duurzamere toekomst<\/span><\/a><\/p>","protected":false},"author":34,"featured_media":151337,"comment_status":"open","ping_status":"open","sticky":false,"template":"","format":"standard","meta":{"_acf_changed":false,"footnotes":""},"categories":[1],"tags":[],"class_list":["post-151336","post","type-post","status-publish","format-standard","has-post-thumbnail","hentry","category-decolor","entry"],"acf":[],"yoast_head":"<!-- This site is optimized with the Yoast SEO plugin v23.4 - https:\/\/yoast.com\/wordpress\/plugins\/seo\/ -->\n<title>F\u00e1brica de pinturas ecol\u00f3gicas: c\u00f3mo DECOLOR lidera el cambio<\/title>\n<meta name=\"description\" content=\"\u00bfBuscas una f\u00e1brica de pinturas ecol\u00f3gicas en Espa\u00f1a? Descubre c\u00f3mo DECOLOR combina sostenibilidad, salud y tecnolog\u00eda para ofrecer productos respetuosos con el medio ambiente sin renunciar a la calidad.\" \/>\n<meta name=\"robots\" content=\"index, follow, max-snippet:-1, max-image-preview:large, max-video-preview:-1\" \/>\n<link rel=\"canonical\" href=\"https:\/\/www.decolor.com\/nl\/2025\/10\/23\/fabrica-de-pinturas-ecologicas-como-decolor-lidera-el-cambio-hacia-un-futuro-mas-sostenible\/\" \/>\n<meta property=\"og:locale\" content=\"nl_NL\" \/>\n<meta property=\"og:type\" content=\"article\" \/>\n<meta property=\"og:title\" content=\"F\u00e1brica de pinturas ecol\u00f3gicas: c\u00f3mo DECOLOR lidera el cambio\" \/>\n<meta property=\"og:description\" content=\"\u00bfBuscas una f\u00e1brica de pinturas ecol\u00f3gicas en Espa\u00f1a? Descubre c\u00f3mo DECOLOR combina sostenibilidad, salud y tecnolog\u00eda para ofrecer productos respetuosos con el medio ambiente sin renunciar a la calidad.\" \/>\n<meta property=\"og:url\" content=\"https:\/\/www.decolor.com\/nl\/2025\/10\/23\/fabrica-de-pinturas-ecologicas-como-decolor-lidera-el-cambio-hacia-un-futuro-mas-sostenible\/\" \/>\n<meta property=\"og:site_name\" content=\"Decolor\" \/>\n<meta property=\"article:published_time\" content=\"2025-10-23T13:40:35+00:00\" \/>\n<meta property=\"article:modified_time\" content=\"2025-09-04T14:10:43+00:00\" \/>\n<meta property=\"og:image\" content=\"https:\/\/www.decolor.com\/wp-content\/uploads\/2025\/09\/portada_blog-2.jpg\" \/>\n\t<meta property=\"og:image:width\" content=\"1920\" \/>\n\t<meta property=\"og:image:height\" content=\"1080\" \/>\n\t<meta property=\"og:image:type\" content=\"image\/jpeg\" \/>\n<meta name=\"author\" content=\"sergio.serrano\" \/>\n<meta name=\"twitter:card\" content=\"summary_large_image\" \/>\n<meta name=\"twitter:label1\" content=\"Geschreven door\" \/>\n\t<meta name=\"twitter:data1\" content=\"sergio.serrano\" \/>\n\t<meta name=\"twitter:label2\" content=\"Geschatte leestijd\" \/>\n\t<meta name=\"twitter:data2\" content=\"3 minuten\" \/>\n<script type=\"application\/ld+json\" class=\"yoast-schema-graph\">{\"@context\":\"https:\/\/schema.org\",\"@graph\":[{\"@type\":\"Article\",\"@id\":\"https:\/\/www.decolor.com\/en\/2025\/10\/23\/fabrica-de-pinturas-ecologicas-como-decolor-lidera-el-cambio-hacia-un-futuro-mas-sostenible\/#article\",\"isPartOf\":{\"@id\":\"https:\/\/www.decolor.com\/en\/2025\/10\/23\/fabrica-de-pinturas-ecologicas-como-decolor-lidera-el-cambio-hacia-un-futuro-mas-sostenible\/\"},\"author\":{\"name\":\"sergio.serrano\",\"@id\":\"https:\/\/www.decolor.com\/it\/#\/schema\/person\/ee129ba55a6e106302c09dd53688a553\"},\"headline\":\"F\u00e1brica de pinturas ecol\u00f3gicas: c\u00f3mo DECOLOR lidera el cambio hacia un futuro m\u00e1s sostenible\",\"datePublished\":\"2025-10-23T13:40:35+00:00\",\"dateModified\":\"2025-09-04T14:10:43+00:00\",\"mainEntityOfPage\":{\"@id\":\"https:\/\/www.decolor.com\/en\/2025\/10\/23\/fabrica-de-pinturas-ecologicas-como-decolor-lidera-el-cambio-hacia-un-futuro-mas-sostenible\/\"},\"wordCount\":487,\"commentCount\":0,\"publisher\":{\"@id\":\"https:\/\/www.decolor.com\/it\/#organization\"},\"image\":{\"@id\":\"https:\/\/www.decolor.com\/en\/2025\/10\/23\/fabrica-de-pinturas-ecologicas-como-decolor-lidera-el-cambio-hacia-un-futuro-mas-sostenible\/#primaryimage\"},\"thumbnailUrl\":\"https:\/\/www.decolor.com\/wp-content\/uploads\/2025\/09\/portada_blog-2.jpg\",\"articleSection\":[\"Decolor\"],\"inLanguage\":\"nl-NL\",\"potentialAction\":[{\"@type\":\"CommentAction\",\"name\":\"Comment\",\"target\":[\"https:\/\/www.decolor.com\/en\/2025\/10\/23\/fabrica-de-pinturas-ecologicas-como-decolor-lidera-el-cambio-hacia-un-futuro-mas-sostenible\/#respond\"]}]},{\"@type\":\"WebPage\",\"@id\":\"https:\/\/www.decolor.com\/en\/2025\/10\/23\/fabrica-de-pinturas-ecologicas-como-decolor-lidera-el-cambio-hacia-un-futuro-mas-sostenible\/\",\"url\":\"https:\/\/www.decolor.com\/en\/2025\/10\/23\/fabrica-de-pinturas-ecologicas-como-decolor-lidera-el-cambio-hacia-un-futuro-mas-sostenible\/\",\"name\":\"F\u00e1brica de pinturas ecol\u00f3gicas: c\u00f3mo DECOLOR lidera el cambio\",\"isPartOf\":{\"@id\":\"https:\/\/www.decolor.com\/it\/#website\"},\"primaryImageOfPage\":{\"@id\":\"https:\/\/www.decolor.com\/en\/2025\/10\/23\/fabrica-de-pinturas-ecologicas-como-decolor-lidera-el-cambio-hacia-un-futuro-mas-sostenible\/#primaryimage\"},\"image\":{\"@id\":\"https:\/\/www.decolor.com\/en\/2025\/10\/23\/fabrica-de-pinturas-ecologicas-como-decolor-lidera-el-cambio-hacia-un-futuro-mas-sostenible\/#primaryimage\"},\"thumbnailUrl\":\"https:\/\/www.decolor.com\/wp-content\/uploads\/2025\/09\/portada_blog-2.jpg\",\"datePublished\":\"2025-10-23T13:40:35+00:00\",\"dateModified\":\"2025-09-04T14:10:43+00:00\",\"description\":\"\u00bfBuscas una f\u00e1brica de pinturas ecol\u00f3gicas en Espa\u00f1a? Descubre c\u00f3mo DECOLOR combina sostenibilidad, salud y tecnolog\u00eda para ofrecer productos respetuosos con el medio ambiente sin renunciar a la calidad.\",\"breadcrumb\":{\"@id\":\"https:\/\/www.decolor.com\/en\/2025\/10\/23\/fabrica-de-pinturas-ecologicas-como-decolor-lidera-el-cambio-hacia-un-futuro-mas-sostenible\/#breadcrumb\"},\"inLanguage\":\"nl-NL\",\"potentialAction\":[{\"@type\":\"ReadAction\",\"target\":[\"https:\/\/www.decolor.com\/en\/2025\/10\/23\/fabrica-de-pinturas-ecologicas-como-decolor-lidera-el-cambio-hacia-un-futuro-mas-sostenible\/\"]}]},{\"@type\":\"ImageObject\",\"inLanguage\":\"nl-NL\",\"@id\":\"https:\/\/www.decolor.com\/en\/2025\/10\/23\/fabrica-de-pinturas-ecologicas-como-decolor-lidera-el-cambio-hacia-un-futuro-mas-sostenible\/#primaryimage\",\"url\":\"https:\/\/www.decolor.com\/wp-content\/uploads\/2025\/09\/portada_blog-2.jpg\",\"contentUrl\":\"https:\/\/www.decolor.com\/wp-content\/uploads\/2025\/09\/portada_blog-2.jpg\",\"width\":1920,\"height\":1080,\"caption\":\"F\u00e1brica de pinturas ecol\u00f3gicas: c\u00f3mo DECOLOR lidera el cambio hacia un futuro m\u00e1s sostenible\"},{\"@type\":\"BreadcrumbList\",\"@id\":\"https:\/\/www.decolor.com\/en\/2025\/10\/23\/fabrica-de-pinturas-ecologicas-como-decolor-lidera-el-cambio-hacia-un-futuro-mas-sostenible\/#breadcrumb\",\"itemListElement\":[{\"@type\":\"ListItem\",\"position\":1,\"name\":\"Home\",\"item\":\"https:\/\/www.decolor.com\/\"},{\"@type\":\"ListItem\",\"position\":2,\"name\":\"F\u00e1brica de pinturas ecol\u00f3gicas: c\u00f3mo DECOLOR lidera el cambio hacia un futuro m\u00e1s sostenible\"}]},{\"@type\":\"WebSite\",\"@id\":\"https:\/\/www.decolor.com\/it\/#website\",\"url\":\"https:\/\/www.decolor.com\/it\/\",\"name\":\"Decolor\",\"description\":\"Web Decolor\",\"publisher\":{\"@id\":\"https:\/\/www.decolor.com\/it\/#organization\"},\"potentialAction\":[{\"@type\":\"SearchAction\",\"target\":{\"@type\":\"EntryPoint\",\"urlTemplate\":\"https:\/\/www.decolor.com\/it\/?s={search_term_string}\"},\"query-input\":{\"@type\":\"PropertyValueSpecification\",\"valueRequired\":true,\"valueName\":\"search_term_string\"}}],\"inLanguage\":\"nl-NL\"},{\"@type\":\"Organization\",\"@id\":\"https:\/\/www.decolor.com\/it\/#organization\",\"name\":\"Decolor\",\"url\":\"https:\/\/www.decolor.com\/it\/\",\"logo\":{\"@type\":\"ImageObject\",\"inLanguage\":\"nl-NL\",\"@id\":\"https:\/\/www.decolor.com\/it\/#\/schema\/logo\/image\/\",\"url\":\"https:\/\/www.decolor.com\/wp-content\/uploads\/2021\/02\/marca_principal_pinturas_decolor_color.png\",\"contentUrl\":\"https:\/\/www.decolor.com\/wp-content\/uploads\/2021\/02\/marca_principal_pinturas_decolor_color.png\",\"width\":1588,\"height\":421,\"caption\":\"Decolor\"},\"image\":{\"@id\":\"https:\/\/www.decolor.com\/it\/#\/schema\/logo\/image\/\"}},{\"@type\":\"Person\",\"@id\":\"https:\/\/www.decolor.com\/it\/#\/schema\/person\/ee129ba55a6e106302c09dd53688a553\",\"name\":\"sergio.serrano\",\"image\":{\"@type\":\"ImageObject\",\"inLanguage\":\"nl-NL\",\"@id\":\"https:\/\/www.decolor.com\/it\/#\/schema\/person\/image\/\",\"url\":\"https:\/\/secure.gravatar.com\/avatar\/420fb836392f59d23baa29c11ed43193?s=96&d=mm&r=g\",\"contentUrl\":\"https:\/\/secure.gravatar.com\/avatar\/420fb836392f59d23baa29c11ed43193?s=96&d=mm&r=g\",\"caption\":\"sergio.serrano\"},\"url\":\"https:\/\/www.decolor.com\/nl\/author\/sergio-serrano\/\"}]}<\/script>\n<!-- \/ Yoast SEO plugin. -->","yoast_head_json":{"title":"F\u00e1brica de pinturas ecol\u00f3gicas: c\u00f3mo DECOLOR lidera el cambio","description":"\u00bfBuscas una f\u00e1brica de pinturas ecol\u00f3gicas en Espa\u00f1a? Descubre c\u00f3mo DECOLOR combina sostenibilidad, salud y tecnolog\u00eda para ofrecer productos respetuosos con el medio ambiente sin renunciar a la calidad.","robots":{"index":"index","follow":"follow","max-snippet":"max-snippet:-1","max-image-preview":"max-image-preview:large","max-video-preview":"max-video-preview:-1"},"canonical":"https:\/\/www.decolor.com\/nl\/2025\/10\/23\/fabrica-de-pinturas-ecologicas-como-decolor-lidera-el-cambio-hacia-un-futuro-mas-sostenible\/","og_locale":"nl_NL","og_type":"article","og_title":"F\u00e1brica de pinturas ecol\u00f3gicas: c\u00f3mo DECOLOR lidera el cambio","og_description":"\u00bfBuscas una f\u00e1brica de pinturas ecol\u00f3gicas en Espa\u00f1a? Descubre c\u00f3mo DECOLOR combina sostenibilidad, salud y tecnolog\u00eda para ofrecer productos respetuosos con el medio ambiente sin renunciar a la calidad.","og_url":"https:\/\/www.decolor.com\/nl\/2025\/10\/23\/fabrica-de-pinturas-ecologicas-como-decolor-lidera-el-cambio-hacia-un-futuro-mas-sostenible\/","og_site_name":"Decolor","article_published_time":"2025-10-23T13:40:35+00:00","article_modified_time":"2025-09-04T14:10:43+00:00","og_image":[{"width":1920,"height":1080,"url":"https:\/\/www.decolor.com\/wp-content\/uploads\/2025\/09\/portada_blog-2.jpg","type":"image\/jpeg"}],"author":"sergio.serrano","twitter_card":"summary_large_image","twitter_misc":{"Geschreven door":"sergio.serrano","Geschatte leestijd":"3 minuten"},"schema":{"@context":"https:\/\/schema.org","@graph":[{"@type":"Article","@id":"https:\/\/www.decolor.com\/en\/2025\/10\/23\/fabrica-de-pinturas-ecologicas-como-decolor-lidera-el-cambio-hacia-un-futuro-mas-sostenible\/#article","isPartOf":{"@id":"https:\/\/www.decolor.com\/en\/2025\/10\/23\/fabrica-de-pinturas-ecologicas-como-decolor-lidera-el-cambio-hacia-un-futuro-mas-sostenible\/"},"author":{"name":"sergio.serrano","@id":"https:\/\/www.decolor.com\/it\/#\/schema\/person\/ee129ba55a6e106302c09dd53688a553"},"headline":"F\u00e1brica de pinturas ecol\u00f3gicas: c\u00f3mo DECOLOR lidera el cambio hacia un futuro m\u00e1s sostenible","datePublished":"2025-10-23T13:40:35+00:00","dateModified":"2025-09-04T14:10:43+00:00","mainEntityOfPage":{"@id":"https:\/\/www.decolor.com\/en\/2025\/10\/23\/fabrica-de-pinturas-ecologicas-como-decolor-lidera-el-cambio-hacia-un-futuro-mas-sostenible\/"},"wordCount":487,"commentCount":0,"publisher":{"@id":"https:\/\/www.decolor.com\/it\/#organization"},"image":{"@id":"https:\/\/www.decolor.com\/en\/2025\/10\/23\/fabrica-de-pinturas-ecologicas-como-decolor-lidera-el-cambio-hacia-un-futuro-mas-sostenible\/#primaryimage"},"thumbnailUrl":"https:\/\/www.decolor.com\/wp-content\/uploads\/2025\/09\/portada_blog-2.jpg","articleSection":["Decolor"],"inLanguage":"nl-NL","potentialAction":[{"@type":"CommentAction","name":"Comment","target":["https:\/\/www.decolor.com\/en\/2025\/10\/23\/fabrica-de-pinturas-ecologicas-como-decolor-lidera-el-cambio-hacia-un-futuro-mas-sostenible\/#respond"]}]},{"@type":"WebPage","@id":"https:\/\/www.decolor.com\/en\/2025\/10\/23\/fabrica-de-pinturas-ecologicas-como-decolor-lidera-el-cambio-hacia-un-futuro-mas-sostenible\/","url":"https:\/\/www.decolor.com\/en\/2025\/10\/23\/fabrica-de-pinturas-ecologicas-como-decolor-lidera-el-cambio-hacia-un-futuro-mas-sostenible\/","name":"F\u00e1brica de pinturas ecol\u00f3gicas: c\u00f3mo DECOLOR lidera el cambio","isPartOf":{"@id":"https:\/\/www.decolor.com\/it\/#website"},"primaryImageOfPage":{"@id":"https:\/\/www.decolor.com\/en\/2025\/10\/23\/fabrica-de-pinturas-ecologicas-como-decolor-lidera-el-cambio-hacia-un-futuro-mas-sostenible\/#primaryimage"},"image":{"@id":"https:\/\/www.decolor.com\/en\/2025\/10\/23\/fabrica-de-pinturas-ecologicas-como-decolor-lidera-el-cambio-hacia-un-futuro-mas-sostenible\/#primaryimage"},"thumbnailUrl":"https:\/\/www.decolor.com\/wp-content\/uploads\/2025\/09\/portada_blog-2.jpg","datePublished":"2025-10-23T13:40:35+00:00","dateModified":"2025-09-04T14:10:43+00:00","description":"\u00bfBuscas una f\u00e1brica de pinturas ecol\u00f3gicas en Espa\u00f1a? Descubre c\u00f3mo DECOLOR combina sostenibilidad, salud y tecnolog\u00eda para ofrecer productos respetuosos con el medio ambiente sin renunciar a la calidad.","breadcrumb":{"@id":"https:\/\/www.decolor.com\/en\/2025\/10\/23\/fabrica-de-pinturas-ecologicas-como-decolor-lidera-el-cambio-hacia-un-futuro-mas-sostenible\/#breadcrumb"},"inLanguage":"nl-NL","potentialAction":[{"@type":"ReadAction","target":["https:\/\/www.decolor.com\/en\/2025\/10\/23\/fabrica-de-pinturas-ecologicas-como-decolor-lidera-el-cambio-hacia-un-futuro-mas-sostenible\/"]}]},{"@type":"ImageObject","inLanguage":"nl-NL","@id":"https:\/\/www.decolor.com\/en\/2025\/10\/23\/fabrica-de-pinturas-ecologicas-como-decolor-lidera-el-cambio-hacia-un-futuro-mas-sostenible\/#primaryimage","url":"https:\/\/www.decolor.com\/wp-content\/uploads\/2025\/09\/portada_blog-2.jpg","contentUrl":"https:\/\/www.decolor.com\/wp-content\/uploads\/2025\/09\/portada_blog-2.jpg","width":1920,"height":1080,"caption":"F\u00e1brica de pinturas ecol\u00f3gicas: c\u00f3mo DECOLOR lidera el cambio hacia un futuro m\u00e1s sostenible"},{"@type":"BreadcrumbList","@id":"https:\/\/www.decolor.com\/en\/2025\/10\/23\/fabrica-de-pinturas-ecologicas-como-decolor-lidera-el-cambio-hacia-un-futuro-mas-sostenible\/#breadcrumb","itemListElement":[{"@type":"ListItem","position":1,"name":"Home","item":"https:\/\/www.decolor.com\/"},{"@type":"ListItem","position":2,"name":"F\u00e1brica de pinturas ecol\u00f3gicas: c\u00f3mo DECOLOR lidera el cambio hacia un futuro m\u00e1s sostenible"}]},{"@type":"WebSite","@id":"https:\/\/www.decolor.com\/it\/#website","url":"https:\/\/www.decolor.com\/it\/","name":"Kleur","description":"Web ontkleuren","publisher":{"@id":"https:\/\/www.decolor.com\/it\/#organization"},"potentialAction":[{"@type":"SearchAction","target":{"@type":"EntryPoint","urlTemplate":"https:\/\/www.decolor.com\/it\/?s={search_term_string}"},"query-input":{"@type":"PropertyValueSpecification","valueRequired":true,"valueName":"search_term_string"}}],"inLanguage":"nl-NL"},{"@type":"Organization","@id":"https:\/\/www.decolor.com\/it\/#organization","name":"Kleur","url":"https:\/\/www.decolor.com\/it\/","logo":{"@type":"ImageObject","inLanguage":"nl-NL","@id":"https:\/\/www.decolor.com\/it\/#\/schema\/logo\/image\/","url":"https:\/\/www.decolor.com\/wp-content\/uploads\/2021\/02\/marca_principal_pinturas_decolor_color.png","contentUrl":"https:\/\/www.decolor.com\/wp-content\/uploads\/2021\/02\/marca_principal_pinturas_decolor_color.png","width":1588,"height":421,"caption":"Decolor"},"image":{"@id":"https:\/\/www.decolor.com\/it\/#\/schema\/logo\/image\/"}},{"@type":"Person","@id":"https:\/\/www.decolor.com\/it\/#\/schema\/person\/ee129ba55a6e106302c09dd53688a553","name":"Sergio Serrano","image":{"@type":"ImageObject","inLanguage":"nl-NL","@id":"https:\/\/www.decolor.com\/it\/#\/schema\/person\/image\/","url":"https:\/\/secure.gravatar.com\/avatar\/420fb836392f59d23baa29c11ed43193?s=96&d=mm&r=g","contentUrl":"https:\/\/secure.gravatar.com\/avatar\/420fb836392f59d23baa29c11ed43193?s=96&d=mm&r=g","caption":"sergio.serrano"},"url":"https:\/\/www.decolor.com\/nl\/author\/sergio-serrano\/"}]}},"_links":{"self":[{"href":"https:\/\/www.decolor.com\/nl\/wp-json\/wp\/v2\/posts\/151336"}],"collection":[{"href":"https:\/\/www.decolor.com\/nl\/wp-json\/wp\/v2\/posts"}],"about":[{"href":"https:\/\/www.decolor.com\/nl\/wp-json\/wp\/v2\/types\/post"}],"author":[{"embeddable":true,"href":"https:\/\/www.decolor.com\/nl\/wp-json\/wp\/v2\/users\/34"}],"replies":[{"embeddable":true,"href":"https:\/\/www.decolor.com\/nl\/wp-json\/wp\/v2\/comments?post=151336"}],"version-history":[{"count":1,"href":"https:\/\/www.decolor.com\/nl\/wp-json\/wp\/v2\/posts\/151336\/revisions"}],"predecessor-version":[{"id":151338,"href":"https:\/\/www.decolor.com\/nl\/wp-json\/wp\/v2\/posts\/151336\/revisions\/151338"}],"wp:featuredmedia":[{"embeddable":true,"href":"https:\/\/www.decolor.com\/nl\/wp-json\/wp\/v2\/media\/151337"}],"wp:attachment":[{"href":"https:\/\/www.decolor.com\/nl\/wp-json\/wp\/v2\/media?parent=151336"}],"wp:term":[{"taxonomy":"category","embeddable":true,"href":"https:\/\/www.decolor.com\/nl\/wp-json\/wp\/v2\/categories?post=151336"},{"taxonomy":"post_tag","embeddable":true,"href":"https:\/\/www.decolor.com\/nl\/wp-json\/wp\/v2\/tags?post=151336"}],"curies":[{"name":"wp","href":"https:\/\/api.w.org\/{rel}","templated":true}]}}