{"id":151579,"date":"2026-01-26T11:10:47","date_gmt":"2026-01-26T11:10:47","guid":{"rendered":"https:\/\/www.decolor.com\/?p=151579"},"modified":"2026-01-26T11:10:49","modified_gmt":"2026-01-26T11:10:49","slug":"decolor-fabrica-de-pinturas-especializada-en-soluciones-profesionales","status":"publish","type":"post","link":"https:\/\/www.decolor.com\/nl\/2026\/01\/26\/decolor-fabrica-de-pinturas-especializada-en-soluciones-profesionales\/","title":{"rendered":"DECOLOR: verffabriek gespecialiseerd in professionele oplossingen"},"content":{"rendered":"<p>In een steeds competitievere sector is het kiezen van een <strong>verffabriek<\/strong> Het waarborgen van kwaliteit, betrouwbaarheid en continu\u00efteit van de levering is essentieel voor distributeurs, professionele applicateurs en bedrijven in de bouwsector. In deze context, <strong>KLEUR<\/strong> Het verstevigt zijn positie als een van de <strong>Toonaangevende schildersbedrijven in Spanje<\/strong>Een combinatie van ervaring, innovatie en een sterke focus op kwaliteit en duurzaamheid.<\/p>\n\n\n\n<p>Met uitgebreide ervaring in de <strong>verfproductie<\/strong>DECOLOR biedt oplossingen die zijn afgestemd op de werkelijke behoeften van de professionele markt en biedt meerwaarde aan zowel distributeurs als bedrijven die op zoek zijn naar een solide, stabiele en flexibele leverancier.<\/p>\n\n\n\n<hr class=\"wp-block-separator has-alpha-channel-opacity\"\/>\n\n\n\n<figure class=\"wp-block-image size-large\"><a href=\"https:\/\/www.decolor.com\/nl\/contacto\/\"><img fetchpriority=\"high\" decoding=\"async\" width=\"1024\" height=\"432\" src=\"https:\/\/www.decolor.com\/wp-content\/uploads\/2025\/03\/Banner-Web-Pinturas-Decolor-castellano-1024x432.webp\" alt=\"\" class=\"wp-image-150352\" srcset=\"https:\/\/www.decolor.com\/wp-content\/uploads\/2025\/03\/Banner-Web-Pinturas-Decolor-castellano-1024x432.webp 1024w, https:\/\/www.decolor.com\/wp-content\/uploads\/2025\/03\/Banner-Web-Pinturas-Decolor-castellano-300x127.webp 300w, https:\/\/www.decolor.com\/wp-content\/uploads\/2025\/03\/Banner-Web-Pinturas-Decolor-castellano-768x324.webp 768w, https:\/\/www.decolor.com\/wp-content\/uploads\/2025\/03\/Banner-Web-Pinturas-Decolor-castellano-1536x648.webp 1536w, https:\/\/www.decolor.com\/wp-content\/uploads\/2025\/03\/Banner-Web-Pinturas-Decolor-castellano-2048x864.webp 2048w, https:\/\/www.decolor.com\/wp-content\/uploads\/2025\/03\/Banner-Web-Pinturas-Decolor-castellano-18x8.webp 18w, https:\/\/www.decolor.com\/wp-content\/uploads\/2025\/03\/Banner-Web-Pinturas-Decolor-castellano-1568x662.webp 1568w\" sizes=\"(max-width: 1024px) 100vw, 1024px\" \/><\/a><\/figure>\n\n\n\n<h2 class=\"wp-block-heading\"><strong>DECOLOR als verffabriek: ervaring, controle en betrouwbaarheid<\/strong><\/h2>\n\n\n\n<p>In tegenstelling tot andere commerci\u00eble merken is DECOLOR <strong>fabrikant<\/strong>Dit zorgt voor volledige controle over het productieproces. Van de selectie van grondstoffen tot de uiteindelijke verpakking wordt elke fase nauwlettend in de gaten gehouden door middel van strenge kwaliteitscontroles om consistente, duurzame en hoogwaardige producten te garanderen.<\/p>\n\n\n\n<p>Deze toestand van <strong>verffabriek<\/strong> staat DECOLOR toe:<\/p>\n\n\n\n<ul class=\"wp-block-list\">\n<li>Om ervoor te zorgen dat een <strong>constante kwaliteit in alle batches<\/strong><\/li>\n\n\n\n<li>Pas formules aan de behoeften van de markt aan.<\/li>\n\n\n\n<li>Bied betrouwbare levertijden aan.<\/li>\n\n\n\n<li>Behoud directe controle over kosten en processen.<\/li>\n\n\n\n<li>Ontwikkel specifieke oplossingen voor distributeurs.<\/li>\n<\/ul>\n\n\n\n<p>Dit alles maakt DECOLOR een strategische partner voor bedrijven die op zoek zijn naar stabiliteit en vertrouwen op de lange termijn.<\/p>\n\n\n\n<hr class=\"wp-block-separator has-alpha-channel-opacity\"\/>\n\n\n\n<h2 class=\"wp-block-heading\"><strong>Professioneel geori\u00ebnteerde verfproductie<\/strong><\/h2>\n\n\n\n<p>De verfproductie van DECOLOR is ontworpen om te voldoen aan de eisen van de professionele sector. Daarom is het productassortiment ontwikkeld met inachtneming van belangrijke factoren zoals:<\/p>\n\n\n\n<ul class=\"wp-block-list\">\n<li>Dekkingsvermogen<\/li>\n\n\n\n<li>Opbrengst per vierkante meter<\/li>\n\n\n\n<li>Gebruiksgemak<\/li>\n\n\n\n<li>Duurzaamheid en weerstand<\/li>\n\n\n\n<li>Homogene afwerkingen<\/li>\n\n\n\n<li>Normatieve naleving<\/li>\n<\/ul>\n\n\n\n<p>Dankzij voortdurende investeringen in onderzoek en ontwikkeling biedt het bedrijf kunststofverven, coatings, lakken en technische oplossingen die voldoen aan de meest ve veeleisende eisen van de huidige markt.<\/p>\n\n\n\n<hr class=\"wp-block-separator has-alpha-channel-opacity\"\/>\n\n\n\n<h2 class=\"wp-block-heading\"><strong>Verfbedrijven: waarom kiezen voor een fabrikant als DECOLOR?<\/strong><\/h2>\n\n\n\n<p>Steeds meer verfbedrijven en distributeurs kiezen ervoor om rechtstreeks met fabrikanten samen te werken, omdat ze hierdoor duidelijke concurrentievoordelen behalen:<\/p>\n\n\n\n<ul class=\"wp-block-list\">\n<li><strong>Betere winstmarges<\/strong><\/li>\n\n\n\n<li><strong>Stabiel en traceerbaar product<\/strong><\/li>\n\n\n\n<li><strong>Directe technische ondersteuning<\/strong><\/li>\n\n\n\n<li><strong>Aanpassingsmogelijkheden<\/strong><\/li>\n\n\n\n<li><strong>Leveringsgarantie<\/strong><\/li>\n<\/ul>\n\n\n\n<p>DECOLOR speelt in op deze behoeften door een nauwe relatie met haar professionele klanten te onderhouden en zich aan te passen aan verschillende afnamevolumes en distributiemodellen.<\/p>\n\n\n\n<hr class=\"wp-block-separator has-alpha-channel-opacity\"\/>\n\n\n\n<h2 class=\"wp-block-heading\"><strong>Toewijding aan kwaliteit en duurzaamheid<\/strong><\/h2>\n\n\n\n<p>Een van de belangrijkste onderscheidende kenmerken van DECOLOR is de toewijding aan verantwoorde productie. Het bedrijf heeft <strong>EU-ecolabelcertificering<\/strong>wat garandeert:<\/p>\n\n\n\n<ul class=\"wp-block-list\">\n<li>Lage milieubelasting<\/li>\n\n\n\n<li>Vermindering van vluchtige organische stoffen (VOC&#039;s)<\/li>\n\n\n\n<li>Milieuvriendelijke processen<\/li>\n\n\n\n<li>Veilige producten voor gebruik binnenshuis<\/li>\n<\/ul>\n\n\n\n<p>Deze toezegging is niet alleen een reactie op de Europese regelgeving, maar ook op de groeiende vraag naar duurzame producten van bedrijven en distributeurs.<\/p>\n\n\n\n<hr class=\"wp-block-separator has-alpha-channel-opacity\"\/>\n\n\n\n<h2 class=\"wp-block-heading\"><strong>Leverancier van verf voor distributeurs en professionele projecten.<\/strong><\/h2>\n\n\n\n<p>DECOLOR werkt actief samen met:<\/p>\n\n\n\n<ul class=\"wp-block-list\">\n<li>Leveranciers van bouwmaterialen<\/li>\n\n\n\n<li>Professionele magazijnen<\/li>\n\n\n\n<li>Rehabilitatie- en bouwbedrijven<\/li>\n\n\n\n<li>Professionele applicateurs en schilders<\/li>\n\n\n\n<li>Industri\u00eble en residenti\u00eble projecten<\/li>\n<\/ul>\n\n\n\n<p>Dankzij de productie- en logistieke capaciteit positioneert het merk zich als een <strong>betrouwbare verfleverancier<\/strong>, klaar om te reageren op zowel lokale projecten als grootschalige operaties.<\/p>\n\n\n\n<hr class=\"wp-block-separator has-alpha-channel-opacity\"\/>\n\n\n\n<h2 class=\"wp-block-heading\"><strong>Een groeiend merk met een internationale visie.<\/strong><\/h2>\n\n\n\n<p>De groei van DECOLOR in de afgelopen jaren is gepaard gegaan met een grotere aanwezigheid op internationale markten, met name in Europa. Het bedrijf blijft zijn distributienetwerk uitbreiden en zijn positie als <strong>vertrouwde verffabrikant<\/strong>Een combinatie van traditie, innovatie en een visie op de toekomst.<\/p>\n\n\n\n<hr class=\"wp-block-separator has-alpha-channel-opacity\"\/>\n\n\n\n<p>De keuze voor een verffabrikant is niet alleen een productbeslissing, maar een strategische. DECOLOR biedt distributeurs en bedrijven een combinatie van kwaliteit, ervaring, innovatie en betrokkenheid, waardoor het een betrouwbare partner is, nu en in de toekomst.<\/p>\n\n\n\n<p>Als je op zoek bent naar een <strong>professionele verffabrikant<\/strong>Met aanpassingsvermogen, kwaliteitsborging en een langetermijnvisie is DECOLOR de juiste keuze.<\/p>","protected":false},"excerpt":{"rendered":"<p>In een steeds competitievere sector is de keuze voor een verffabrikant die kwaliteit, betrouwbaarheid en leveringszekerheid garandeert van cruciaal belang voor distributeurs, professionele applicateurs en bedrijven in de bouwsector. In deze context profileert DECOLOR zich als een van de toonaangevende verfbedrijven in Spanje, door ervaring, innovatie en... <a class=\"more-link\" href=\"https:\/\/www.decolor.com\/nl\/2026\/01\/26\/decolor-fabrica-de-pinturas-especializada-en-soluciones-profesionales\/\">jij leest groen <span class=\"screen-reader-text\">DECOLOR: verffabriek gespecialiseerd in professionele oplossingen<\/span><\/a><\/p>","protected":false},"author":34,"featured_media":151580,"comment_status":"open","ping_status":"open","sticky":false,"template":"","format":"standard","meta":{"_acf_changed":false,"footnotes":""},"categories":[1],"tags":[],"class_list":["post-151579","post","type-post","status-publish","format-standard","has-post-thumbnail","hentry","category-decolor","entry"],"acf":[],"yoast_head":"<!-- This site is optimized with the Yoast SEO plugin v23.4 - https:\/\/yoast.com\/wordpress\/plugins\/seo\/ -->\n<title>F\u00e1brica de pinturas especializada en soluciones profesionales<\/title>\n<meta name=\"description\" content=\"Descubre DECOLOR, f\u00e1brica de pinturas especializada en soluciones profesionales para distribuidores y empresas. Calidad, innovaci\u00f3n y fabricaci\u00f3n responsable.\" \/>\n<meta name=\"robots\" content=\"index, follow, max-snippet:-1, max-image-preview:large, max-video-preview:-1\" \/>\n<link rel=\"canonical\" href=\"https:\/\/www.decolor.com\/nl\/2026\/01\/26\/decolor-fabrica-de-pinturas-especializada-en-soluciones-profesionales\/\" \/>\n<meta property=\"og:locale\" content=\"nl_NL\" \/>\n<meta property=\"og:type\" content=\"article\" \/>\n<meta property=\"og:title\" content=\"F\u00e1brica de pinturas especializada en soluciones profesionales\" \/>\n<meta property=\"og:description\" content=\"Descubre DECOLOR, f\u00e1brica de pinturas especializada en soluciones profesionales para distribuidores y empresas. Calidad, innovaci\u00f3n y fabricaci\u00f3n responsable.\" \/>\n<meta property=\"og:url\" content=\"https:\/\/www.decolor.com\/nl\/2026\/01\/26\/decolor-fabrica-de-pinturas-especializada-en-soluciones-profesionales\/\" \/>\n<meta property=\"og:site_name\" content=\"Decolor\" \/>\n<meta property=\"article:published_time\" content=\"2026-01-26T11:10:47+00:00\" \/>\n<meta property=\"article:modified_time\" content=\"2026-01-26T11:10:49+00:00\" \/>\n<meta property=\"og:image\" content=\"https:\/\/www.decolor.com\/wp-content\/uploads\/2026\/01\/portada_blog.jpg\" \/>\n\t<meta property=\"og:image:width\" content=\"1920\" \/>\n\t<meta property=\"og:image:height\" content=\"1080\" \/>\n\t<meta property=\"og:image:type\" content=\"image\/jpeg\" \/>\n<meta name=\"author\" content=\"sergio.serrano\" \/>\n<meta name=\"twitter:card\" content=\"summary_large_image\" \/>\n<meta name=\"twitter:label1\" content=\"Geschreven door\" \/>\n\t<meta name=\"twitter:data1\" content=\"sergio.serrano\" \/>\n\t<meta name=\"twitter:label2\" content=\"Geschatte leestijd\" \/>\n\t<meta name=\"twitter:data2\" content=\"4 minuten\" \/>\n<script type=\"application\/ld+json\" class=\"yoast-schema-graph\">{\"@context\":\"https:\/\/schema.org\",\"@graph\":[{\"@type\":\"Article\",\"@id\":\"https:\/\/www.decolor.com\/fr\/2026\/01\/26\/decolor-fabrica-de-pinturas-especializada-en-soluciones-profesionales\/#article\",\"isPartOf\":{\"@id\":\"https:\/\/www.decolor.com\/fr\/2026\/01\/26\/decolor-fabrica-de-pinturas-especializada-en-soluciones-profesionales\/\"},\"author\":{\"name\":\"sergio.serrano\",\"@id\":\"https:\/\/www.decolor.com\/it\/#\/schema\/person\/ee129ba55a6e106302c09dd53688a553\"},\"headline\":\"DECOLOR: f\u00e1brica de pinturas especializada en soluciones profesionales\",\"datePublished\":\"2026-01-26T11:10:47+00:00\",\"dateModified\":\"2026-01-26T11:10:49+00:00\",\"mainEntityOfPage\":{\"@id\":\"https:\/\/www.decolor.com\/fr\/2026\/01\/26\/decolor-fabrica-de-pinturas-especializada-en-soluciones-profesionales\/\"},\"wordCount\":699,\"commentCount\":0,\"publisher\":{\"@id\":\"https:\/\/www.decolor.com\/it\/#organization\"},\"image\":{\"@id\":\"https:\/\/www.decolor.com\/fr\/2026\/01\/26\/decolor-fabrica-de-pinturas-especializada-en-soluciones-profesionales\/#primaryimage\"},\"thumbnailUrl\":\"https:\/\/www.decolor.com\/wp-content\/uploads\/2026\/01\/portada_blog.jpg\",\"articleSection\":[\"Decolor\"],\"inLanguage\":\"nl-NL\",\"potentialAction\":[{\"@type\":\"CommentAction\",\"name\":\"Comment\",\"target\":[\"https:\/\/www.decolor.com\/fr\/2026\/01\/26\/decolor-fabrica-de-pinturas-especializada-en-soluciones-profesionales\/#respond\"]}]},{\"@type\":\"WebPage\",\"@id\":\"https:\/\/www.decolor.com\/fr\/2026\/01\/26\/decolor-fabrica-de-pinturas-especializada-en-soluciones-profesionales\/\",\"url\":\"https:\/\/www.decolor.com\/fr\/2026\/01\/26\/decolor-fabrica-de-pinturas-especializada-en-soluciones-profesionales\/\",\"name\":\"F\u00e1brica de pinturas especializada en soluciones profesionales\",\"isPartOf\":{\"@id\":\"https:\/\/www.decolor.com\/it\/#website\"},\"primaryImageOfPage\":{\"@id\":\"https:\/\/www.decolor.com\/fr\/2026\/01\/26\/decolor-fabrica-de-pinturas-especializada-en-soluciones-profesionales\/#primaryimage\"},\"image\":{\"@id\":\"https:\/\/www.decolor.com\/fr\/2026\/01\/26\/decolor-fabrica-de-pinturas-especializada-en-soluciones-profesionales\/#primaryimage\"},\"thumbnailUrl\":\"https:\/\/www.decolor.com\/wp-content\/uploads\/2026\/01\/portada_blog.jpg\",\"datePublished\":\"2026-01-26T11:10:47+00:00\",\"dateModified\":\"2026-01-26T11:10:49+00:00\",\"description\":\"Descubre DECOLOR, f\u00e1brica de pinturas especializada en soluciones profesionales para distribuidores y empresas. Calidad, innovaci\u00f3n y fabricaci\u00f3n responsable.\",\"breadcrumb\":{\"@id\":\"https:\/\/www.decolor.com\/fr\/2026\/01\/26\/decolor-fabrica-de-pinturas-especializada-en-soluciones-profesionales\/#breadcrumb\"},\"inLanguage\":\"nl-NL\",\"potentialAction\":[{\"@type\":\"ReadAction\",\"target\":[\"https:\/\/www.decolor.com\/fr\/2026\/01\/26\/decolor-fabrica-de-pinturas-especializada-en-soluciones-profesionales\/\"]}]},{\"@type\":\"ImageObject\",\"inLanguage\":\"nl-NL\",\"@id\":\"https:\/\/www.decolor.com\/fr\/2026\/01\/26\/decolor-fabrica-de-pinturas-especializada-en-soluciones-profesionales\/#primaryimage\",\"url\":\"https:\/\/www.decolor.com\/wp-content\/uploads\/2026\/01\/portada_blog.jpg\",\"contentUrl\":\"https:\/\/www.decolor.com\/wp-content\/uploads\/2026\/01\/portada_blog.jpg\",\"width\":1920,\"height\":1080,\"caption\":\"Descubre DECOLOR, f\u00e1brica de pinturas especializada en soluciones profesionales para distribuidores y empresas. Calidad, innovaci\u00f3n y fabricaci\u00f3n responsable.\"},{\"@type\":\"BreadcrumbList\",\"@id\":\"https:\/\/www.decolor.com\/fr\/2026\/01\/26\/decolor-fabrica-de-pinturas-especializada-en-soluciones-profesionales\/#breadcrumb\",\"itemListElement\":[{\"@type\":\"ListItem\",\"position\":1,\"name\":\"Home\",\"item\":\"https:\/\/www.decolor.com\/\"},{\"@type\":\"ListItem\",\"position\":2,\"name\":\"DECOLOR: f\u00e1brica de pinturas especializada en soluciones profesionales\"}]},{\"@type\":\"WebSite\",\"@id\":\"https:\/\/www.decolor.com\/it\/#website\",\"url\":\"https:\/\/www.decolor.com\/it\/\",\"name\":\"Decolor\",\"description\":\"Web Decolor\",\"publisher\":{\"@id\":\"https:\/\/www.decolor.com\/it\/#organization\"},\"potentialAction\":[{\"@type\":\"SearchAction\",\"target\":{\"@type\":\"EntryPoint\",\"urlTemplate\":\"https:\/\/www.decolor.com\/it\/?s={search_term_string}\"},\"query-input\":{\"@type\":\"PropertyValueSpecification\",\"valueRequired\":true,\"valueName\":\"search_term_string\"}}],\"inLanguage\":\"nl-NL\"},{\"@type\":\"Organization\",\"@id\":\"https:\/\/www.decolor.com\/it\/#organization\",\"name\":\"Decolor\",\"url\":\"https:\/\/www.decolor.com\/it\/\",\"logo\":{\"@type\":\"ImageObject\",\"inLanguage\":\"nl-NL\",\"@id\":\"https:\/\/www.decolor.com\/it\/#\/schema\/logo\/image\/\",\"url\":\"https:\/\/www.decolor.com\/wp-content\/uploads\/2021\/02\/marca_principal_pinturas_decolor_color.png\",\"contentUrl\":\"https:\/\/www.decolor.com\/wp-content\/uploads\/2021\/02\/marca_principal_pinturas_decolor_color.png\",\"width\":1588,\"height\":421,\"caption\":\"Decolor\"},\"image\":{\"@id\":\"https:\/\/www.decolor.com\/it\/#\/schema\/logo\/image\/\"}},{\"@type\":\"Person\",\"@id\":\"https:\/\/www.decolor.com\/it\/#\/schema\/person\/ee129ba55a6e106302c09dd53688a553\",\"name\":\"sergio.serrano\",\"image\":{\"@type\":\"ImageObject\",\"inLanguage\":\"nl-NL\",\"@id\":\"https:\/\/www.decolor.com\/it\/#\/schema\/person\/image\/\",\"url\":\"https:\/\/secure.gravatar.com\/avatar\/420fb836392f59d23baa29c11ed43193?s=96&d=mm&r=g\",\"contentUrl\":\"https:\/\/secure.gravatar.com\/avatar\/420fb836392f59d23baa29c11ed43193?s=96&d=mm&r=g\",\"caption\":\"sergio.serrano\"},\"url\":\"https:\/\/www.decolor.com\/nl\/author\/sergio-serrano\/\"}]}<\/script>\n<!-- \/ Yoast SEO plugin. -->","yoast_head_json":{"title":"F\u00e1brica de pinturas especializada en soluciones profesionales","description":"Descubre DECOLOR, f\u00e1brica de pinturas especializada en soluciones profesionales para distribuidores y empresas. Calidad, innovaci\u00f3n y fabricaci\u00f3n responsable.","robots":{"index":"index","follow":"follow","max-snippet":"max-snippet:-1","max-image-preview":"max-image-preview:large","max-video-preview":"max-video-preview:-1"},"canonical":"https:\/\/www.decolor.com\/nl\/2026\/01\/26\/decolor-fabrica-de-pinturas-especializada-en-soluciones-profesionales\/","og_locale":"nl_NL","og_type":"article","og_title":"F\u00e1brica de pinturas especializada en soluciones profesionales","og_description":"Descubre DECOLOR, f\u00e1brica de pinturas especializada en soluciones profesionales para distribuidores y empresas. Calidad, innovaci\u00f3n y fabricaci\u00f3n responsable.","og_url":"https:\/\/www.decolor.com\/nl\/2026\/01\/26\/decolor-fabrica-de-pinturas-especializada-en-soluciones-profesionales\/","og_site_name":"Decolor","article_published_time":"2026-01-26T11:10:47+00:00","article_modified_time":"2026-01-26T11:10:49+00:00","og_image":[{"width":1920,"height":1080,"url":"https:\/\/www.decolor.com\/wp-content\/uploads\/2026\/01\/portada_blog.jpg","type":"image\/jpeg"}],"author":"sergio.serrano","twitter_card":"summary_large_image","twitter_misc":{"Geschreven door":"sergio.serrano","Geschatte leestijd":"4 minuten"},"schema":{"@context":"https:\/\/schema.org","@graph":[{"@type":"Article","@id":"https:\/\/www.decolor.com\/fr\/2026\/01\/26\/decolor-fabrica-de-pinturas-especializada-en-soluciones-profesionales\/#article","isPartOf":{"@id":"https:\/\/www.decolor.com\/fr\/2026\/01\/26\/decolor-fabrica-de-pinturas-especializada-en-soluciones-profesionales\/"},"author":{"name":"sergio.serrano","@id":"https:\/\/www.decolor.com\/it\/#\/schema\/person\/ee129ba55a6e106302c09dd53688a553"},"headline":"DECOLOR: f\u00e1brica de pinturas especializada en soluciones profesionales","datePublished":"2026-01-26T11:10:47+00:00","dateModified":"2026-01-26T11:10:49+00:00","mainEntityOfPage":{"@id":"https:\/\/www.decolor.com\/fr\/2026\/01\/26\/decolor-fabrica-de-pinturas-especializada-en-soluciones-profesionales\/"},"wordCount":699,"commentCount":0,"publisher":{"@id":"https:\/\/www.decolor.com\/it\/#organization"},"image":{"@id":"https:\/\/www.decolor.com\/fr\/2026\/01\/26\/decolor-fabrica-de-pinturas-especializada-en-soluciones-profesionales\/#primaryimage"},"thumbnailUrl":"https:\/\/www.decolor.com\/wp-content\/uploads\/2026\/01\/portada_blog.jpg","articleSection":["Decolor"],"inLanguage":"nl-NL","potentialAction":[{"@type":"CommentAction","name":"Comment","target":["https:\/\/www.decolor.com\/fr\/2026\/01\/26\/decolor-fabrica-de-pinturas-especializada-en-soluciones-profesionales\/#respond"]}]},{"@type":"WebPage","@id":"https:\/\/www.decolor.com\/fr\/2026\/01\/26\/decolor-fabrica-de-pinturas-especializada-en-soluciones-profesionales\/","url":"https:\/\/www.decolor.com\/fr\/2026\/01\/26\/decolor-fabrica-de-pinturas-especializada-en-soluciones-profesionales\/","name":"F\u00e1brica de pinturas especializada en soluciones profesionales","isPartOf":{"@id":"https:\/\/www.decolor.com\/it\/#website"},"primaryImageOfPage":{"@id":"https:\/\/www.decolor.com\/fr\/2026\/01\/26\/decolor-fabrica-de-pinturas-especializada-en-soluciones-profesionales\/#primaryimage"},"image":{"@id":"https:\/\/www.decolor.com\/fr\/2026\/01\/26\/decolor-fabrica-de-pinturas-especializada-en-soluciones-profesionales\/#primaryimage"},"thumbnailUrl":"https:\/\/www.decolor.com\/wp-content\/uploads\/2026\/01\/portada_blog.jpg","datePublished":"2026-01-26T11:10:47+00:00","dateModified":"2026-01-26T11:10:49+00:00","description":"Descubre DECOLOR, f\u00e1brica de pinturas especializada en soluciones profesionales para distribuidores y empresas. Calidad, innovaci\u00f3n y fabricaci\u00f3n responsable.","breadcrumb":{"@id":"https:\/\/www.decolor.com\/fr\/2026\/01\/26\/decolor-fabrica-de-pinturas-especializada-en-soluciones-profesionales\/#breadcrumb"},"inLanguage":"nl-NL","potentialAction":[{"@type":"ReadAction","target":["https:\/\/www.decolor.com\/fr\/2026\/01\/26\/decolor-fabrica-de-pinturas-especializada-en-soluciones-profesionales\/"]}]},{"@type":"ImageObject","inLanguage":"nl-NL","@id":"https:\/\/www.decolor.com\/fr\/2026\/01\/26\/decolor-fabrica-de-pinturas-especializada-en-soluciones-profesionales\/#primaryimage","url":"https:\/\/www.decolor.com\/wp-content\/uploads\/2026\/01\/portada_blog.jpg","contentUrl":"https:\/\/www.decolor.com\/wp-content\/uploads\/2026\/01\/portada_blog.jpg","width":1920,"height":1080,"caption":"Descubre DECOLOR, f\u00e1brica de pinturas especializada en soluciones profesionales para distribuidores y empresas. Calidad, innovaci\u00f3n y fabricaci\u00f3n responsable."},{"@type":"BreadcrumbList","@id":"https:\/\/www.decolor.com\/fr\/2026\/01\/26\/decolor-fabrica-de-pinturas-especializada-en-soluciones-profesionales\/#breadcrumb","itemListElement":[{"@type":"ListItem","position":1,"name":"Home","item":"https:\/\/www.decolor.com\/"},{"@type":"ListItem","position":2,"name":"DECOLOR: f\u00e1brica de pinturas especializada en soluciones profesionales"}]},{"@type":"WebSite","@id":"https:\/\/www.decolor.com\/it\/#website","url":"https:\/\/www.decolor.com\/it\/","name":"Kleur","description":"Web ontkleuren","publisher":{"@id":"https:\/\/www.decolor.com\/it\/#organization"},"potentialAction":[{"@type":"SearchAction","target":{"@type":"EntryPoint","urlTemplate":"https:\/\/www.decolor.com\/it\/?s={search_term_string}"},"query-input":{"@type":"PropertyValueSpecification","valueRequired":true,"valueName":"search_term_string"}}],"inLanguage":"nl-NL"},{"@type":"Organization","@id":"https:\/\/www.decolor.com\/it\/#organization","name":"Kleur","url":"https:\/\/www.decolor.com\/it\/","logo":{"@type":"ImageObject","inLanguage":"nl-NL","@id":"https:\/\/www.decolor.com\/it\/#\/schema\/logo\/image\/","url":"https:\/\/www.decolor.com\/wp-content\/uploads\/2021\/02\/marca_principal_pinturas_decolor_color.png","contentUrl":"https:\/\/www.decolor.com\/wp-content\/uploads\/2021\/02\/marca_principal_pinturas_decolor_color.png","width":1588,"height":421,"caption":"Decolor"},"image":{"@id":"https:\/\/www.decolor.com\/it\/#\/schema\/logo\/image\/"}},{"@type":"Person","@id":"https:\/\/www.decolor.com\/it\/#\/schema\/person\/ee129ba55a6e106302c09dd53688a553","name":"Sergio Serrano","image":{"@type":"ImageObject","inLanguage":"nl-NL","@id":"https:\/\/www.decolor.com\/it\/#\/schema\/person\/image\/","url":"https:\/\/secure.gravatar.com\/avatar\/420fb836392f59d23baa29c11ed43193?s=96&d=mm&r=g","contentUrl":"https:\/\/secure.gravatar.com\/avatar\/420fb836392f59d23baa29c11ed43193?s=96&d=mm&r=g","caption":"sergio.serrano"},"url":"https:\/\/www.decolor.com\/nl\/author\/sergio-serrano\/"}]}},"_links":{"self":[{"href":"https:\/\/www.decolor.com\/nl\/wp-json\/wp\/v2\/posts\/151579"}],"collection":[{"href":"https:\/\/www.decolor.com\/nl\/wp-json\/wp\/v2\/posts"}],"about":[{"href":"https:\/\/www.decolor.com\/nl\/wp-json\/wp\/v2\/types\/post"}],"author":[{"embeddable":true,"href":"https:\/\/www.decolor.com\/nl\/wp-json\/wp\/v2\/users\/34"}],"replies":[{"embeddable":true,"href":"https:\/\/www.decolor.com\/nl\/wp-json\/wp\/v2\/comments?post=151579"}],"version-history":[{"count":2,"href":"https:\/\/www.decolor.com\/nl\/wp-json\/wp\/v2\/posts\/151579\/revisions"}],"predecessor-version":[{"id":151582,"href":"https:\/\/www.decolor.com\/nl\/wp-json\/wp\/v2\/posts\/151579\/revisions\/151582"}],"wp:featuredmedia":[{"embeddable":true,"href":"https:\/\/www.decolor.com\/nl\/wp-json\/wp\/v2\/media\/151580"}],"wp:attachment":[{"href":"https:\/\/www.decolor.com\/nl\/wp-json\/wp\/v2\/media?parent=151579"}],"wp:term":[{"taxonomy":"category","embeddable":true,"href":"https:\/\/www.decolor.com\/nl\/wp-json\/wp\/v2\/categories?post=151579"},{"taxonomy":"post_tag","embeddable":true,"href":"https:\/\/www.decolor.com\/nl\/wp-json\/wp\/v2\/tags?post=151579"}],"curies":[{"name":"wp","href":"https:\/\/api.w.org\/{rel}","templated":true}]}}