{"id":142417,"date":"2023-12-09T11:14:00","date_gmt":"2023-12-09T11:14:00","guid":{"rendered":"https:\/\/www.decolor.com\/?p=142417"},"modified":"2024-06-04T09:47:49","modified_gmt":"2024-06-04T09:47:49","slug":"impacto-de-los-colores-en-los-espacios-de-trabajo","status":"publish","type":"post","link":"https:\/\/www.decolor.com\/pl\/2023\/12\/09\/impacto-de-los-colores-en-los-espacios-de-trabajo\/","title":{"rendered":"Wp\u0142yw kolor\u00f3w na przestrzenie pracy"},"content":{"rendered":"<div data-elementor-type=\"wp-post\" data-elementor-id=\"142417\" class=\"elementor elementor-142417\" data-elementor-post-type=\"post\">\n\t\t\t\t\t\t<section data-particle_enable=\"false\" data-particle-mobile-disabled=\"false\" class=\"elementor-section elementor-top-section elementor-element elementor-element-298a97be elementor-section-boxed elementor-section-height-default elementor-section-height-default\" data-id=\"298a97be\" data-element_type=\"section\">\n\t\t\t\t\t\t<div class=\"elementor-container elementor-column-gap-default\">\n\t\t\t\t\t<div class=\"elementor-column elementor-col-100 elementor-top-column elementor-element elementor-element-23e89cc4\" data-id=\"23e89cc4\" data-element_type=\"column\">\n\t\t\t<div class=\"elementor-widget-wrap elementor-element-populated\">\n\t\t\t\t\t\t<div class=\"elementor-element elementor-element-6237196b elementor-widget elementor-widget-text-editor\" data-id=\"6237196b\" data-element_type=\"widget\" data-widget_type=\"text-editor.default\">\n\t\t\t\t<div class=\"elementor-widget-container\">\n\t\t\t\t\t\t\t<p><!-- wp:paragraph --><\/p>\n<p>W dzisiejszym \u015bwiecie biznesu biuro i \u015brodowisko pracy to nie tylko miejsca pracy, to odzwierciedlenie marki i \u015brodowisko, kt\u00f3re wp\u0142ywa na produktywno\u015b\u0107 i kreatywno\u015b\u0107!<\/p>\n<p><!-- \/wp:paragraph --><\/p>\n<p><!-- wp:spacer {\"height\":\"15px\"} --><\/p>\n<div class=\"wp-block-spacer\" style=\"height: 15px;\" aria-hidden=\"true\">\u00a0<\/div>\n<p><!-- \/wp:spacer --><\/p>\n<p><!-- wp:paragraph --><\/p>\n<p>Nie mo\u017cna niedocenia\u0107 znaczenia \u015brodowiska pracy, a jednym z kluczowych element\u00f3w wp\u0142ywaj\u0105cych na to \u015brodowisko jest dob\u00f3r kolor\u00f3w przestrzeni pracy.<\/p>\n<p><!-- \/wp:paragraph --><\/p>\n<p><!-- wp:spacer {\"height\":\"15px\"} --><\/p>\n<div class=\"wp-block-spacer\" style=\"height: 15px;\" aria-hidden=\"true\">\u00a0<\/div>\n<p><!-- \/wp:spacer --><\/p>\n<p><!-- wp:paragraph --><\/p>\n<p><b>W Pinturas DECOLOR, jako producent i dystrybutor farb, rozumiemy, \u017ce kolory nie tylko zdobi\u0105 przestrzenie, ale maj\u0105 tak\u017ce znacz\u0105cy wp\u0142yw na mentalno\u015b\u0107 i efektywno\u015b\u0107 os\u00f3b w nich pracuj\u0105cych.<\/b><\/p>\n<p><!-- \/wp:paragraph --><\/p>\n<p><!-- wp:spacer {\"height\":\"15px\"} --><\/p>\n<div class=\"wp-block-spacer\" style=\"height: 15px;\" aria-hidden=\"true\">\u00a0<\/div>\n<p><!-- \/wp:spacer --><\/p>\n<p><!-- wp:paragraph --><\/p>\n<p>Kolory w przestrzeni roboczej to nie tylko wyraz wizualny, ale bezpo\u015bredni wp\u0142yw na spos\u00f3b my\u015blenia i wydajno\u015b\u0107 Twojego zespo\u0142u. Wybieraj\u0105c odpowiednie farby, kszta\u0142tujemy \u015brodowisko, kt\u00f3re inspiruje, motywuje i zach\u0119ca do kreatywno\u015bci.<\/p>\n<p><!-- \/wp:paragraph --><\/p>\n<p><!-- wp:spacer {\"height\":\"15px\"} --><\/p>\n<div class=\"wp-block-spacer\" style=\"height: 15px;\" aria-hidden=\"true\">\u00a0<\/div>\n<p><!-- \/wp:spacer --><\/p>\n<p><!-- wp:paragraph --><\/p>\n<p>Czy wiesz, jaki wp\u0142yw maj\u0105 kolory na Twoje miejsce pracy? <b>Wybrane kolory mog\u0105 by\u0107 cennym atutem, kt\u00f3ry pomo\u017ce w osi\u0105gni\u0119ciu sukcesu i rozwoju Twojej firmy, zapewniaj\u0105c mo\u017cliwo\u015b\u0107 komunikowania Twojej marki i warto\u015bci. <\/b>Czy Twoja firma jest nowoczesna i kreatywna, a mo\u017ce zale\u017cy Ci na elegancji i profesjonalizmie?<\/p>\n<p><!-- \/wp:paragraph --><\/p>\n<p><!-- wp:spacer {\"height\":\"15px\"} --><\/p>\n<div class=\"wp-block-spacer\" style=\"height: 15px;\" aria-hidden=\"true\">\u00a0<\/div>\n<p><!-- \/wp:spacer --><\/p>\n<p><!-- wp:paragraph --><\/p>\n<p><br \/>\ud83d\udd35 <b>NIEBIESKI<\/b>: Przywo\u0142uje spok\u00f3j i skupienie.<\/p>\n<p><!-- \/wp:paragraph --><\/p>\n<p><!-- wp:paragraph --><\/p>\n<p>Jasny lub \u015brednioniebieski odcie\u0144 to solidny wyb\u00f3r do biur. Niebieski inspiruje spok\u00f3j i jasno\u015b\u0107 oraz zach\u0119ca do koncentracji. W \u015brodowisku pracy pomalowanie \u015bcian w odcieniach b\u0142\u0119kitu mo\u017ce pom\u00f3c zmniejszy\u0107 stres i stworzy\u0107 spokojn\u0105 atmosfer\u0119. Jest to szczeg\u00f3lnie korzystne w pomieszczeniach, w kt\u00f3rych niezb\u0119dna jest koncentracja i uwaga, takich jak sale konferencyjne lub indywidualne miejsca pracy.<\/p>\n<p><!-- \/wp:paragraph --><\/p>\n<p><!-- wp:paragraph --><\/p>\n<p><br \/>\ud83d\udfe2 <b>ZIELONY<\/b>: Przywo\u0142uje r\u00f3wnowag\u0119 i odnow\u0119.<\/p>\n<p><!-- \/wp:paragraph --><\/p>\n<p><!-- wp:paragraph --><\/p>\n<p>Jest to idealny kolor zach\u0119caj\u0105cy do kreatywno\u015bci i \u015bwie\u017co\u015bci w \u015brodowisku pracy. Wprowadzaj\u0105c odcienie zieleni do swojego miejsca pracy, nie tylko tworzysz relaksuj\u0105ce \u015brodowisko, ale tak\u017ce \u0142\u0105czysz swoich pracownik\u00f3w z natur\u0105. To po\u0142\u0105czenie mo\u017ce poprawi\u0107 samopoczucie i zmniejszy\u0107 zm\u0119czenie, tworz\u0105c zdrowsze i bardziej produktywne \u015brodowisko pracy.<\/p>\n<p><!-- \/wp:paragraph --><\/p>\n<p><!-- wp:paragraph --><\/p>\n<p><br \/>\u26aa\ufe0f <b>SZARY<\/b>: Reprezentuje elegancj\u0119 i wszechstronno\u015b\u0107.<\/p>\n<p><!-- \/wp:paragraph --><\/p>\n<p><!-- wp:paragraph --><\/p>\n<p>Idealny jako baza pod palet\u0119 kolor\u00f3w w biurach. Cho\u0107 cz\u0119sto kojarzony jest z neutralno\u015bci\u0105, szaro\u015b\u0107 nie pozostaje bez wp\u0142ywu. To kolor, kt\u00f3ry wyra\u017ca elegancj\u0119 i wszechstronno\u015b\u0107. U\u017cywany jako t\u0142o w obszarach wsp\u00f3lnych lub jako baza do podkre\u015blenia innych kolor\u00f3w, szary mo\u017ce zapewni\u0107 r\u00f3wnowag\u0119 estetyczn\u0105 i neutralne t\u0142o dla ka\u017cdego stylu dekoracji.<\/p>\n<p><!-- \/wp:paragraph --><\/p>\n<p><!-- wp:paragraph --><\/p>\n<p><br \/>\ud83d\udfe0 <b>POMARA\u0143CZOWY<\/b>: Dodaje energii i entuzjazmu.<\/p>\n<p><!-- \/wp:paragraph --><\/p>\n<p><!-- wp:paragraph --><\/p>\n<p>Przydatny w \u015brodowiskach kreatywnych lub tam, gdzie potrzebny jest zastrzyk motywacji, poniewa\u017c pomara\u0144czowy to kolor emanuj\u0105cy energi\u0105 i optymizmem, a jego w\u0142\u0105czenie do przestrzeni pracy mo\u017ce przynie\u015b\u0107 zaskakuj\u0105ce korzy\u015bci. Wiadomo, \u017ce ten ciep\u0142y i \u017cywy odcie\u0144 zwi\u0119ksza motywacj\u0119 i pozytywne nastawienie. Malowanie na pomara\u0144czowo obszar\u00f3w wsp\u00f3\u0142pracy lub miejsc przeznaczonych do kreatywno\u015bci mo\u017ce pobudzi\u0107 umys\u0142 i stworzy\u0107 energetyczne \u015brodowisko pracy.<\/p>\n<p><!-- \/wp:paragraph --><\/p>\n<p><!-- wp:paragraph --><\/p>\n<p><br \/>\ud83d\udfe1 <b>\u017b\u00d3\u0141TY<\/b>: Stymuluje kreatywno\u015b\u0107 i zwi\u0119ksza poczucie optymizmu.<\/p>\n<p><!-- \/wp:paragraph --><\/p>\n<p><!-- wp:paragraph --><\/p>\n<p>Jest to idealny kolor do przestrzeni wsp\u00f3lnych. Je\u015bli szukasz inspiracji do kreatywno\u015bci i pozytywnej energii, kolor \u017c\u00f3\u0142ty b\u0119dzie idealnym wyborem. Ten \u017cywy, ciep\u0142y kolor kojarzy si\u0119 z jasno\u015bci\u0105 umys\u0142u i innowacyjno\u015bci\u0105. Malowanie obszar\u00f3w wsp\u00f3\u0142pracy lub kreatywnych przestrzeni odcieniami \u017c\u00f3\u0142ci mo\u017ce pobudzi\u0107 umys\u0142 i zach\u0119ci\u0107 do generowania \u015bwie\u017cych pomys\u0142\u00f3w.<\/p>\n<p><!-- \/wp:paragraph --><\/p>\n<p><!-- wp:spacer {\"height\":\"15px\"} --><\/p>\n<div class=\"wp-block-spacer\" style=\"height: 15px;\" aria-hidden=\"true\">\u00a0<\/div>\n<p><!-- \/wp:spacer --><\/p>\n<p><!-- wp:paragraph --><\/p>\n<p>\ud83d\udd34 <b>CZERWONY<\/b>: Zwi\u0119ksza energi\u0119 i witalno\u015b\u0107, ale u\u017cywaj go oszcz\u0119dnie w miejscach pracy, aby nie przyt\u0142oczy\u0107.<\/p>\n<p><!-- \/wp:paragraph --><\/p>\n<p><!-- wp:paragraph --><\/p>\n<p>W obszarach, w kt\u00f3rych chcesz zwi\u0119kszy\u0107 motywacj\u0119 i witalno\u015b\u0107, kolor czerwony jest odwa\u017cnym wyborem. Kolor ten pobudza energi\u0119 i pasj\u0119, idealny do przestrzeni spotka\u0144 lub obszar\u00f3w, w kt\u00f3rych wymagany jest dodatkowy impuls. Wa\u017cne jest jednak, aby stosowa\u0107 go z umiarem, aby unikn\u0105\u0107 nadmiernego pobudzenia.<\/p>\n<p><!-- \/wp:paragraph --><\/p>\n<p><!-- wp:paragraph --><\/p>\n<p><br \/><a>\ud83d\udfe4<\/a> <b>BR\u0104ZOWY<\/b>: Reprezentuje stabilno\u015b\u0107 i zaufanie, idealne do bardziej tradycyjnych \u015brodowisk pracy.<\/p>\n<p><!-- \/wp:paragraph --><\/p>\n<p><!-- wp:paragraph --><\/p>\n<p>Br\u0105z to kolor, kt\u00f3ry wywo\u0142uje poczucie ciep\u0142a, komfortu i stabilno\u015bci. Wprowadzaj\u0105c odcienie br\u0105zu do swojego miejsca pracy, mo\u017cesz stworzy\u0107 przyjazne \u015brodowisko, kt\u00f3re zach\u0119ca do koncentracji i dobrego samopoczucia. Kolor ten jest szczeg\u00f3lnie skuteczny w obszarach, w kt\u00f3rych po\u017c\u0105dana jest bardziej zrelaksowana atmosfera skupiona na produktywno\u015bci.<\/p>\n<p><!-- \/wp:paragraph --><\/p>\n<p><!-- wp:paragraph --><\/p>\n<p><br \/>\u26aa <b>BIA\u0141Y<\/b>: Symbolizuje jasno\u015b\u0107 i prostot\u0119. Przydatny do podkre\u015blania innych kolor\u00f3w i utrzymywania czystego wygl\u0105du.<\/p>\n<p><!-- \/wp:paragraph --><\/p>\n<p><!-- wp:paragraph --><\/p>\n<p>Biel zapewnia przejrzysto\u015b\u0107 i przestronno\u015b\u0107 w ka\u017cdej przestrzeni. Jego zdolno\u015b\u0107 do odbijania \u015bwiat\u0142a sprawia, \u017ce obszary wydaj\u0105 si\u0119 wi\u0119ksze i bardziej otwarte. Malowanie \u015bcian na bia\u0142o to ponadczasowy wyb\u00f3r, kt\u00f3ry zapewnia poczucie czysto\u015bci i czysto\u015bci. Dodatkowo biel jest uniwersalna i \u0142atwo \u0142\u0105czy si\u0119 z innymi kolorami, co pozwala na tworzenie r\u00f3\u017cnorodnych styl\u00f3w i projekt\u00f3w.<\/p>\n<p><!-- \/wp:paragraph --><\/p>\n<p><!-- wp:spacer {\"height\":\"15px\"} --><\/p>\n<div class=\"wp-block-spacer\" style=\"height: 15px;\" aria-hidden=\"true\">\u00a0<\/div>\n<p><!-- \/wp:spacer --><\/p>\n<p><!-- wp:paragraph --><\/p>\n<p>\u26ab\ufe0f <b>CZARNY<\/b>: Przywo\u0142uje wyrafinowanie i si\u0142\u0119<\/p>\n<p><!-- \/wp:paragraph --><\/p>\n<p><!-- wp:paragraph --><\/p>\n<p>Czer\u0144 to odwa\u017cny kolor, kt\u00f3ry dodaje \u015brodowisku pracy odrobin\u0119 wyrafinowania i si\u0142y. Cho\u0107 cz\u0119sto u\u017cywana oszcz\u0119dnie, czer\u0144 mo\u017ce by\u0107 pot\u0119\u017cnym elementem wystroju wn\u0119trz biurowych. Czarne \u015bciany lub czarne detale mog\u0105 stworzy\u0107 uderzaj\u0105cy kontrast i doda\u0107 elegancji ka\u017cdej przestrzeni.<\/p>\n<p><!-- \/wp:paragraph --><\/p>\n<p><!-- wp:spacer {\"height\":\"15px\"} --><\/p>\n<div class=\"wp-block-spacer\" style=\"height: 15px;\" aria-hidden=\"true\">\u00a0<\/div>\n<p><!-- \/wp:spacer --><\/p>\n<p><!-- wp:paragraph --><\/p>\n<p><br \/><br \/>W Pinturas DECOLOR nie tylko zajmujemy si\u0119 produkcj\u0105 i dystrybucj\u0105 wysokiej jako\u015bci farb, ale tak\u017ce doradzamy w zakresie doboru kolor\u00f3w, kt\u00f3re b\u0119d\u0105 wsp\u00f3\u0142gra\u0142y z to\u017csamo\u015bci\u0105 Twojej marki i poprawia\u0142y atmosfer\u0119 pracy. Wyb\u00f3r kolor\u00f3w to nie tylko kwestia estetyczna, ale inwestycja w dobre samopoczucie i produktywno\u015b\u0107 Twoich pracownik\u00f3w.<\/p>\n<p><!-- \/wp:paragraph --><\/p>\n<p><!-- wp:spacer {\"height\":\"15px\"} --><\/p>\n<div class=\"wp-block-spacer\" style=\"height: 15px;\" aria-hidden=\"true\">\u00a0<\/div>\n<p><!-- \/wp:spacer --><\/p>\n<p><!-- wp:paragraph --><\/p>\n<p><b>Wybieraj\u0105c kolory, zapraszamy Ci\u0119 do zanurzenia si\u0119 w tw\u00f3rczej swobodzie, jak\u0105 zapewnia System Tintometryczny DECOLOR Paint.<\/b>. Wyobra\u017a sobie \u015brodowisko pracy, w kt\u00f3rym ka\u017cdy kolor jest dostosowany do Twoich konkretnych potrzeb i odzwierciedla osobowo\u015b\u0107 Twojej marki oraz warto\u015bci firmy.<\/p>\n<p><!-- \/wp:paragraph --><\/p>\n<p><!-- wp:spacer {\"height\":\"15px\"} --><\/p>\n<div class=\"wp-block-spacer\" style=\"height: 15px;\" aria-hidden=\"true\">\u00a0<\/div>\n<p><!-- \/wp:spacer --><\/p>\n<p><!-- wp:paragraph --><\/p>\n<p>W Pinturas DECOLOR zapewniamy spersonalizowany wyb\u00f3r kolor\u00f3w dzi\u0119ki niesko\u0144czonej r\u00f3\u017cnorodno\u015bci kolor\u00f3w, kt\u00f3re oferujemy w systemie tintometrycznym, ca\u0142ym wszech\u015bwiecie kolor\u00f3w przygotowanych dla wszystkich rodzaj\u00f3w medi\u00f3w, zmieniaj\u0105c Twoje miejsce pracy w wyraz Twojej to\u017csamo\u015bci biznesowej.<\/p>\n<p><!-- \/wp:paragraph --><\/p>\n<p><!-- wp:spacer {\"height\":\"15px\"} --><\/p>\n<div class=\"wp-block-spacer\" style=\"height: 15px;\" aria-hidden=\"true\">\u00a0<\/div>\n<p><!-- \/wp:spacer --><\/p>\n<p><!-- wp:paragraph --><\/p>\n<p>Nasz system barwienia to \u015bwiat mo\u017cliwo\u015bci, kt\u00f3ry pozwala precyzyjnie wybra\u0107 i dostosowa\u0107 kolor lakieru. Czy masz na my\u015bli kolor, kt\u00f3ry chcesz po\u0142\u0105czy\u0107 ze swoj\u0105 dekoracj\u0105? W Pinturas DECOLOR mo\u017cemy to osi\u0105gn\u0105\u0107!<\/p>\n<p><!-- \/wp:paragraph --><\/p>\n<p><!-- wp:paragraph --><\/p>\n<p>\u2705 Niesko\u0144czone kolory<\/p>\n<p><!-- \/wp:paragraph --><\/p>\n<p><!-- wp:paragraph --><\/p>\n<p>\u2705 Personalizacja<\/p>\n<p><!-- \/wp:paragraph --><\/p>\n<p><!-- wp:paragraph --><\/p>\n<p>\u2705 Sp\u00f3jno\u015b\u0107<\/p>\n<p><!-- \/wp:paragraph --><\/p>\n<p><!-- wp:paragraph --><\/p>\n<p>\u2705Wydajno\u015b\u0107<\/p>\n<p><!-- \/wp:paragraph --><\/p>\n<p><!-- wp:spacer {\"height\":\"15px\"} --><\/p>\n<div class=\"wp-block-spacer\" style=\"height: 15px;\" aria-hidden=\"true\">\u00a0<\/div>\n<p><!-- \/wp:spacer --><\/p>\n<p><!-- wp:paragraph --><\/p>\n<p><b>Wsp\u00f3lnie przekszta\u0142\u0107my Twoje miejsce pracy w kolorowy wyraz Twojej to\u017csamo\u015bci korporacyjnej! <\/b><\/p>\n<p><!-- \/wp:paragraph --><\/p>\n<p><!-- wp:paragraph --><\/p>\n<p>W Pinturas DECOLOR oferujemy Ci nie tylko szerok\u0105 gam\u0119 kolor\u00f3w, ale mo\u017cliwo\u015b\u0107 dostosowania ka\u017cdego niuansu dzi\u0119ki naszemu zaawansowanemu systemowi tintometrii.<\/p>\n<p><!-- \/wp:paragraph --><\/p>\n<p><!-- wp:spacer {\"height\":\"15px\"} --><\/p>\n<div class=\"wp-block-spacer\" style=\"height: 15px;\" aria-hidden=\"true\">\u00a0<\/div>\n<p><!-- \/wp:spacer --><\/p>\n<p><!-- wp:buttons --><\/p>\n<div class=\"wp-block-buttons\">\n<p><!-- wp:button {\"style\":{\"color\":{\"background\":\"#f6b333\"}},\"className\":\"is-style-fill\"} --><\/p>\n<div class=\"wp-block-button is-style-fill\"><a class=\"wp-block-button__link has-background wp-element-button\" style=\"background-color: #f6b333;\" href=\"https:\/\/www.decolor.com\/pl\/sistema-tintometrico\/\" target=\"_blank\" rel=\"noreferrer noopener\">+ SYSTEM TINTOMETRYCZNY<\/a><\/div>\n<p><!-- \/wp:button --><\/p>\n<\/div>\n<p><!-- \/wp:buttons --><\/p>\n<p><!-- wp:paragraph --><\/p>\n<p><br \/><br \/><\/p>\n<p><!-- \/wp:paragraph --><\/p>\t\t\t\t\t\t<\/div>\n\t\t\t\t<\/div>\n\t\t\t\t\t<\/div>\n\t\t<\/div>\n\t\t\t\t\t<\/div>\n\t\t<\/section>\n\t\t\t\t<\/div>","protected":false},"excerpt":{"rendered":"<p>W dzisiejszym \u015bwiecie biznesu biuro i \u015brodowisko pracy to nie tylko miejsca pracy, to odzwierciedlenie marki i \u015brodowisko, kt\u00f3re wp\u0142ywa na produktywno\u015b\u0107 i kreatywno\u015b\u0107! Nie mo\u017cna niedocenia\u0107 znaczenia \u015brodowiska pracy, a jednym z kluczowych element\u00f3w wp\u0142ywaj\u0105cych na to \u015brodowisko jest\u2026 <a class=\"more-link\" href=\"https:\/\/www.decolor.com\/pl\/2023\/12\/09\/impacto-de-los-colores-en-los-espacios-de-trabajo\/\">czytaj dalej <span class=\"screen-reader-text\">Wp\u0142yw kolor\u00f3w na przestrzenie pracy<\/span><\/a><\/p>","protected":false},"author":1,"featured_media":148263,"comment_status":"open","ping_status":"open","sticky":false,"template":"","format":"standard","meta":{"_acf_changed":false,"footnotes":""},"categories":[1],"tags":[],"class_list":["post-142417","post","type-post","status-publish","format-standard","has-post-thumbnail","hentry","category-decolor","entry"],"acf":[],"yoast_head":"<!-- This site is optimized with the Yoast SEO plugin v23.4 - https:\/\/yoast.com\/wordpress\/plugins\/seo\/ -->\n<title>Impacto de los colores en los espacios de trabajo - Decolor<\/title>\n<meta name=\"description\" content=\"En Pinturas DECOLOR, como fabricantes de pintura, entendemos que los colores no solo decoran sino que son un reflejo de los valores corporativos.\" \/>\n<meta name=\"robots\" content=\"index, follow, max-snippet:-1, max-image-preview:large, max-video-preview:-1\" \/>\n<link rel=\"canonical\" href=\"https:\/\/www.decolor.com\/pl\/2023\/12\/09\/impacto-de-los-colores-en-los-espacios-de-trabajo\/\" \/>\n<meta property=\"og:locale\" content=\"pl_PL\" \/>\n<meta property=\"og:type\" content=\"article\" \/>\n<meta property=\"og:title\" content=\"Impacto de los colores en los espacios de trabajo - Pinturas DECOLOR\" \/>\n<meta property=\"og:description\" content=\"En Pinturas DECOLOR, como fabricantes de pintura, entendemos que los colores no solo decoran sino que son un reflejo de los valores corporativos.\" \/>\n<meta property=\"og:url\" content=\"https:\/\/www.decolor.com\/pl\/2023\/12\/09\/impacto-de-los-colores-en-los-espacios-de-trabajo\/\" \/>\n<meta property=\"og:site_name\" content=\"Decolor\" \/>\n<meta property=\"article:published_time\" content=\"2023-12-09T11:14:00+00:00\" \/>\n<meta property=\"article:modified_time\" content=\"2024-06-04T09:47:49+00:00\" \/>\n<meta property=\"og:image\" content=\"https:\/\/www.decolor.com\/wp-content\/uploads\/2023\/12\/PLANTILLA-BLOG-3.png\" \/>\n\t<meta property=\"og:image:width\" content=\"920\" \/>\n\t<meta property=\"og:image:height\" content=\"600\" \/>\n\t<meta property=\"og:image:type\" content=\"image\/png\" \/>\n<meta name=\"author\" content=\"admin\" \/>\n<meta name=\"twitter:card\" content=\"summary_large_image\" \/>\n<meta name=\"twitter:title\" content=\"Impacto de los colores en los espacios de trabajo - Pinturas DECOLOR\" \/>\n<meta name=\"twitter:image\" content=\"https:\/\/www.decolor.com\/wp-content\/uploads\/2023\/12\/PLANTILLA-BLOG-3.png\" \/>\n<meta name=\"twitter:label1\" content=\"Napisane przez\" \/>\n\t<meta name=\"twitter:data1\" content=\"admin\" \/>\n\t<meta name=\"twitter:label2\" content=\"Szacowany czas czytania\" \/>\n\t<meta name=\"twitter:data2\" content=\"6 minut\" \/>\n<script type=\"application\/ld+json\" class=\"yoast-schema-graph\">{\"@context\":\"https:\/\/schema.org\",\"@graph\":[{\"@type\":\"Article\",\"@id\":\"https:\/\/www.decolor.com\/de\/2023\/12\/09\/impacto-de-los-colores-en-los-espacios-de-trabajo\/#article\",\"isPartOf\":{\"@id\":\"https:\/\/www.decolor.com\/de\/2023\/12\/09\/impacto-de-los-colores-en-los-espacios-de-trabajo\/\"},\"author\":{\"name\":\"admin\",\"@id\":\"https:\/\/www.decolor.com\/it\/#\/schema\/person\/97caf6fe02baef67513e86a4f3dc9c90\"},\"headline\":\"Impacto de los colores en los espacios de trabajo\",\"datePublished\":\"2023-12-09T11:14:00+00:00\",\"dateModified\":\"2024-06-04T09:47:49+00:00\",\"mainEntityOfPage\":{\"@id\":\"https:\/\/www.decolor.com\/de\/2023\/12\/09\/impacto-de-los-colores-en-los-espacios-de-trabajo\/\"},\"wordCount\":1151,\"commentCount\":0,\"publisher\":{\"@id\":\"https:\/\/www.decolor.com\/it\/#organization\"},\"image\":{\"@id\":\"https:\/\/www.decolor.com\/de\/2023\/12\/09\/impacto-de-los-colores-en-los-espacios-de-trabajo\/#primaryimage\"},\"thumbnailUrl\":\"https:\/\/www.decolor.com\/wp-content\/uploads\/2023\/12\/PLANTILLA-BLOG-3.png\",\"articleSection\":[\"Decolor\"],\"inLanguage\":\"pl-PL\",\"potentialAction\":[{\"@type\":\"CommentAction\",\"name\":\"Comment\",\"target\":[\"https:\/\/www.decolor.com\/de\/2023\/12\/09\/impacto-de-los-colores-en-los-espacios-de-trabajo\/#respond\"]}]},{\"@type\":\"WebPage\",\"@id\":\"https:\/\/www.decolor.com\/de\/2023\/12\/09\/impacto-de-los-colores-en-los-espacios-de-trabajo\/\",\"url\":\"https:\/\/www.decolor.com\/de\/2023\/12\/09\/impacto-de-los-colores-en-los-espacios-de-trabajo\/\",\"name\":\"Impacto de los colores en los espacios de trabajo - Decolor\",\"isPartOf\":{\"@id\":\"https:\/\/www.decolor.com\/it\/#website\"},\"primaryImageOfPage\":{\"@id\":\"https:\/\/www.decolor.com\/de\/2023\/12\/09\/impacto-de-los-colores-en-los-espacios-de-trabajo\/#primaryimage\"},\"image\":{\"@id\":\"https:\/\/www.decolor.com\/de\/2023\/12\/09\/impacto-de-los-colores-en-los-espacios-de-trabajo\/#primaryimage\"},\"thumbnailUrl\":\"https:\/\/www.decolor.com\/wp-content\/uploads\/2023\/12\/PLANTILLA-BLOG-3.png\",\"datePublished\":\"2023-12-09T11:14:00+00:00\",\"dateModified\":\"2024-06-04T09:47:49+00:00\",\"description\":\"En Pinturas DECOLOR, como fabricantes de pintura, entendemos que los colores no solo decoran sino que son un reflejo de los valores corporativos.\",\"breadcrumb\":{\"@id\":\"https:\/\/www.decolor.com\/de\/2023\/12\/09\/impacto-de-los-colores-en-los-espacios-de-trabajo\/#breadcrumb\"},\"inLanguage\":\"pl-PL\",\"potentialAction\":[{\"@type\":\"ReadAction\",\"target\":[\"https:\/\/www.decolor.com\/de\/2023\/12\/09\/impacto-de-los-colores-en-los-espacios-de-trabajo\/\"]}]},{\"@type\":\"ImageObject\",\"inLanguage\":\"pl-PL\",\"@id\":\"https:\/\/www.decolor.com\/de\/2023\/12\/09\/impacto-de-los-colores-en-los-espacios-de-trabajo\/#primaryimage\",\"url\":\"https:\/\/www.decolor.com\/wp-content\/uploads\/2023\/12\/PLANTILLA-BLOG-3.png\",\"contentUrl\":\"https:\/\/www.decolor.com\/wp-content\/uploads\/2023\/12\/PLANTILLA-BLOG-3.png\",\"width\":920,\"height\":600},{\"@type\":\"BreadcrumbList\",\"@id\":\"https:\/\/www.decolor.com\/de\/2023\/12\/09\/impacto-de-los-colores-en-los-espacios-de-trabajo\/#breadcrumb\",\"itemListElement\":[{\"@type\":\"ListItem\",\"position\":1,\"name\":\"Home\",\"item\":\"https:\/\/www.decolor.com\/\"},{\"@type\":\"ListItem\",\"position\":2,\"name\":\"Impacto de los colores en los espacios de trabajo\"}]},{\"@type\":\"WebSite\",\"@id\":\"https:\/\/www.decolor.com\/it\/#website\",\"url\":\"https:\/\/www.decolor.com\/it\/\",\"name\":\"Decolor\",\"description\":\"Web Decolor\",\"publisher\":{\"@id\":\"https:\/\/www.decolor.com\/it\/#organization\"},\"potentialAction\":[{\"@type\":\"SearchAction\",\"target\":{\"@type\":\"EntryPoint\",\"urlTemplate\":\"https:\/\/www.decolor.com\/it\/?s={search_term_string}\"},\"query-input\":{\"@type\":\"PropertyValueSpecification\",\"valueRequired\":true,\"valueName\":\"search_term_string\"}}],\"inLanguage\":\"pl-PL\"},{\"@type\":\"Organization\",\"@id\":\"https:\/\/www.decolor.com\/it\/#organization\",\"name\":\"Decolor\",\"url\":\"https:\/\/www.decolor.com\/it\/\",\"logo\":{\"@type\":\"ImageObject\",\"inLanguage\":\"pl-PL\",\"@id\":\"https:\/\/www.decolor.com\/it\/#\/schema\/logo\/image\/\",\"url\":\"https:\/\/www.decolor.com\/wp-content\/uploads\/2021\/02\/marca_principal_pinturas_decolor_color.png\",\"contentUrl\":\"https:\/\/www.decolor.com\/wp-content\/uploads\/2021\/02\/marca_principal_pinturas_decolor_color.png\",\"width\":1588,\"height\":421,\"caption\":\"Decolor\"},\"image\":{\"@id\":\"https:\/\/www.decolor.com\/it\/#\/schema\/logo\/image\/\"}},{\"@type\":\"Person\",\"@id\":\"https:\/\/www.decolor.com\/it\/#\/schema\/person\/97caf6fe02baef67513e86a4f3dc9c90\",\"name\":\"admin\",\"image\":{\"@type\":\"ImageObject\",\"inLanguage\":\"pl-PL\",\"@id\":\"https:\/\/www.decolor.com\/it\/#\/schema\/person\/image\/\",\"url\":\"https:\/\/secure.gravatar.com\/avatar\/abe407930cb2e3e5c2930411ee6911c6?s=96&d=mm&r=g\",\"contentUrl\":\"https:\/\/secure.gravatar.com\/avatar\/abe407930cb2e3e5c2930411ee6911c6?s=96&d=mm&r=g\",\"caption\":\"admin\"},\"url\":\"https:\/\/www.decolor.com\/pl\/author\/admin\/\"}]}<\/script>\n<!-- \/ Yoast SEO plugin. -->","yoast_head_json":{"title":"Impacto de los colores en los espacios de trabajo - Decolor","description":"En Pinturas DECOLOR, como fabricantes de pintura, entendemos que los colores no solo decoran sino que son un reflejo de los valores corporativos.","robots":{"index":"index","follow":"follow","max-snippet":"max-snippet:-1","max-image-preview":"max-image-preview:large","max-video-preview":"max-video-preview:-1"},"canonical":"https:\/\/www.decolor.com\/pl\/2023\/12\/09\/impacto-de-los-colores-en-los-espacios-de-trabajo\/","og_locale":"pl_PL","og_type":"article","og_title":"Impacto de los colores en los espacios de trabajo - Pinturas DECOLOR","og_description":"En Pinturas DECOLOR, como fabricantes de pintura, entendemos que los colores no solo decoran sino que son un reflejo de los valores corporativos.","og_url":"https:\/\/www.decolor.com\/pl\/2023\/12\/09\/impacto-de-los-colores-en-los-espacios-de-trabajo\/","og_site_name":"Decolor","article_published_time":"2023-12-09T11:14:00+00:00","article_modified_time":"2024-06-04T09:47:49+00:00","og_image":[{"width":920,"height":600,"url":"https:\/\/www.decolor.com\/wp-content\/uploads\/2023\/12\/PLANTILLA-BLOG-3.png","type":"image\/png"}],"author":"admin","twitter_card":"summary_large_image","twitter_title":"Impacto de los colores en los espacios de trabajo - Pinturas DECOLOR","twitter_image":"https:\/\/www.decolor.com\/wp-content\/uploads\/2023\/12\/PLANTILLA-BLOG-3.png","twitter_misc":{"Napisane przez":"admin","Szacowany czas czytania":"6 minut"},"schema":{"@context":"https:\/\/schema.org","@graph":[{"@type":"Article","@id":"https:\/\/www.decolor.com\/de\/2023\/12\/09\/impacto-de-los-colores-en-los-espacios-de-trabajo\/#article","isPartOf":{"@id":"https:\/\/www.decolor.com\/de\/2023\/12\/09\/impacto-de-los-colores-en-los-espacios-de-trabajo\/"},"author":{"name":"admin","@id":"https:\/\/www.decolor.com\/it\/#\/schema\/person\/97caf6fe02baef67513e86a4f3dc9c90"},"headline":"Impacto de los colores en los espacios de trabajo","datePublished":"2023-12-09T11:14:00+00:00","dateModified":"2024-06-04T09:47:49+00:00","mainEntityOfPage":{"@id":"https:\/\/www.decolor.com\/de\/2023\/12\/09\/impacto-de-los-colores-en-los-espacios-de-trabajo\/"},"wordCount":1151,"commentCount":0,"publisher":{"@id":"https:\/\/www.decolor.com\/it\/#organization"},"image":{"@id":"https:\/\/www.decolor.com\/de\/2023\/12\/09\/impacto-de-los-colores-en-los-espacios-de-trabajo\/#primaryimage"},"thumbnailUrl":"https:\/\/www.decolor.com\/wp-content\/uploads\/2023\/12\/PLANTILLA-BLOG-3.png","articleSection":["Decolor"],"inLanguage":"pl-PL","potentialAction":[{"@type":"CommentAction","name":"Comment","target":["https:\/\/www.decolor.com\/de\/2023\/12\/09\/impacto-de-los-colores-en-los-espacios-de-trabajo\/#respond"]}]},{"@type":"WebPage","@id":"https:\/\/www.decolor.com\/de\/2023\/12\/09\/impacto-de-los-colores-en-los-espacios-de-trabajo\/","url":"https:\/\/www.decolor.com\/de\/2023\/12\/09\/impacto-de-los-colores-en-los-espacios-de-trabajo\/","name":"Impacto de los colores en los espacios de trabajo - Decolor","isPartOf":{"@id":"https:\/\/www.decolor.com\/it\/#website"},"primaryImageOfPage":{"@id":"https:\/\/www.decolor.com\/de\/2023\/12\/09\/impacto-de-los-colores-en-los-espacios-de-trabajo\/#primaryimage"},"image":{"@id":"https:\/\/www.decolor.com\/de\/2023\/12\/09\/impacto-de-los-colores-en-los-espacios-de-trabajo\/#primaryimage"},"thumbnailUrl":"https:\/\/www.decolor.com\/wp-content\/uploads\/2023\/12\/PLANTILLA-BLOG-3.png","datePublished":"2023-12-09T11:14:00+00:00","dateModified":"2024-06-04T09:47:49+00:00","description":"En Pinturas DECOLOR, como fabricantes de pintura, entendemos que los colores no solo decoran sino que son un reflejo de los valores corporativos.","breadcrumb":{"@id":"https:\/\/www.decolor.com\/de\/2023\/12\/09\/impacto-de-los-colores-en-los-espacios-de-trabajo\/#breadcrumb"},"inLanguage":"pl-PL","potentialAction":[{"@type":"ReadAction","target":["https:\/\/www.decolor.com\/de\/2023\/12\/09\/impacto-de-los-colores-en-los-espacios-de-trabajo\/"]}]},{"@type":"ImageObject","inLanguage":"pl-PL","@id":"https:\/\/www.decolor.com\/de\/2023\/12\/09\/impacto-de-los-colores-en-los-espacios-de-trabajo\/#primaryimage","url":"https:\/\/www.decolor.com\/wp-content\/uploads\/2023\/12\/PLANTILLA-BLOG-3.png","contentUrl":"https:\/\/www.decolor.com\/wp-content\/uploads\/2023\/12\/PLANTILLA-BLOG-3.png","width":920,"height":600},{"@type":"BreadcrumbList","@id":"https:\/\/www.decolor.com\/de\/2023\/12\/09\/impacto-de-los-colores-en-los-espacios-de-trabajo\/#breadcrumb","itemListElement":[{"@type":"ListItem","position":1,"name":"Home","item":"https:\/\/www.decolor.com\/"},{"@type":"ListItem","position":2,"name":"Impacto de los colores en los espacios de trabajo"}]},{"@type":"WebSite","@id":"https:\/\/www.decolor.com\/it\/#website","url":"https:\/\/www.decolor.com\/it\/","name":"Kolor","description":"Odbarwianie sieci","publisher":{"@id":"https:\/\/www.decolor.com\/it\/#organization"},"potentialAction":[{"@type":"SearchAction","target":{"@type":"EntryPoint","urlTemplate":"https:\/\/www.decolor.com\/it\/?s={search_term_string}"},"query-input":{"@type":"PropertyValueSpecification","valueRequired":true,"valueName":"search_term_string"}}],"inLanguage":"pl-PL"},{"@type":"Organization","@id":"https:\/\/www.decolor.com\/it\/#organization","name":"Kolor","url":"https:\/\/www.decolor.com\/it\/","logo":{"@type":"ImageObject","inLanguage":"pl-PL","@id":"https:\/\/www.decolor.com\/it\/#\/schema\/logo\/image\/","url":"https:\/\/www.decolor.com\/wp-content\/uploads\/2021\/02\/marca_principal_pinturas_decolor_color.png","contentUrl":"https:\/\/www.decolor.com\/wp-content\/uploads\/2021\/02\/marca_principal_pinturas_decolor_color.png","width":1588,"height":421,"caption":"Decolor"},"image":{"@id":"https:\/\/www.decolor.com\/it\/#\/schema\/logo\/image\/"}},{"@type":"Person","@id":"https:\/\/www.decolor.com\/it\/#\/schema\/person\/97caf6fe02baef67513e86a4f3dc9c90","name":"Admin","image":{"@type":"ImageObject","inLanguage":"pl-PL","@id":"https:\/\/www.decolor.com\/it\/#\/schema\/person\/image\/","url":"https:\/\/secure.gravatar.com\/avatar\/abe407930cb2e3e5c2930411ee6911c6?s=96&d=mm&r=g","contentUrl":"https:\/\/secure.gravatar.com\/avatar\/abe407930cb2e3e5c2930411ee6911c6?s=96&d=mm&r=g","caption":"admin"},"url":"https:\/\/www.decolor.com\/pl\/author\/admin\/"}]}},"_links":{"self":[{"href":"https:\/\/www.decolor.com\/pl\/wp-json\/wp\/v2\/posts\/142417"}],"collection":[{"href":"https:\/\/www.decolor.com\/pl\/wp-json\/wp\/v2\/posts"}],"about":[{"href":"https:\/\/www.decolor.com\/pl\/wp-json\/wp\/v2\/types\/post"}],"author":[{"embeddable":true,"href":"https:\/\/www.decolor.com\/pl\/wp-json\/wp\/v2\/users\/1"}],"replies":[{"embeddable":true,"href":"https:\/\/www.decolor.com\/pl\/wp-json\/wp\/v2\/comments?post=142417"}],"version-history":[{"count":1,"href":"https:\/\/www.decolor.com\/pl\/wp-json\/wp\/v2\/posts\/142417\/revisions"}],"predecessor-version":[{"id":148265,"href":"https:\/\/www.decolor.com\/pl\/wp-json\/wp\/v2\/posts\/142417\/revisions\/148265"}],"wp:featuredmedia":[{"embeddable":true,"href":"https:\/\/www.decolor.com\/pl\/wp-json\/wp\/v2\/media\/148263"}],"wp:attachment":[{"href":"https:\/\/www.decolor.com\/pl\/wp-json\/wp\/v2\/media?parent=142417"}],"wp:term":[{"taxonomy":"category","embeddable":true,"href":"https:\/\/www.decolor.com\/pl\/wp-json\/wp\/v2\/categories?post=142417"},{"taxonomy":"post_tag","embeddable":true,"href":"https:\/\/www.decolor.com\/pl\/wp-json\/wp\/v2\/tags?post=142417"}],"curies":[{"name":"wp","href":"https:\/\/api.w.org\/{rel}","templated":true}]}}