{"id":148363,"date":"2024-07-01T08:32:39","date_gmt":"2024-07-01T08:32:39","guid":{"rendered":"https:\/\/www.decolor.com\/?p=148363"},"modified":"2024-07-02T06:16:23","modified_gmt":"2024-07-02T06:16:23","slug":"nueva-imagen-corporativa-en-pinturas-decolor-para-celebrar-el-40-aniversario","status":"publish","type":"post","link":"https:\/\/www.decolor.com\/pl\/2024\/07\/01\/nueva-imagen-corporativa-en-pinturas-decolor-para-celebrar-el-40-aniversario\/","title":{"rendered":"Nowy wizerunek firmy w Pinturas DECOLOR z okazji 40-lecia innowacji i zaanga\u017cowania"},"content":{"rendered":"<p>W Pinturas DECOLOR z dum\u0105 \u015bwi\u0119tujemy 40. rocznic\u0119 istnienia, wyj\u0105tkowy moment, kt\u00f3ry wyznacza cztery dekady po\u015bwi\u0119cenia, innowacji, pasji i zaanga\u017cowania na rzecz naszych klient\u00f3w.<\/p>\n\n\n\n<div style=\"height:20px\" aria-hidden=\"true\" class=\"wp-block-spacer\"><\/div>\n\n\n\n<p>40-letnia historia, kt\u00f3r\u0105 w Pinturas DECOLOR chcemy uczci\u0107 zmian\u0105 wizerunku firmy, kt\u00f3ra odzwierciedla nasz\u0105 ewolucj\u0119, nowym projektem wizualnym naszego logo, kt\u00f3ry oddaje istot\u0119 tego, czym jeste\u015bmy dzisiaj \u2013 nowoczesn\u0105, dynamiczn\u0105 i stale rozwijaj\u0105c\u0105 si\u0119 firm\u0105, stawiamy na doskona\u0142o\u015b\u0107, zr\u00f3wnowa\u017cony rozw\u00f3j i obs\u0142ug\u0119 klienta.<\/p>\n\n\n\n<div style=\"height:20px\" aria-hidden=\"true\" class=\"wp-block-spacer\"><\/div>\n\n\n\n<h3 class=\"wp-block-heading\"><strong>Nowy wizerunek korporacyjny Pinturas DECOLOR jest odzwierciedleniem naszej historii, naszych warto\u015bci i naszej wizji przysz\u0142o\u015bci.<\/strong><\/h3>\n\n\n\n<div style=\"height:20px\" aria-hidden=\"true\" class=\"wp-block-spacer\"><\/div>\n\n\n\n<p>Od chwili za\u0142o\u017cenia w 1984 roku w firmie Pinturas DECOLOR stworzyli\u015bmy podstawy naszej \u015bcie\u017cki i odpowiedzialno\u015bci, doskona\u0142o\u015b\u0107 w ka\u017cdym szczeg\u00f3le i jeste\u015bmy dumni, \u017ce posiadamy certyfikaty, kt\u00f3re wspieraj\u0105 nasz\u0105 prac\u0119 i s\u0105 czym\u015b wi\u0119cej ni\u017c uznaniem dla naszych produkt\u00f3w i odzwierciedleniem naszego zaanga\u017cowania w jako\u015b\u0107 i trwa\u0142o\u015b\u0107.<\/p>\n\n\n\n<div style=\"height:20px\" aria-hidden=\"true\" class=\"wp-block-spacer\"><\/div>\n\n\n\n<p>Na pocz\u0105tku naszej dzia\u0142alno\u015bci produkcja ogranicza\u0142a si\u0119 do podstawowych farb w prostych obiektach. Obecnie Pinturas DECOLOR posiada du\u017c\u0105 i nowoczesn\u0105 fabryk\u0119, wyposa\u017con\u0105 w najwy\u017csz\u0105 technologi\u0119 i wydajno\u015b\u0107 operacyjn\u0105, co u\u0142atwia rozw\u00f3j firmy i znacz\u0105co zwi\u0119ksza nasze mo\u017cliwo\u015bci produkcyjne i produkcyjne tworzenie szerokiej gamy produkt\u00f3w i rozwi\u0105za\u0144, a tak\u017ce otwieranie w\u0142asnych sklep\u00f3w i rozw\u00f3j sieci dystrybucji zar\u00f3wno w kraju, jak i za granic\u0105, pozostaj\u0105c zawsze wierni tym samym warto\u015bciom korporacyjnym.<\/p>\n\n\n\n<p><\/p>\n\n\n\n<div style=\"height:25px\" aria-hidden=\"true\" class=\"wp-block-spacer\"><\/div>\n\n\n\n<h2 class=\"wp-block-heading has-large-font-size\" style=\"font-style:normal;font-weight:700;text-transform:uppercase\"><strong>Ewolucja to\u017csamo\u015bci korporacyjnej Pinturas DECOLOR<\/strong><\/h2>\n\n\n\n<div style=\"height:20px\" aria-hidden=\"true\" class=\"wp-block-spacer\"><\/div>\n\n\n\n<p>W ramach obchod\u00f3w 40-lecia firmy Pinturas DECOLOR z rado\u015bci\u0105 og\u0142aszamy znacz\u0105c\u0105 zmian\u0119 w wizerunku naszej firmy, odnowili\u015bmy nasze logo!<\/p>\n\n\n\n<div style=\"height:20px\" aria-hidden=\"true\" class=\"wp-block-spacer\"><\/div>\n\n\n\n<p>Zmiana logo to nie tylko kwestia estetyczna, ale stanowi ewolucj\u0119 naszej to\u017csamo\u015bci korporacyjnej, pozwalaj\u0105c\u0105 na dalszy rozw\u00f3j i dostosowywanie si\u0119 do naszych klient\u00f3w i rynku, chocia\u017c decyzja ta nie oznacza odej\u015bcia od podstawowych warto\u015bci naszej firmy, poniewa\u017c Zaanga\u017cowanie w nasze klient\u00f3w i innowacyjno\u015b\u0107 nadal stanowi\u0105 podstaw\u0119 naszej filozofii i filary, kt\u00f3re pozwoli\u0142y nam si\u0119 rozwija\u0107 przez te 40 lat.<\/p>\n\n\n\n<div style=\"height:20px\" aria-hidden=\"true\" class=\"wp-block-spacer\"><\/div>\n\n\n\n<p><strong>Nowe logo zachowuje typografi\u0119, kt\u00f3ra od dziesi\u0119cioleci wyr\u00f3\u017cnia nasz\u0105 mark\u0119, nadaj\u0105c jej osobowo\u015b\u0107 koloru pomara\u0144czowego, kt\u00f3ry symbolizuje nasz\u0105 energi\u0119 i pasj\u0119, oraz koloru szarego, kt\u00f3ry reprezentuje nasz profesjonalizm, pewno\u015b\u0107 siebie i solidno\u015b\u0107, <\/strong>oba kolory stanowi\u0105 podstaw\u0119 naszego projektu.<\/p>\n\n\n\n<div style=\"height:20px\" aria-hidden=\"true\" class=\"wp-block-spacer\"><\/div>\n\n\n\n<p><strong>Kolory pomara\u0144czowy i szary maj\u0105 dla nas szczeg\u00f3lne znaczenie, za ich pomoc\u0105 chcieli\u015bmy przekaza\u0107 szczeg\u00f3lne przes\u0142anie, kt\u00f3re \u0142\u0105czy ewolucj\u0119 ze zmian\u0105<\/strong>, to kolory, kt\u00f3re wyznaczaj\u0105 drog\u0119 do przysz\u0142o\u015bci pe\u0142nej nowych mo\u017cliwo\u015bci i szans na dalsze innowacje w \u015bwiecie malarstwa.<\/p>\n\n\n\n<div style=\"height:20px\" aria-hidden=\"true\" class=\"wp-block-spacer\"><\/div>\n\n\n\n<figure class=\"wp-block-image size-full\"><img fetchpriority=\"high\" decoding=\"async\" width=\"900\" height=\"225\" src=\"https:\/\/www.decolor.com\/wp-content\/uploads\/2024\/07\/Cambio-de-logo-y-despedia-de-pintor-DECOLOR-1.png\" alt=\"\" class=\"wp-image-148384\" srcset=\"https:\/\/www.decolor.com\/wp-content\/uploads\/2024\/07\/Cambio-de-logo-y-despedia-de-pintor-DECOLOR-1.png 900w, https:\/\/www.decolor.com\/wp-content\/uploads\/2024\/07\/Cambio-de-logo-y-despedia-de-pintor-DECOLOR-1-300x75.png 300w, https:\/\/www.decolor.com\/wp-content\/uploads\/2024\/07\/Cambio-de-logo-y-despedia-de-pintor-DECOLOR-1-768x192.png 768w, https:\/\/www.decolor.com\/wp-content\/uploads\/2024\/07\/Cambio-de-logo-y-despedia-de-pintor-DECOLOR-1-18x5.png 18w\" sizes=\"(max-width: 900px) 100vw, 900px\" \/><\/figure>\n\n\n\n<h2 class=\"wp-block-heading has-large-font-size\" style=\"font-style:normal;font-weight:700;text-transform:uppercase\"><strong>Spu\u015bcizna naszego malarza<\/strong><\/h2>\n\n\n\n<div style=\"height:20px\" aria-hidden=\"true\" class=\"wp-block-spacer\"><\/div>\n\n\n\n<p><strong>Na tym nowym etapie postanowili\u015bmy wycofa\u0107 kultowy izotyp malarza, kt\u00f3ry towarzyszy\u0142 nam przez tyle lat, rozwijaj\u0105c jego funkcj\u0119.<\/strong> Ta zmiana jest odzwierciedleniem naszej transformacji i rozwoju i cho\u0107 z nostalgi\u0105 \u017cegnamy naszego emblematycznego i ukochanego malarza, wierzymy, \u017ce jest to niezb\u0119dny krok w celu unowocze\u015bnienia naszego wizerunku i dostosowania go do naszej wizji przysz\u0142o\u015bci.<\/p>\n\n\n\n<div style=\"height:20px\" aria-hidden=\"true\" class=\"wp-block-spacer\"><\/div>\n\n\n\n<p>Reprezentatywny charakter malarza uosabia\u0142 nasze po\u015bwi\u0119cenie, zaanga\u017cowanie i ewolucj\u0119 w sektorze malarstwa, ust\u0119puj\u0105c teraz miejsca nowej to\u017csamo\u015bci korporacyjnej, kt\u00f3ra odzwierciedla bardziej nowoczesn\u0105 i aktualn\u0105 wizj\u0119, dostosowan\u0105 do wyzwa\u0144 i mo\u017cliwo\u015bci tera\u017aniejszo\u015bci i przysz\u0142o\u015bci.<\/p>\n\n\n\n<div style=\"height:20px\" aria-hidden=\"true\" class=\"wp-block-spacer\"><\/div>\n\n\n\n<p><strong>Nowe logo Pinturas DECOLOR podkre\u015bla izotyp tr\u00f3jwymiarowej litery D, kt\u00f3ra obejmuje kszta\u0142t zamkni\u0119tego domu<\/strong>. Ten projekt jest nie tylko nowoczesny i dynamiczny, ale tak\u017ce symbolizuje nasze zaanga\u017cowanie i prac\u0119 z klientami oraz ich r\u00f3\u017cnymi projektami, odzwierciedlaj\u0105c nasz\u0105 szerok\u0105 zdolno\u015b\u0107 do oferowania wysokiej jako\u015bci, wszechstronnych, globalnych produkt\u00f3w i rozwi\u0105za\u0144 malarskich. Umieszczenie domu w logo podkre\u015bla nasze zaanga\u017cowanie w ulepszanie przestrzeni, zar\u00f3wno mieszkalnych, komercyjnych, przemys\u0142owych, jak i instytucjonalnych, dostosowuj\u0105c si\u0119 do specyficznych potrzeb ka\u017cdej powierzchni i projektu.<\/p>\n\n\n\n<div style=\"height:20px\" aria-hidden=\"true\" class=\"wp-block-spacer\"><\/div>\n\n\n\n<p>Dzi\u0119ki temu nowemu symbolowi tr\u00f3jwymiarowej litery D w kszta\u0142cie zamkni\u0119tego domu wzmacniamy nasz\u0105 to\u017csamo\u015b\u0107 i podkre\u015blamy nasze zaanga\u017cowanie w jako\u015b\u0107, zr\u00f3wnowa\u017cony rozw\u00f3j i zadowolenie klient\u00f3w, patrz\u0105c w przysz\u0142o\u015b\u0107.<\/p>\n\n\n\n<figure class=\"wp-block-image size-full\"><img decoding=\"async\" width=\"900\" height=\"225\" src=\"https:\/\/www.decolor.com\/wp-content\/uploads\/2024\/07\/Cambio-de-logo-y-despedia-de-pintor-DECOLOR.png\" alt=\"\" class=\"wp-image-148382\" srcset=\"https:\/\/www.decolor.com\/wp-content\/uploads\/2024\/07\/Cambio-de-logo-y-despedia-de-pintor-DECOLOR.png 900w, https:\/\/www.decolor.com\/wp-content\/uploads\/2024\/07\/Cambio-de-logo-y-despedia-de-pintor-DECOLOR-300x75.png 300w, https:\/\/www.decolor.com\/wp-content\/uploads\/2024\/07\/Cambio-de-logo-y-despedia-de-pintor-DECOLOR-768x192.png 768w, https:\/\/www.decolor.com\/wp-content\/uploads\/2024\/07\/Cambio-de-logo-y-despedia-de-pintor-DECOLOR-18x5.png 18w\" sizes=\"(max-width: 900px) 100vw, 900px\" \/><\/figure>\n\n\n\n<div style=\"height:20px\" aria-hidden=\"true\" class=\"wp-block-spacer\"><\/div>\n\n\n\n<h2 class=\"wp-block-heading has-large-font-size\" style=\"font-style:normal;font-weight:700;text-transform:uppercase\"><strong>Przewodzimy zmianom, przyczyniaj\u0105c si\u0119 do naszych warto\u015bci<\/strong><\/h2>\n\n\n\n<div style=\"height:20px\" aria-hidden=\"true\" class=\"wp-block-spacer\"><\/div>\n\n\n\n<p>Od samego pocz\u0105tku w Pinturas DECOLOR kierujemy si\u0119 mocnym powo\u0142aniem do obs\u0142ugi klienta i zawsze jeste\u015bmy wierni naszym warto\u015bciom korporacyjnym:<\/p>\n\n\n\n<div style=\"height:20px\" aria-hidden=\"true\" class=\"wp-block-spacer\"><\/div>\n\n\n\n<ul class=\"wp-block-list\">\n<li><strong>WYPRODUKOWANE W HISZPANII:<\/strong> Wszystkie nasze referencje powstaj\u0105 w naszej siedzibie g\u0142\u00f3wnej w La Roda (Albacete), gdzie wytwarzamy szerok\u0105 gam\u0119 produkt\u00f3w, zapewniaj\u0105c doskona\u0142o\u015b\u0107 na ka\u017cdym etapie procesu produkcyjnego oraz rozwijaj\u0105c wydajn\u0105 i efektywn\u0105 dystrybucj\u0119 do naszych klient\u00f3w na ca\u0142ym \u015bwiecie.<\/li>\n<\/ul>\n\n\n\n<div style=\"height:7px\" aria-hidden=\"true\" class=\"wp-block-spacer\"><\/div>\n\n\n\n<ul class=\"wp-block-list\">\n<li><strong>ELASTYCZNO\u015a\u0106: <\/strong>Dopasowujemy si\u0119 do klienta i dzi\u0119ki naszym mo\u017cliwo\u015bciom produkcyjnym zapewniamy szybkie, dostosowane do indywidualnych potrzeb rozwi\u0105zania.<\/li>\n<\/ul>\n\n\n\n<div style=\"height:7px\" aria-hidden=\"true\" class=\"wp-block-spacer\"><\/div>\n\n\n\n<ul class=\"wp-block-list\">\n<li><strong>LOGISTYKA:<\/strong> Posiadamy w\u0142asn\u0105 flot\u0119 pojazd\u00f3w, aby zagwarantowa\u0107 naszym klientom szybk\u0105 i spersonalizowan\u0105 dostaw\u0119.<\/li>\n<\/ul>\n\n\n\n<div style=\"height:7px\" aria-hidden=\"true\" class=\"wp-block-spacer\"><\/div>\n\n\n\n<ul class=\"wp-block-list\">\n<li><strong>INNOWACJA:<\/strong> Stale poszukujemy nowych technik i surowc\u00f3w, aby udoskonala\u0107 i oferowa\u0107 naszym klientom innowacyjne rozwi\u0105zania malarskie.<\/li>\n<\/ul>\n\n\n\n<div style=\"height:7px\" aria-hidden=\"true\" class=\"wp-block-spacer\"><\/div>\n\n\n\n<ul class=\"wp-block-list\">\n<li><strong>ZAANGA\u017bOWANIE EKOLOGICZNE<\/strong>: Nasze procesy i produkty szanuj\u0105 \u015brodowisko, stosuj\u0105c zr\u00f3wnowa\u017cone praktyki, kt\u00f3re minimalizuj\u0105 wp\u0142yw na \u015brodowisko.<\/li>\n<\/ul>\n\n\n\n<div style=\"height:7px\" aria-hidden=\"true\" class=\"wp-block-spacer\"><\/div>\n\n\n\n<ul class=\"wp-block-list\">\n<li><strong>PROFESJONALIZM:<\/strong> Znakomity zesp\u00f3\u0142 profesjonalist\u00f3w, kt\u00f3rzy zapewniaj\u0105 obs\u0142ug\u0119 i doradztwo klientom w kraju i za granic\u0105.<\/li>\n<\/ul>\n\n\n\n<div style=\"height:7px\" aria-hidden=\"true\" class=\"wp-block-spacer\"><\/div>\n\n\n\n<ul class=\"wp-block-list\">\n<li><strong>JAKO\u015a\u0106:<\/strong> Nasze do\u015bwiadczenie potwierdza ci\u0105g\u0142e doskonalenie naszych produkt\u00f3w, proces\u00f3w i us\u0142ug.<\/li>\n<\/ul>\n\n\n\n<div style=\"height:7px\" aria-hidden=\"true\" class=\"wp-block-spacer\"><\/div>\n\n\n\n<ul class=\"wp-block-list\">\n<li><strong>ODPOWIEDZIALNO\u015a\u0106:<\/strong> We wszystkich swoich dzia\u0142aniach post\u0119pujemy uczciwie i odpowiedzialnie, przestrzegaj\u0105c najwy\u017cszych standard\u00f3w etycznych i prawnych<\/li>\n<\/ul>\n\n\n\n<div style=\"height:24px\" aria-hidden=\"true\" class=\"wp-block-spacer\"><\/div>\n\n\n\n<p>Ewolucja Pinturas DECOLOR by\u0142a mo\u017cliwa dzi\u0119ki&nbsp;<strong>trzy wielkie filary<\/strong>.<\/p>\n\n\n\n<div style=\"height:7px\" aria-hidden=\"true\" class=\"wp-block-spacer\"><\/div>\n\n\n\n<p><\/p>\n\n\n\n<ul class=\"wp-block-list\">\n<li><strong>LUDZIE, kt\u00f3rzy s\u0105 cz\u0119\u015bci\u0105 naszej firmy,<\/strong> poniewa\u017c w Pinturas DECOLOR mocno wierzymy, \u017ce kapita\u0142 ludzki jest nasz\u0105 najwi\u0119ksz\u0105 si\u0142\u0105, a dba\u0142o\u015b\u0107 o niego i rozw\u00f3j jako zespo\u0142u, zawsze promuj\u0105c \u015brodowisko pracy oparte na wsp\u00f3\u0142pracy, by\u0142y niezb\u0119dne dla naszego rozwoju. Cenimy talent i prac\u0119 ka\u017cdego cz\u0142onka naszego zespo\u0142u i dostrzegamy ich wk\u0142ad w sukces firmy.<\/li>\n<\/ul>\n\n\n\n<div style=\"height:20px\" aria-hidden=\"true\" class=\"wp-block-spacer\"><\/div>\n\n\n\n<ol class=\"wp-block-list\"><\/ol>\n\n\n\n<p><\/p>\n\n\n\n<ul class=\"wp-block-list\">\n<li><strong>JAKO\u015a\u0106, INNOWACJA I ZR\u00d3WNOWA\u017bONY ROZW\u00d3J <\/strong>To<strong>, <\/strong>Od samego pocz\u0105tku Dzia\u0142 Techniczny pracowa\u0142 nad oferowaniem naszym klientom wysokiej jako\u015bci rozwi\u0105za\u0144 malarskich, wszechstronnych i konkurencyjnych opcji, kt\u00f3re nie tylko spe\u0142niaj\u0105 standardy jako\u015bci, ale tak\u017ce promuj\u0105 zr\u00f3wnowa\u017cony rozw\u00f3j.<\/li>\n<\/ul>\n\n\n\n<div style=\"height:20px\" aria-hidden=\"true\" class=\"wp-block-spacer\"><\/div>\n\n\n\n<ol class=\"wp-block-list\"><\/ol>\n\n\n\n<p><\/p>\n\n\n\n<ul class=\"wp-block-list\">\n<li><strong>DOSTOSOWANIE DO POTRZEB KLIENTA<\/strong>, poniewa\u017c klient jest zawsze w centrum wszystkiego, co robimy, a naszym celem jest zaoferowanie Pa\u0144stwu najlepszej obs\u0142ugi, dostosowuj\u0105c si\u0119 do specyficznych i zmieniaj\u0105cych si\u0119 potrzeb naszych klient\u00f3w, przyczyniaj\u0105c si\u0119 do sukcesu ich projekt\u00f3w, ta filozofia pozwoli\u0142a nam zbudowa\u0107 trwa\u0142e relacje i zaufanie utrzymywane przez d\u0142ugi czas.<\/li>\n<\/ul>\n\n\n\n<div style=\"height:20px\" aria-hidden=\"true\" class=\"wp-block-spacer\"><\/div>\n\n\n\n<ol class=\"wp-block-list\"><\/ol>\n\n\n\n<p><\/p>\n\n\n\n<div style=\"height:20px\" aria-hidden=\"true\" class=\"wp-block-spacer\"><\/div>\n\n\n\n<h2 class=\"wp-block-heading has-large-font-size\" style=\"font-style:normal;font-weight:700;text-transform:uppercase\"><strong>Podtrzymujemy nasz\u0105 istot\u0119, patrz\u0105c w przysz\u0142o\u015b\u0107<\/strong><\/h2>\n\n\n\n<div style=\"height:20px\" aria-hidden=\"true\" class=\"wp-block-spacer\"><\/div>\n\n\n\n<p><strong>\u015awi\u0119towanie 40-lecia to nie tylko okazja, aby spojrze\u0107 wstecz i doceni\u0107 wszystko, co osi\u0105gn\u0119li\u015bmy, ale tak\u017ce z entuzjazmem i stanowczo\u015bci\u0105 spojrze\u0107 w przysz\u0142o\u015b\u0107, <\/strong>pracuj\u0105c z t\u0105 sam\u0105 pasj\u0105 i zaanga\u017cowaniem, kt\u00f3re nas charakteryzuj\u0105.<\/p>\n\n\n\n<div style=\"height:20px\" aria-hidden=\"true\" class=\"wp-block-spacer\"><\/div>\n\n\n\n<p><strong>Z dum\u0105 wkraczamy w przysz\u0142o\u015b\u0107 z odnowionym wizerunkiem,<\/strong> Zmieniamy si\u0119, aby si\u0119 rozwija\u0107 i doskonali\u0107, ale nasza misja dostarczania najlepszych rozwi\u0105za\u0144 malarskich pozostaje ta sama, tak jak robili\u015bmy to od 1984 roku.<\/p>\n\n\n\n<div style=\"height:20px\" aria-hidden=\"true\" class=\"wp-block-spacer\"><\/div>\n\n\n\n<p><strong>Proces przeprojektowania logo by\u0142 ostro\u017cny i przemy\u015blany, zapewniaj\u0105c zachowanie istoty tego, co czyni Pinturas DECOLOR wyj\u0105tkowym. <\/strong>Nowe logo jest czystsze i nowocze\u015bniejsze, ale zachowuje elementy wizualne, kt\u00f3re nasi klienci kojarz\u0105 z zaufaniem i jako\u015bci\u0105, zapewniaj\u0105c, \u017ce nasza identyfikacja wizualna jest rozpoznawalna i w dalszym ci\u0105gu przekazuje podstawowe warto\u015bci naszej marki. Wierzymy, \u017ce ta zmiana nie tylko przygotuje nas na wyzwania przysz\u0142o\u015bci, ale tak\u017ce szanuje i honoruje dziedzictwo naszego kultowego malarza.<\/p>\n\n\n\n<div style=\"height:20px\" aria-hidden=\"true\" class=\"wp-block-spacer\"><\/div>\n\n\n\n<p>Chcemy podzi\u0119kowa\u0107 wszystkim, kt\u00f3rzy byli cz\u0119\u015bci\u0105 naszej podr\u00f3\u017cy, pracownikom, klientom, dostawcom, wsp\u00f3\u0142pracownikom i partnerom biznesowym, z kt\u00f3rych ka\u017cdy odegra\u0142 kluczow\u0105 rol\u0119 w naszej historii sukcesu, za ich bezwarunkowe wsparcie przez te cztery dekady, dlatego zapraszamy aby\u015b by\u0142 cz\u0119\u015bci\u0105 tej zmiany i wsp\u00f3lnie kontynuowali pisanie historii Pinturas DECOLOR.<\/p>\n\n\n\n<div style=\"height:20px\" aria-hidden=\"true\" class=\"wp-block-spacer\"><\/div>\n\n\n\n<p><strong>Dzi\u0119kujemy, \u017ce jeste\u015b cz\u0119\u015bci\u0105 naszej historii. W Pinturas DECOLOR jeste\u015bmy gotowi na kolejne 40 lat z t\u0105 sam\u0105 pasj\u0105 i zaanga\u017cowaniem. Witamy w nowej erze Pinturas DECOLOR!<\/strong><\/p>\n\n\n\n<div style=\"height:20px\" aria-hidden=\"true\" class=\"wp-block-spacer\"><\/div>","protected":false},"excerpt":{"rendered":"<p>W Pinturas DECOLOR z dum\u0105 \u015bwi\u0119tujemy 40. rocznic\u0119 istnienia, wyj\u0105tkowy moment, kt\u00f3ry wyznacza cztery dekady po\u015bwi\u0119cenia, innowacji, pasji i zaanga\u017cowania na rzecz naszych klient\u00f3w. 40-letnia trajektoria, kt\u00f3r\u0105 w Pinturas DECOLOR chcemy uczci\u0107 zmian\u0105 wizerunku firmy, kt\u00f3ra odzwierciedla nasz\u0105 ewolucj\u0119, nowym projektem wizualnym naszego logo, kt\u00f3ry oddaje\u2026 <a class=\"more-link\" href=\"https:\/\/www.decolor.com\/pl\/2024\/07\/01\/nueva-imagen-corporativa-en-pinturas-decolor-para-celebrar-el-40-aniversario\/\">czytaj dalej <span class=\"screen-reader-text\">Nowy wizerunek firmy w Pinturas DECOLOR z okazji 40-lecia innowacji i zaanga\u017cowania<\/span><\/a><\/p>","protected":false},"author":1,"featured_media":148365,"comment_status":"open","ping_status":"open","sticky":false,"template":"","format":"standard","meta":{"_acf_changed":false,"footnotes":""},"categories":[1],"tags":[],"class_list":["post-148363","post","type-post","status-publish","format-standard","has-post-thumbnail","hentry","category-decolor","entry"],"acf":[],"yoast_head":"<!-- This site is optimized with the Yoast SEO plugin v23.4 - https:\/\/yoast.com\/wordpress\/plugins\/seo\/ -->\n<title>Pinturas DECOLOR celebramos 40 a\u00f1os de innovaci\u00f3n<\/title>\n<meta name=\"description\" content=\"Celebramos 40 a\u00f1os de innovaci\u00f3n y compromiso en Pinturas DECOLOR con un nuevo logo que simboliza nuestro crecimiento y visi\u00f3n.\" \/>\n<meta name=\"robots\" content=\"index, follow, max-snippet:-1, max-image-preview:large, max-video-preview:-1\" \/>\n<link rel=\"canonical\" href=\"https:\/\/www.decolor.com\/pl\/2024\/07\/01\/nueva-imagen-corporativa-en-pinturas-decolor-para-celebrar-el-40-aniversario\/\" \/>\n<meta property=\"og:locale\" content=\"pl_PL\" \/>\n<meta property=\"og:type\" content=\"article\" \/>\n<meta property=\"og:title\" content=\"Pinturas DECOLOR celebramos 40 a\u00f1os de innovaci\u00f3n\" \/>\n<meta property=\"og:description\" content=\"Celebramos 40 a\u00f1os de innovaci\u00f3n y compromiso en Pinturas DECOLOR con un nuevo logo que simboliza nuestro crecimiento y visi\u00f3n.\" \/>\n<meta property=\"og:url\" content=\"https:\/\/www.decolor.com\/pl\/2024\/07\/01\/nueva-imagen-corporativa-en-pinturas-decolor-para-celebrar-el-40-aniversario\/\" \/>\n<meta property=\"og:site_name\" content=\"Decolor\" \/>\n<meta property=\"article:published_time\" content=\"2024-07-01T08:32:39+00:00\" \/>\n<meta property=\"article:modified_time\" content=\"2024-07-02T06:16:23+00:00\" \/>\n<meta property=\"og:image\" content=\"https:\/\/www.decolor.com\/wp-content\/uploads\/2024\/07\/Nuevo-logo-PINTURAS-DECOLOR-en-su-40-Aniversario.png\" \/>\n\t<meta property=\"og:image:width\" content=\"920\" \/>\n\t<meta property=\"og:image:height\" content=\"600\" \/>\n\t<meta property=\"og:image:type\" content=\"image\/png\" \/>\n<meta name=\"author\" content=\"admin\" \/>\n<meta name=\"twitter:card\" content=\"summary_large_image\" \/>\n<meta name=\"twitter:image\" content=\"https:\/\/www.decolor.com\/wp-content\/uploads\/2024\/07\/Nuevo-logo-PINTURAS-DECOLOR-en-su-40-Aniversario.png\" \/>\n<meta name=\"twitter:label1\" content=\"Napisane przez\" \/>\n\t<meta name=\"twitter:data1\" content=\"admin\" \/>\n\t<meta name=\"twitter:label2\" content=\"Szacowany czas czytania\" \/>\n\t<meta name=\"twitter:data2\" content=\"7 minut\" \/>\n<script type=\"application\/ld+json\" class=\"yoast-schema-graph\">{\"@context\":\"https:\/\/schema.org\",\"@graph\":[{\"@type\":\"Article\",\"@id\":\"https:\/\/www.decolor.com\/en\/2024\/07\/01\/nueva-imagen-corporativa-en-pinturas-decolor-para-celebrar-el-40-aniversario\/#article\",\"isPartOf\":{\"@id\":\"https:\/\/www.decolor.com\/en\/2024\/07\/01\/nueva-imagen-corporativa-en-pinturas-decolor-para-celebrar-el-40-aniversario\/\"},\"author\":{\"name\":\"admin\",\"@id\":\"https:\/\/www.decolor.com\/it\/#\/schema\/person\/97caf6fe02baef67513e86a4f3dc9c90\"},\"headline\":\"Nueva imagen corporativa en Pinturas DECOLOR para celebrar 40 a\u00f1os de innovaci\u00f3n y compromiso\",\"datePublished\":\"2024-07-01T08:32:39+00:00\",\"dateModified\":\"2024-07-02T06:16:23+00:00\",\"mainEntityOfPage\":{\"@id\":\"https:\/\/www.decolor.com\/en\/2024\/07\/01\/nueva-imagen-corporativa-en-pinturas-decolor-para-celebrar-el-40-aniversario\/\"},\"wordCount\":1446,\"commentCount\":0,\"publisher\":{\"@id\":\"https:\/\/www.decolor.com\/it\/#organization\"},\"image\":{\"@id\":\"https:\/\/www.decolor.com\/en\/2024\/07\/01\/nueva-imagen-corporativa-en-pinturas-decolor-para-celebrar-el-40-aniversario\/#primaryimage\"},\"thumbnailUrl\":\"https:\/\/www.decolor.com\/wp-content\/uploads\/2024\/07\/Nuevo-logo-PINTURAS-DECOLOR-en-su-40-Aniversario.png\",\"articleSection\":[\"Decolor\"],\"inLanguage\":\"pl-PL\",\"potentialAction\":[{\"@type\":\"CommentAction\",\"name\":\"Comment\",\"target\":[\"https:\/\/www.decolor.com\/en\/2024\/07\/01\/nueva-imagen-corporativa-en-pinturas-decolor-para-celebrar-el-40-aniversario\/#respond\"]}]},{\"@type\":\"WebPage\",\"@id\":\"https:\/\/www.decolor.com\/en\/2024\/07\/01\/nueva-imagen-corporativa-en-pinturas-decolor-para-celebrar-el-40-aniversario\/\",\"url\":\"https:\/\/www.decolor.com\/en\/2024\/07\/01\/nueva-imagen-corporativa-en-pinturas-decolor-para-celebrar-el-40-aniversario\/\",\"name\":\"Pinturas DECOLOR celebramos 40 a\u00f1os de innovaci\u00f3n\",\"isPartOf\":{\"@id\":\"https:\/\/www.decolor.com\/it\/#website\"},\"primaryImageOfPage\":{\"@id\":\"https:\/\/www.decolor.com\/en\/2024\/07\/01\/nueva-imagen-corporativa-en-pinturas-decolor-para-celebrar-el-40-aniversario\/#primaryimage\"},\"image\":{\"@id\":\"https:\/\/www.decolor.com\/en\/2024\/07\/01\/nueva-imagen-corporativa-en-pinturas-decolor-para-celebrar-el-40-aniversario\/#primaryimage\"},\"thumbnailUrl\":\"https:\/\/www.decolor.com\/wp-content\/uploads\/2024\/07\/Nuevo-logo-PINTURAS-DECOLOR-en-su-40-Aniversario.png\",\"datePublished\":\"2024-07-01T08:32:39+00:00\",\"dateModified\":\"2024-07-02T06:16:23+00:00\",\"description\":\"Celebramos 40 a\u00f1os de innovaci\u00f3n y compromiso en Pinturas DECOLOR con un nuevo logo que simboliza nuestro crecimiento y visi\u00f3n.\",\"breadcrumb\":{\"@id\":\"https:\/\/www.decolor.com\/en\/2024\/07\/01\/nueva-imagen-corporativa-en-pinturas-decolor-para-celebrar-el-40-aniversario\/#breadcrumb\"},\"inLanguage\":\"pl-PL\",\"potentialAction\":[{\"@type\":\"ReadAction\",\"target\":[\"https:\/\/www.decolor.com\/en\/2024\/07\/01\/nueva-imagen-corporativa-en-pinturas-decolor-para-celebrar-el-40-aniversario\/\"]}]},{\"@type\":\"ImageObject\",\"inLanguage\":\"pl-PL\",\"@id\":\"https:\/\/www.decolor.com\/en\/2024\/07\/01\/nueva-imagen-corporativa-en-pinturas-decolor-para-celebrar-el-40-aniversario\/#primaryimage\",\"url\":\"https:\/\/www.decolor.com\/wp-content\/uploads\/2024\/07\/Nuevo-logo-PINTURAS-DECOLOR-en-su-40-Aniversario.png\",\"contentUrl\":\"https:\/\/www.decolor.com\/wp-content\/uploads\/2024\/07\/Nuevo-logo-PINTURAS-DECOLOR-en-su-40-Aniversario.png\",\"width\":920,\"height\":600,\"caption\":\"Nuevo logo de Pinturas DECOLOR en ocasi\u00f3n de su 40 aniversario\"},{\"@type\":\"BreadcrumbList\",\"@id\":\"https:\/\/www.decolor.com\/en\/2024\/07\/01\/nueva-imagen-corporativa-en-pinturas-decolor-para-celebrar-el-40-aniversario\/#breadcrumb\",\"itemListElement\":[{\"@type\":\"ListItem\",\"position\":1,\"name\":\"Home\",\"item\":\"https:\/\/www.decolor.com\/\"},{\"@type\":\"ListItem\",\"position\":2,\"name\":\"Nueva imagen corporativa en Pinturas DECOLOR para celebrar 40 a\u00f1os de innovaci\u00f3n y compromiso\"}]},{\"@type\":\"WebSite\",\"@id\":\"https:\/\/www.decolor.com\/it\/#website\",\"url\":\"https:\/\/www.decolor.com\/it\/\",\"name\":\"Decolor\",\"description\":\"Web Decolor\",\"publisher\":{\"@id\":\"https:\/\/www.decolor.com\/it\/#organization\"},\"potentialAction\":[{\"@type\":\"SearchAction\",\"target\":{\"@type\":\"EntryPoint\",\"urlTemplate\":\"https:\/\/www.decolor.com\/it\/?s={search_term_string}\"},\"query-input\":{\"@type\":\"PropertyValueSpecification\",\"valueRequired\":true,\"valueName\":\"search_term_string\"}}],\"inLanguage\":\"pl-PL\"},{\"@type\":\"Organization\",\"@id\":\"https:\/\/www.decolor.com\/it\/#organization\",\"name\":\"Decolor\",\"url\":\"https:\/\/www.decolor.com\/it\/\",\"logo\":{\"@type\":\"ImageObject\",\"inLanguage\":\"pl-PL\",\"@id\":\"https:\/\/www.decolor.com\/it\/#\/schema\/logo\/image\/\",\"url\":\"https:\/\/www.decolor.com\/wp-content\/uploads\/2021\/02\/marca_principal_pinturas_decolor_color.png\",\"contentUrl\":\"https:\/\/www.decolor.com\/wp-content\/uploads\/2021\/02\/marca_principal_pinturas_decolor_color.png\",\"width\":1588,\"height\":421,\"caption\":\"Decolor\"},\"image\":{\"@id\":\"https:\/\/www.decolor.com\/it\/#\/schema\/logo\/image\/\"}},{\"@type\":\"Person\",\"@id\":\"https:\/\/www.decolor.com\/it\/#\/schema\/person\/97caf6fe02baef67513e86a4f3dc9c90\",\"name\":\"admin\",\"image\":{\"@type\":\"ImageObject\",\"inLanguage\":\"pl-PL\",\"@id\":\"https:\/\/www.decolor.com\/it\/#\/schema\/person\/image\/\",\"url\":\"https:\/\/secure.gravatar.com\/avatar\/abe407930cb2e3e5c2930411ee6911c6?s=96&d=mm&r=g\",\"contentUrl\":\"https:\/\/secure.gravatar.com\/avatar\/abe407930cb2e3e5c2930411ee6911c6?s=96&d=mm&r=g\",\"caption\":\"admin\"},\"url\":\"https:\/\/www.decolor.com\/pl\/author\/admin\/\"}]}<\/script>\n<!-- \/ Yoast SEO plugin. -->","yoast_head_json":{"title":"Pinturas DECOLOR celebramos 40 a\u00f1os de innovaci\u00f3n","description":"Celebramos 40 a\u00f1os de innovaci\u00f3n y compromiso en Pinturas DECOLOR con un nuevo logo que simboliza nuestro crecimiento y visi\u00f3n.","robots":{"index":"index","follow":"follow","max-snippet":"max-snippet:-1","max-image-preview":"max-image-preview:large","max-video-preview":"max-video-preview:-1"},"canonical":"https:\/\/www.decolor.com\/pl\/2024\/07\/01\/nueva-imagen-corporativa-en-pinturas-decolor-para-celebrar-el-40-aniversario\/","og_locale":"pl_PL","og_type":"article","og_title":"Pinturas DECOLOR celebramos 40 a\u00f1os de innovaci\u00f3n","og_description":"Celebramos 40 a\u00f1os de innovaci\u00f3n y compromiso en Pinturas DECOLOR con un nuevo logo que simboliza nuestro crecimiento y visi\u00f3n.","og_url":"https:\/\/www.decolor.com\/pl\/2024\/07\/01\/nueva-imagen-corporativa-en-pinturas-decolor-para-celebrar-el-40-aniversario\/","og_site_name":"Decolor","article_published_time":"2024-07-01T08:32:39+00:00","article_modified_time":"2024-07-02T06:16:23+00:00","og_image":[{"width":920,"height":600,"url":"https:\/\/www.decolor.com\/wp-content\/uploads\/2024\/07\/Nuevo-logo-PINTURAS-DECOLOR-en-su-40-Aniversario.png","type":"image\/png"}],"author":"admin","twitter_card":"summary_large_image","twitter_image":"https:\/\/www.decolor.com\/wp-content\/uploads\/2024\/07\/Nuevo-logo-PINTURAS-DECOLOR-en-su-40-Aniversario.png","twitter_misc":{"Napisane przez":"admin","Szacowany czas czytania":"7 minut"},"schema":{"@context":"https:\/\/schema.org","@graph":[{"@type":"Article","@id":"https:\/\/www.decolor.com\/en\/2024\/07\/01\/nueva-imagen-corporativa-en-pinturas-decolor-para-celebrar-el-40-aniversario\/#article","isPartOf":{"@id":"https:\/\/www.decolor.com\/en\/2024\/07\/01\/nueva-imagen-corporativa-en-pinturas-decolor-para-celebrar-el-40-aniversario\/"},"author":{"name":"admin","@id":"https:\/\/www.decolor.com\/it\/#\/schema\/person\/97caf6fe02baef67513e86a4f3dc9c90"},"headline":"Nueva imagen corporativa en Pinturas DECOLOR para celebrar 40 a\u00f1os de innovaci\u00f3n y compromiso","datePublished":"2024-07-01T08:32:39+00:00","dateModified":"2024-07-02T06:16:23+00:00","mainEntityOfPage":{"@id":"https:\/\/www.decolor.com\/en\/2024\/07\/01\/nueva-imagen-corporativa-en-pinturas-decolor-para-celebrar-el-40-aniversario\/"},"wordCount":1446,"commentCount":0,"publisher":{"@id":"https:\/\/www.decolor.com\/it\/#organization"},"image":{"@id":"https:\/\/www.decolor.com\/en\/2024\/07\/01\/nueva-imagen-corporativa-en-pinturas-decolor-para-celebrar-el-40-aniversario\/#primaryimage"},"thumbnailUrl":"https:\/\/www.decolor.com\/wp-content\/uploads\/2024\/07\/Nuevo-logo-PINTURAS-DECOLOR-en-su-40-Aniversario.png","articleSection":["Decolor"],"inLanguage":"pl-PL","potentialAction":[{"@type":"CommentAction","name":"Comment","target":["https:\/\/www.decolor.com\/en\/2024\/07\/01\/nueva-imagen-corporativa-en-pinturas-decolor-para-celebrar-el-40-aniversario\/#respond"]}]},{"@type":"WebPage","@id":"https:\/\/www.decolor.com\/en\/2024\/07\/01\/nueva-imagen-corporativa-en-pinturas-decolor-para-celebrar-el-40-aniversario\/","url":"https:\/\/www.decolor.com\/en\/2024\/07\/01\/nueva-imagen-corporativa-en-pinturas-decolor-para-celebrar-el-40-aniversario\/","name":"Pinturas DECOLOR celebramos 40 a\u00f1os de innovaci\u00f3n","isPartOf":{"@id":"https:\/\/www.decolor.com\/it\/#website"},"primaryImageOfPage":{"@id":"https:\/\/www.decolor.com\/en\/2024\/07\/01\/nueva-imagen-corporativa-en-pinturas-decolor-para-celebrar-el-40-aniversario\/#primaryimage"},"image":{"@id":"https:\/\/www.decolor.com\/en\/2024\/07\/01\/nueva-imagen-corporativa-en-pinturas-decolor-para-celebrar-el-40-aniversario\/#primaryimage"},"thumbnailUrl":"https:\/\/www.decolor.com\/wp-content\/uploads\/2024\/07\/Nuevo-logo-PINTURAS-DECOLOR-en-su-40-Aniversario.png","datePublished":"2024-07-01T08:32:39+00:00","dateModified":"2024-07-02T06:16:23+00:00","description":"Celebramos 40 a\u00f1os de innovaci\u00f3n y compromiso en Pinturas DECOLOR con un nuevo logo que simboliza nuestro crecimiento y visi\u00f3n.","breadcrumb":{"@id":"https:\/\/www.decolor.com\/en\/2024\/07\/01\/nueva-imagen-corporativa-en-pinturas-decolor-para-celebrar-el-40-aniversario\/#breadcrumb"},"inLanguage":"pl-PL","potentialAction":[{"@type":"ReadAction","target":["https:\/\/www.decolor.com\/en\/2024\/07\/01\/nueva-imagen-corporativa-en-pinturas-decolor-para-celebrar-el-40-aniversario\/"]}]},{"@type":"ImageObject","inLanguage":"pl-PL","@id":"https:\/\/www.decolor.com\/en\/2024\/07\/01\/nueva-imagen-corporativa-en-pinturas-decolor-para-celebrar-el-40-aniversario\/#primaryimage","url":"https:\/\/www.decolor.com\/wp-content\/uploads\/2024\/07\/Nuevo-logo-PINTURAS-DECOLOR-en-su-40-Aniversario.png","contentUrl":"https:\/\/www.decolor.com\/wp-content\/uploads\/2024\/07\/Nuevo-logo-PINTURAS-DECOLOR-en-su-40-Aniversario.png","width":920,"height":600,"caption":"Nuevo logo de Pinturas DECOLOR en ocasi\u00f3n de su 40 aniversario"},{"@type":"BreadcrumbList","@id":"https:\/\/www.decolor.com\/en\/2024\/07\/01\/nueva-imagen-corporativa-en-pinturas-decolor-para-celebrar-el-40-aniversario\/#breadcrumb","itemListElement":[{"@type":"ListItem","position":1,"name":"Home","item":"https:\/\/www.decolor.com\/"},{"@type":"ListItem","position":2,"name":"Nueva imagen corporativa en Pinturas DECOLOR para celebrar 40 a\u00f1os de innovaci\u00f3n y compromiso"}]},{"@type":"WebSite","@id":"https:\/\/www.decolor.com\/it\/#website","url":"https:\/\/www.decolor.com\/it\/","name":"Kolor","description":"Odbarwianie sieci","publisher":{"@id":"https:\/\/www.decolor.com\/it\/#organization"},"potentialAction":[{"@type":"SearchAction","target":{"@type":"EntryPoint","urlTemplate":"https:\/\/www.decolor.com\/it\/?s={search_term_string}"},"query-input":{"@type":"PropertyValueSpecification","valueRequired":true,"valueName":"search_term_string"}}],"inLanguage":"pl-PL"},{"@type":"Organization","@id":"https:\/\/www.decolor.com\/it\/#organization","name":"Kolor","url":"https:\/\/www.decolor.com\/it\/","logo":{"@type":"ImageObject","inLanguage":"pl-PL","@id":"https:\/\/www.decolor.com\/it\/#\/schema\/logo\/image\/","url":"https:\/\/www.decolor.com\/wp-content\/uploads\/2021\/02\/marca_principal_pinturas_decolor_color.png","contentUrl":"https:\/\/www.decolor.com\/wp-content\/uploads\/2021\/02\/marca_principal_pinturas_decolor_color.png","width":1588,"height":421,"caption":"Decolor"},"image":{"@id":"https:\/\/www.decolor.com\/it\/#\/schema\/logo\/image\/"}},{"@type":"Person","@id":"https:\/\/www.decolor.com\/it\/#\/schema\/person\/97caf6fe02baef67513e86a4f3dc9c90","name":"Admin","image":{"@type":"ImageObject","inLanguage":"pl-PL","@id":"https:\/\/www.decolor.com\/it\/#\/schema\/person\/image\/","url":"https:\/\/secure.gravatar.com\/avatar\/abe407930cb2e3e5c2930411ee6911c6?s=96&d=mm&r=g","contentUrl":"https:\/\/secure.gravatar.com\/avatar\/abe407930cb2e3e5c2930411ee6911c6?s=96&d=mm&r=g","caption":"admin"},"url":"https:\/\/www.decolor.com\/pl\/author\/admin\/"}]}},"_links":{"self":[{"href":"https:\/\/www.decolor.com\/pl\/wp-json\/wp\/v2\/posts\/148363"}],"collection":[{"href":"https:\/\/www.decolor.com\/pl\/wp-json\/wp\/v2\/posts"}],"about":[{"href":"https:\/\/www.decolor.com\/pl\/wp-json\/wp\/v2\/types\/post"}],"author":[{"embeddable":true,"href":"https:\/\/www.decolor.com\/pl\/wp-json\/wp\/v2\/users\/1"}],"replies":[{"embeddable":true,"href":"https:\/\/www.decolor.com\/pl\/wp-json\/wp\/v2\/comments?post=148363"}],"version-history":[{"count":15,"href":"https:\/\/www.decolor.com\/pl\/wp-json\/wp\/v2\/posts\/148363\/revisions"}],"predecessor-version":[{"id":148403,"href":"https:\/\/www.decolor.com\/pl\/wp-json\/wp\/v2\/posts\/148363\/revisions\/148403"}],"wp:featuredmedia":[{"embeddable":true,"href":"https:\/\/www.decolor.com\/pl\/wp-json\/wp\/v2\/media\/148365"}],"wp:attachment":[{"href":"https:\/\/www.decolor.com\/pl\/wp-json\/wp\/v2\/media?parent=148363"}],"wp:term":[{"taxonomy":"category","embeddable":true,"href":"https:\/\/www.decolor.com\/pl\/wp-json\/wp\/v2\/categories?post=148363"},{"taxonomy":"post_tag","embeddable":true,"href":"https:\/\/www.decolor.com\/pl\/wp-json\/wp\/v2\/tags?post=148363"}],"curies":[{"name":"wp","href":"https:\/\/api.w.org\/{rel}","templated":true}]}}