{"id":151548,"date":"2025-12-20T12:13:32","date_gmt":"2025-12-20T12:13:32","guid":{"rendered":"https:\/\/www.decolor.com\/?p=151548"},"modified":"2025-12-10T12:21:01","modified_gmt":"2025-12-10T12:21:01","slug":"fabricacion-de-pinturas-y-compromiso-sostenibilidad","status":"publish","type":"post","link":"https:\/\/www.decolor.com\/pl\/2025\/12\/20\/fabricacion-de-pinturas-y-compromiso-sostenibilidad\/","title":{"rendered":"DECOLOR i jego zaanga\u017cowanie w zr\u00f3wnowa\u017cony rozw\u00f3j: odpowiedzialna innowacja w produkcji farb"},"content":{"rendered":"<p>Bran\u017ca farb znacz\u0105co rozwin\u0119\u0142a si\u0119 w ostatnich dekadach. Dzi\u015b nie wystarczy ju\u017c oferowa\u0107 produkt\u00f3w o wysokiej wydajno\u015bci: konsumenci i dystrybutorzy poszukuj\u0105 marek odpowiedzialnych, innowacyjnych i zaanga\u017cowanych w ochron\u0119 \u015brodowiska. W tym kontek\u015bcie Decolor sta\u0142 si\u0119 punktem odniesienia w bran\u017cy. <strong><a href=\"https:\/\/www.decolor.com\/pl\/contacto\/\">produkcja farb<\/a><\/strong> zr\u00f3wnowa\u017cony i wysokiej jako\u015bci, integruj\u0105cy odpowiedzialne procesy i zaawansowan\u0105 technologi\u0119 na ka\u017cdym etapie produkcji.<\/p>\n\n\n\n<p>Jako hiszpa\u0144ski producent z wieloletnim do\u015bwiadczeniem, Decolor z powodzeniem dostosowa\u0142 si\u0119 do obecnych wymaga\u0144 rynku, koncentruj\u0105c si\u0119 na czystszych formu\u0142ach, zmniejszaj\u0105c wp\u0142yw na \u015brodowisko i wdra\u017caj\u0105c rygorystyczne kontrole jako\u015bci. To zaanga\u017cowanie w zr\u00f3wnowa\u017cony rozw\u00f3j nie tylko poprawia jako\u015b\u0107 produktu ko\u0144cowego, ale tak\u017ce przyczynia si\u0119 do bezpieczniejszej i bardziej przyjaznej dla \u015brodowiska przysz\u0142o\u015bci.<\/p>\n\n\n\n<hr class=\"wp-block-separator has-alpha-channel-opacity\"\/>\n\n\n\n<h3 class=\"wp-block-heading\">Innowacje w produkcji farb: serce Decolor<\/h3>\n\n\n\n<p>Produkcja farb to proces techniczny wymagaj\u0105cy precyzji, specjalistycznej wiedzy chemicznej i absolutnej kontroli jako\u015bci. Decolor opracowuje w\u0142asne receptury, wykorzystuj\u0105c pigmenty o wysokiej czysto\u015bci, zaawansowane \u017cywice i dodatki, kt\u00f3re optymalizuj\u0105 odporno\u015b\u0107, trwa\u0142o\u015b\u0107 i ostateczny wygl\u0105d.<\/p>\n\n\n\n<p>Innowacja jest obecna na ka\u017cdym etapie procesu:<\/p>\n\n\n\n<ul class=\"wp-block-list\">\n<li><strong>Odpowiedzialny dob\u00f3r surowc\u00f3w:<\/strong> Decolor wsp\u00f3\u0142pracuje z certyfikowanymi dostawcami i wybiera sk\u0142adniki o niskim wp\u0142ywie na \u015brodowisko, ograniczaj\u0105c emisj\u0119 spalin i ilo\u015b\u0107 odpad\u00f3w ju\u017c na pierwszym etapie.<\/li>\n\n\n\n<li><strong>Technologia mieszania i dyspersji:<\/strong> Zak\u0142ady produkcyjne wyposa\u017cone s\u0105 w najnowocze\u015bniejszy sprz\u0119t, kt\u00f3ry gwarantuje jednorodno\u015b\u0107, jednolity po\u0142ysk i stabilno\u015b\u0107 koloru nawet przy du\u017cych ilo\u015bciach.<\/li>\n\n\n\n<li><strong>Optymalizacja energetyczna:<\/strong> Cz\u0119\u015b\u0107 maszyn pracuje w oparciu o energooszcz\u0119dne systemy, kt\u00f3re redukuj\u0105 zu\u017cycie energii i przyczyniaj\u0105 si\u0119 do wi\u0119kszej zr\u00f3wnowa\u017cono\u015bci procesu produkcyjnego.<\/li>\n\n\n\n<li><strong>Cyfrowy monitoring proces\u00f3w:<\/strong> Czujniki, systemy \u015bledzenia i automatyczne sterowanie umo\u017cliwiaj\u0105 weryfikacj\u0119 w czasie rzeczywistym kluczowych parametr\u00f3w, takich jak lepko\u015b\u0107, pH i g\u0119sto\u015b\u0107, gwarantuj\u0105c, \u017ce ka\u017cda partia spe\u0142nia standardy Decolor.<\/li>\n<\/ul>\n\n\n\n<hr class=\"wp-block-separator has-alpha-channel-opacity\"\/>\n\n\n\n<h3 class=\"wp-block-heading\">Zaanga\u017cowanie w ochron\u0119 \u015brodowiska: poza produktem<\/h3>\n\n\n\n<p>Decolor postrzega zr\u00f3wnowa\u017cony rozw\u00f3j jako zasad\u0119 przekrojow\u0105. W zwi\u0105zku z tym wdro\u017cono szereg praktyk maj\u0105cych na celu minimalizacj\u0119 wp\u0142ywu na \u015brodowisko:<\/p>\n\n\n\n<ul class=\"wp-block-list\">\n<li>Redukcja lotnych zwi\u0105zk\u00f3w organicznych (LZO) w formu\u0142ach przyczynia si\u0119 do czystszego powietrza w domach i pomieszczeniach biurowych.<\/li>\n\n\n\n<li>Czyste i kontrolowane procesy, w kt\u00f3rych ka\u017cdy zas\u00f3b jest wykorzystywany w pe\u0142ni swojego potencja\u0142u.<\/li>\n\n\n\n<li>Minimalizacja odpad\u00f3w poprzez wewn\u0119trzne strategie recyklingu i efektywne projektowanie opakowa\u0144.<\/li>\n\n\n\n<li>Optymalizacja zu\u017cycia wody, wdra\u017canie system\u00f3w ograniczaj\u0105cych jej zu\u017cycie i poprawiaj\u0105cych jako\u015b\u0107 zrzutu.<\/li>\n<\/ul>\n\n\n\n<p>Wszystkie te elementy pozycjonuj\u0105 Decolor jako mark\u0119, kt\u00f3ra nie tylko produkuje farby wysokiej jako\u015bci, ale robi to \u015bwiadomie i z szacunkiem.<\/p>\n\n\n\n<hr class=\"wp-block-separator has-alpha-channel-opacity\"\/>\n\n\n\n<h3 class=\"wp-block-heading\">Certyfikat European Trust: oznakowanie ekologiczne UE \ud83c\udf31<\/h3>\n\n\n\n<p>Jednym z filar\u00f3w wzmacniaj\u0105cych wiarygodno\u015b\u0107 ekologiczn\u0105 firmy Decolor jest jej<a href=\"https:\/\/ec.europa.eu\/environment\/ecolabel\/documents\/paints.pdf\"> <strong>Odnowiony certyfikat Ecolabel UE<\/strong><\/a>To oficjalne oznaczenie Unii Europejskiej \u2014 znane r\u00f3wnie\u017c jako \u201eEko-Etykieta UE\u201d \u2014 stanowi najbardziej rygorystyczn\u0105 gwarancj\u0119 pod wzgl\u0119dem kryteri\u00f3w ekologicznych i zdrowotnych w ca\u0142ym cyklu \u017cycia produktu. <\/p>\n\n\n\n<p><strong>Co oznacza, \u017ce farba posiada oznakowanie ekologiczne UE?<\/strong><\/p>\n\n\n\n<ul class=\"wp-block-list\">\n<li>Przesz\u0142o ono rygorystyczn\u0105 kontrol\u0119 oceniaj\u0105c\u0105 ca\u0142o\u015bciowy wp\u0142yw na \u015brodowisko, od wydobycia surowc\u00f3w po ich ko\u0144cowe wykorzystanie i ewentualn\u0105 utylizacj\u0119.<\/li>\n\n\n\n<li>Spe\u0142nia rygorystyczne kryteria, takie jak niska emisja substancji toksycznych, wytrzyma\u0142o\u015b\u0107, trwa\u0142o\u015b\u0107, bezpiecze\u0144stwo wewn\u0105trz pomieszcze\u0144 i minimalizacja niebezpiecznych sk\u0142adnik\u00f3w. <\/li>\n\n\n\n<li>Produkt jest oceniany przez niezale\u017cn\u0105 jednostk\u0119, co gwarantuje, \u017ce certyfikat nie jest zwyk\u0142ym znakiem handlowym, ale rzeczywist\u0105 weryfikacj\u0105. <\/li>\n<\/ul>\n\n\n\n<p>Dla dystrybutor\u00f3w, profesjonalist\u00f3w lub u\u017cytkownik\u00f3w ko\u0144cowych, dla kt\u00f3rych priorytetem jest zdrowie, komfort i zr\u00f3wnowa\u017cony rozw\u00f3j \u015brodowiska, wyb\u00f3r farb z oznakowaniem ekologicznym UE oznacza <strong>wyra\u017ane odr\u00f3\u017cnienie od konkurencji<\/strong>W ten spos\u00f3b Decolor demonstruje swoje rzeczywiste zaanga\u017cowanie na rzecz ochrony \u015brodowiska, jako\u015bci powietrza w pomieszczeniach i spo\u0142ecznej odpowiedzialno\u015bci biznesu.<\/p>\n\n\n\n<hr class=\"wp-block-separator has-alpha-channel-opacity\"\/>\n\n\n\n<h3 class=\"wp-block-heading\">Kontrole jako\u015bci, kt\u00f3re robi\u0105 r\u00f3\u017cnic\u0119<\/h3>\n\n\n\n<p>Dla Decolor jako\u015b\u0107 to nie slogan: to mierzalna rzeczywisto\u015b\u0107. Ka\u017cda partia farby przechodzi szczeg\u00f3\u0142owe testy:<\/p>\n\n\n\n<ul class=\"wp-block-list\">\n<li>Badania przyczepno\u015bci.<\/li>\n\n\n\n<li>Analiza wytrzyma\u0142o\u015bci i trwa\u0142o\u015bci.<\/li>\n\n\n\n<li>Badania po\u0142ysku i krycia.<\/li>\n\n\n\n<li>Sprawdzanie wyschni\u0119cia.<\/li>\n\n\n\n<li>Kontrola stabilno\u015bci w zale\u017cno\u015bci od wilgotno\u015bci i temperatury.<\/li>\n<\/ul>\n\n\n\n<p>Dzi\u0119ki tak dog\u0142\u0119bnej kontroli jako\u015bci oraz certyfikatowi EU Ecolabel, firma Decolor oferuje produkty spe\u0142niaj\u0105ce najwy\u017csze standardy wydajno\u015bci, zr\u00f3wnowa\u017conego rozwoju i bezpiecze\u0144stwa.<\/p>\n\n\n\n<hr class=\"wp-block-separator has-alpha-channel-opacity\"\/>\n\n\n\n<h3 class=\"wp-block-heading\">Zr\u00f3wnowa\u017cony rozw\u00f3j i jako\u015b\u0107 dla dystrybutor\u00f3w i profesjonalist\u00f3w<\/h3>\n\n\n\n<p>Produkcja ekologicznych farb przynosi korzy\u015bci nie tylko konsumentowi ko\u0144cowemu, ale tak\u017ce oferuje strategiczn\u0105 warto\u015b\u0107 dystrybutorom i profesjonalistom. Obecnie wiele rynk\u00f3w \u2013 zw\u0142aszcza w Europie \u2013 domaga si\u0119 czystszych, bezpieczniejszych i bardziej przyjaznych dla \u015brodowiska produkt\u00f3w. Decolor spe\u0142nia te wymagania, pozwalaj\u0105c swoim dystrybutorom wyr\u00f3\u017cni\u0107 si\u0119 na tle konkurencji dzi\u0119ki certyfikowanym rozwi\u0105zaniom o sprawdzonej jako\u015bci.<\/p>\n\n\n\n<p>Ponadto zaanga\u017cowanie na rzecz zr\u00f3wnowa\u017conego rozwoju wzmacnia reputacj\u0119 marki i otwiera jej drzwi na rynkach mi\u0119dzynarodowych, zw\u0142aszcza w krajach o du\u017cej wra\u017cliwo\u015bci ekologicznej, gdzie obowi\u0105zuj\u0105 surowe przepisy dotycz\u0105ce ekologii i jako\u015bci.<\/p>\n\n\n\n<hr class=\"wp-block-separator has-alpha-channel-opacity\"\/>\n\n\n\n<h3 class=\"wp-block-heading\">Odpowiedzialna i konkurencyjna przysz\u0142o\u015b\u0107<\/h3>\n\n\n\n<p>Decolor nieustannie inwestuje w badania i rozw\u00f3j, aby tworzy\u0107 trwalsze formu\u0142y, bardziej odporne wyko\u0144czenia i coraz bardziej odpowiedzialne procesy. Od nowych pigment\u00f3w o niskim wp\u0142ywie na \u015brodowisko po bardziej zr\u00f3wnowa\u017cone opakowania, ka\u017cda innowacja ma na celu popraw\u0119 zar\u00f3wno do\u015bwiadcze\u0144 klient\u00f3w, jak i r\u00f3wnowagi ekologicznej.<\/p>\n\n\n\n<p>Certyfikat Ecolabel UE stanowi solidny fundament, na kt\u00f3rym mo\u017cna budowa\u0107 zr\u00f3wnowa\u017cony, konkurencyjny rozw\u00f3j zgodny z warto\u015bciami jako\u015bci, zaufania i odpowiedzialno\u015bci, kt\u00f3re definiuj\u0105 firm\u0119 Decolor.<\/p>\n\n\n\n<hr class=\"wp-block-separator has-alpha-channel-opacity\"\/>\n\n\n\n<p>Zaanga\u017cowanie Decolor w zr\u00f3wnowa\u017cony rozw\u00f3j w produkcji farb stanowi fundamentalny element to\u017csamo\u015bci korporacyjnej firmy. Firma nie tylko produkuje produkty o wysokiej wydajno\u015bci, ale robi to w spos\u00f3b odpowiedzialny, efektywny i z my\u015bl\u0105 o przysz\u0142o\u015bci. Dzi\u0119ki temu podej\u015bciu \u2013 i wsparciu presti\u017cowego unijnego certyfikatu Ecolabel \u2013 Decolor jest pozycjonowany jako wiarygodna, nowoczesna marka, dostosowana do potrzeb klient\u00f3w i dystrybutor\u00f3w w \u015bwiecie coraz bardziej \u015bwiadomym ekologicznie.<\/p>","protected":false},"excerpt":{"rendered":"<p>Bran\u017ca farb znacz\u0105co rozwin\u0119\u0142a si\u0119 w ostatnich dekadach. Dzi\u015b samo oferowanie produkt\u00f3w o wysokiej wydajno\u015bci ju\u017c nie wystarcza: konsumenci i dystrybutorzy poszukuj\u0105 marek odpowiedzialnych, innowacyjnych i zaanga\u017cowanych w ochron\u0119 \u015brodowiska. W tym kontek\u015bcie Decolor ugruntowa\u0142 swoj\u0105 pozycj\u0119 lidera w produkcji zr\u00f3wnowa\u017conych farb i\u2026 <a class=\"more-link\" href=\"https:\/\/www.decolor.com\/pl\/2025\/12\/20\/fabricacion-de-pinturas-y-compromiso-sostenibilidad\/\">czytaj dalej <span class=\"screen-reader-text\">DECOLOR i jego zaanga\u017cowanie w zr\u00f3wnowa\u017cony rozw\u00f3j: odpowiedzialna innowacja w produkcji farb<\/span><\/a><\/p>","protected":false},"author":34,"featured_media":151549,"comment_status":"open","ping_status":"open","sticky":false,"template":"","format":"standard","meta":{"_acf_changed":false,"footnotes":""},"categories":[1],"tags":[],"class_list":["post-151548","post","type-post","status-publish","format-standard","has-post-thumbnail","hentry","category-decolor","entry"],"acf":[],"yoast_head":"<!-- This site is optimized with the Yoast SEO plugin v23.4 - https:\/\/yoast.com\/wordpress\/plugins\/seo\/ -->\n<title>Fabricaci\u00f3n de pinturas y compromiso con la sostenibilidad<\/title>\n<meta name=\"description\" content=\"El compromiso de Decolor con la sostenibilidad en la fabricaci\u00f3n de pinturas es una parte fundamental de su identidad corporativa.\" \/>\n<meta name=\"robots\" content=\"index, follow, max-snippet:-1, max-image-preview:large, max-video-preview:-1\" \/>\n<link rel=\"canonical\" href=\"https:\/\/www.decolor.com\/pl\/2025\/12\/20\/fabricacion-de-pinturas-y-compromiso-sostenibilidad\/\" \/>\n<meta property=\"og:locale\" content=\"pl_PL\" \/>\n<meta property=\"og:type\" content=\"article\" \/>\n<meta property=\"og:title\" content=\"Fabricaci\u00f3n de pinturas y compromiso con la sostenibilidad\" \/>\n<meta property=\"og:description\" content=\"El compromiso de Decolor con la sostenibilidad en la fabricaci\u00f3n de pinturas es una parte fundamental de su identidad corporativa.\" \/>\n<meta property=\"og:url\" content=\"https:\/\/www.decolor.com\/pl\/2025\/12\/20\/fabricacion-de-pinturas-y-compromiso-sostenibilidad\/\" \/>\n<meta property=\"og:site_name\" content=\"Decolor\" \/>\n<meta property=\"article:published_time\" content=\"2025-12-20T12:13:32+00:00\" \/>\n<meta property=\"article:modified_time\" content=\"2025-12-10T12:21:01+00:00\" \/>\n<meta property=\"og:image\" content=\"https:\/\/www.decolor.com\/wp-content\/uploads\/2025\/12\/portada_blog-1.jpg\" \/>\n\t<meta property=\"og:image:width\" content=\"1920\" \/>\n\t<meta property=\"og:image:height\" content=\"1080\" \/>\n\t<meta property=\"og:image:type\" content=\"image\/jpeg\" \/>\n<meta name=\"author\" content=\"sergio.serrano\" \/>\n<meta name=\"twitter:card\" content=\"summary_large_image\" \/>\n<meta name=\"twitter:label1\" content=\"Napisane przez\" \/>\n\t<meta name=\"twitter:data1\" content=\"sergio.serrano\" \/>\n\t<meta name=\"twitter:label2\" content=\"Szacowany czas czytania\" \/>\n\t<meta name=\"twitter:data2\" content=\"5 minut\" \/>\n<script type=\"application\/ld+json\" class=\"yoast-schema-graph\">{\"@context\":\"https:\/\/schema.org\",\"@graph\":[{\"@type\":\"Article\",\"@id\":\"https:\/\/www.decolor.com\/en\/2025\/12\/20\/fabricacion-de-pinturas-y-compromiso-sostenibilidad\/#article\",\"isPartOf\":{\"@id\":\"https:\/\/www.decolor.com\/en\/2025\/12\/20\/fabricacion-de-pinturas-y-compromiso-sostenibilidad\/\"},\"author\":{\"name\":\"sergio.serrano\",\"@id\":\"https:\/\/www.decolor.com\/it\/#\/schema\/person\/ee129ba55a6e106302c09dd53688a553\"},\"headline\":\"DECOLOR y su compromiso con la sostenibilidad: innovaci\u00f3n responsable en la fabricaci\u00f3n de pinturas\",\"datePublished\":\"2025-12-20T12:13:32+00:00\",\"dateModified\":\"2025-12-10T12:21:01+00:00\",\"mainEntityOfPage\":{\"@id\":\"https:\/\/www.decolor.com\/en\/2025\/12\/20\/fabricacion-de-pinturas-y-compromiso-sostenibilidad\/\"},\"wordCount\":1026,\"commentCount\":0,\"publisher\":{\"@id\":\"https:\/\/www.decolor.com\/it\/#organization\"},\"image\":{\"@id\":\"https:\/\/www.decolor.com\/en\/2025\/12\/20\/fabricacion-de-pinturas-y-compromiso-sostenibilidad\/#primaryimage\"},\"thumbnailUrl\":\"https:\/\/www.decolor.com\/wp-content\/uploads\/2025\/12\/portada_blog-1.jpg\",\"articleSection\":[\"Decolor\"],\"inLanguage\":\"pl-PL\",\"potentialAction\":[{\"@type\":\"CommentAction\",\"name\":\"Comment\",\"target\":[\"https:\/\/www.decolor.com\/en\/2025\/12\/20\/fabricacion-de-pinturas-y-compromiso-sostenibilidad\/#respond\"]}]},{\"@type\":\"WebPage\",\"@id\":\"https:\/\/www.decolor.com\/en\/2025\/12\/20\/fabricacion-de-pinturas-y-compromiso-sostenibilidad\/\",\"url\":\"https:\/\/www.decolor.com\/en\/2025\/12\/20\/fabricacion-de-pinturas-y-compromiso-sostenibilidad\/\",\"name\":\"Fabricaci\u00f3n de pinturas y compromiso con la sostenibilidad\",\"isPartOf\":{\"@id\":\"https:\/\/www.decolor.com\/it\/#website\"},\"primaryImageOfPage\":{\"@id\":\"https:\/\/www.decolor.com\/en\/2025\/12\/20\/fabricacion-de-pinturas-y-compromiso-sostenibilidad\/#primaryimage\"},\"image\":{\"@id\":\"https:\/\/www.decolor.com\/en\/2025\/12\/20\/fabricacion-de-pinturas-y-compromiso-sostenibilidad\/#primaryimage\"},\"thumbnailUrl\":\"https:\/\/www.decolor.com\/wp-content\/uploads\/2025\/12\/portada_blog-1.jpg\",\"datePublished\":\"2025-12-20T12:13:32+00:00\",\"dateModified\":\"2025-12-10T12:21:01+00:00\",\"description\":\"El compromiso de Decolor con la sostenibilidad en la fabricaci\u00f3n de pinturas es una parte fundamental de su identidad corporativa.\",\"breadcrumb\":{\"@id\":\"https:\/\/www.decolor.com\/en\/2025\/12\/20\/fabricacion-de-pinturas-y-compromiso-sostenibilidad\/#breadcrumb\"},\"inLanguage\":\"pl-PL\",\"potentialAction\":[{\"@type\":\"ReadAction\",\"target\":[\"https:\/\/www.decolor.com\/en\/2025\/12\/20\/fabricacion-de-pinturas-y-compromiso-sostenibilidad\/\"]}]},{\"@type\":\"ImageObject\",\"inLanguage\":\"pl-PL\",\"@id\":\"https:\/\/www.decolor.com\/en\/2025\/12\/20\/fabricacion-de-pinturas-y-compromiso-sostenibilidad\/#primaryimage\",\"url\":\"https:\/\/www.decolor.com\/wp-content\/uploads\/2025\/12\/portada_blog-1.jpg\",\"contentUrl\":\"https:\/\/www.decolor.com\/wp-content\/uploads\/2025\/12\/portada_blog-1.jpg\",\"width\":1920,\"height\":1080,\"caption\":\"DECOLOR y su compromiso con la sostenibilidad: innovaci\u00f3n responsable en la fabricaci\u00f3n de pinturas\"},{\"@type\":\"BreadcrumbList\",\"@id\":\"https:\/\/www.decolor.com\/en\/2025\/12\/20\/fabricacion-de-pinturas-y-compromiso-sostenibilidad\/#breadcrumb\",\"itemListElement\":[{\"@type\":\"ListItem\",\"position\":1,\"name\":\"Home\",\"item\":\"https:\/\/www.decolor.com\/\"},{\"@type\":\"ListItem\",\"position\":2,\"name\":\"DECOLOR y su compromiso con la sostenibilidad: innovaci\u00f3n responsable en la fabricaci\u00f3n de pinturas\"}]},{\"@type\":\"WebSite\",\"@id\":\"https:\/\/www.decolor.com\/it\/#website\",\"url\":\"https:\/\/www.decolor.com\/it\/\",\"name\":\"Decolor\",\"description\":\"Web Decolor\",\"publisher\":{\"@id\":\"https:\/\/www.decolor.com\/it\/#organization\"},\"potentialAction\":[{\"@type\":\"SearchAction\",\"target\":{\"@type\":\"EntryPoint\",\"urlTemplate\":\"https:\/\/www.decolor.com\/it\/?s={search_term_string}\"},\"query-input\":{\"@type\":\"PropertyValueSpecification\",\"valueRequired\":true,\"valueName\":\"search_term_string\"}}],\"inLanguage\":\"pl-PL\"},{\"@type\":\"Organization\",\"@id\":\"https:\/\/www.decolor.com\/it\/#organization\",\"name\":\"Decolor\",\"url\":\"https:\/\/www.decolor.com\/it\/\",\"logo\":{\"@type\":\"ImageObject\",\"inLanguage\":\"pl-PL\",\"@id\":\"https:\/\/www.decolor.com\/it\/#\/schema\/logo\/image\/\",\"url\":\"https:\/\/www.decolor.com\/wp-content\/uploads\/2021\/02\/marca_principal_pinturas_decolor_color.png\",\"contentUrl\":\"https:\/\/www.decolor.com\/wp-content\/uploads\/2021\/02\/marca_principal_pinturas_decolor_color.png\",\"width\":1588,\"height\":421,\"caption\":\"Decolor\"},\"image\":{\"@id\":\"https:\/\/www.decolor.com\/it\/#\/schema\/logo\/image\/\"}},{\"@type\":\"Person\",\"@id\":\"https:\/\/www.decolor.com\/it\/#\/schema\/person\/ee129ba55a6e106302c09dd53688a553\",\"name\":\"sergio.serrano\",\"image\":{\"@type\":\"ImageObject\",\"inLanguage\":\"pl-PL\",\"@id\":\"https:\/\/www.decolor.com\/it\/#\/schema\/person\/image\/\",\"url\":\"https:\/\/secure.gravatar.com\/avatar\/420fb836392f59d23baa29c11ed43193?s=96&d=mm&r=g\",\"contentUrl\":\"https:\/\/secure.gravatar.com\/avatar\/420fb836392f59d23baa29c11ed43193?s=96&d=mm&r=g\",\"caption\":\"sergio.serrano\"},\"url\":\"https:\/\/www.decolor.com\/pl\/author\/sergio-serrano\/\"}]}<\/script>\n<!-- \/ Yoast SEO plugin. -->","yoast_head_json":{"title":"Fabricaci\u00f3n de pinturas y compromiso con la sostenibilidad","description":"El compromiso de Decolor con la sostenibilidad en la fabricaci\u00f3n de pinturas es una parte fundamental de su identidad corporativa.","robots":{"index":"index","follow":"follow","max-snippet":"max-snippet:-1","max-image-preview":"max-image-preview:large","max-video-preview":"max-video-preview:-1"},"canonical":"https:\/\/www.decolor.com\/pl\/2025\/12\/20\/fabricacion-de-pinturas-y-compromiso-sostenibilidad\/","og_locale":"pl_PL","og_type":"article","og_title":"Fabricaci\u00f3n de pinturas y compromiso con la sostenibilidad","og_description":"El compromiso de Decolor con la sostenibilidad en la fabricaci\u00f3n de pinturas es una parte fundamental de su identidad corporativa.","og_url":"https:\/\/www.decolor.com\/pl\/2025\/12\/20\/fabricacion-de-pinturas-y-compromiso-sostenibilidad\/","og_site_name":"Decolor","article_published_time":"2025-12-20T12:13:32+00:00","article_modified_time":"2025-12-10T12:21:01+00:00","og_image":[{"width":1920,"height":1080,"url":"https:\/\/www.decolor.com\/wp-content\/uploads\/2025\/12\/portada_blog-1.jpg","type":"image\/jpeg"}],"author":"sergio.serrano","twitter_card":"summary_large_image","twitter_misc":{"Napisane przez":"sergio.serrano","Szacowany czas czytania":"5 minut"},"schema":{"@context":"https:\/\/schema.org","@graph":[{"@type":"Article","@id":"https:\/\/www.decolor.com\/en\/2025\/12\/20\/fabricacion-de-pinturas-y-compromiso-sostenibilidad\/#article","isPartOf":{"@id":"https:\/\/www.decolor.com\/en\/2025\/12\/20\/fabricacion-de-pinturas-y-compromiso-sostenibilidad\/"},"author":{"name":"sergio.serrano","@id":"https:\/\/www.decolor.com\/it\/#\/schema\/person\/ee129ba55a6e106302c09dd53688a553"},"headline":"DECOLOR y su compromiso con la sostenibilidad: innovaci\u00f3n responsable en la fabricaci\u00f3n de pinturas","datePublished":"2025-12-20T12:13:32+00:00","dateModified":"2025-12-10T12:21:01+00:00","mainEntityOfPage":{"@id":"https:\/\/www.decolor.com\/en\/2025\/12\/20\/fabricacion-de-pinturas-y-compromiso-sostenibilidad\/"},"wordCount":1026,"commentCount":0,"publisher":{"@id":"https:\/\/www.decolor.com\/it\/#organization"},"image":{"@id":"https:\/\/www.decolor.com\/en\/2025\/12\/20\/fabricacion-de-pinturas-y-compromiso-sostenibilidad\/#primaryimage"},"thumbnailUrl":"https:\/\/www.decolor.com\/wp-content\/uploads\/2025\/12\/portada_blog-1.jpg","articleSection":["Decolor"],"inLanguage":"pl-PL","potentialAction":[{"@type":"CommentAction","name":"Comment","target":["https:\/\/www.decolor.com\/en\/2025\/12\/20\/fabricacion-de-pinturas-y-compromiso-sostenibilidad\/#respond"]}]},{"@type":"WebPage","@id":"https:\/\/www.decolor.com\/en\/2025\/12\/20\/fabricacion-de-pinturas-y-compromiso-sostenibilidad\/","url":"https:\/\/www.decolor.com\/en\/2025\/12\/20\/fabricacion-de-pinturas-y-compromiso-sostenibilidad\/","name":"Fabricaci\u00f3n de pinturas y compromiso con la sostenibilidad","isPartOf":{"@id":"https:\/\/www.decolor.com\/it\/#website"},"primaryImageOfPage":{"@id":"https:\/\/www.decolor.com\/en\/2025\/12\/20\/fabricacion-de-pinturas-y-compromiso-sostenibilidad\/#primaryimage"},"image":{"@id":"https:\/\/www.decolor.com\/en\/2025\/12\/20\/fabricacion-de-pinturas-y-compromiso-sostenibilidad\/#primaryimage"},"thumbnailUrl":"https:\/\/www.decolor.com\/wp-content\/uploads\/2025\/12\/portada_blog-1.jpg","datePublished":"2025-12-20T12:13:32+00:00","dateModified":"2025-12-10T12:21:01+00:00","description":"El compromiso de Decolor con la sostenibilidad en la fabricaci\u00f3n de pinturas es una parte fundamental de su identidad corporativa.","breadcrumb":{"@id":"https:\/\/www.decolor.com\/en\/2025\/12\/20\/fabricacion-de-pinturas-y-compromiso-sostenibilidad\/#breadcrumb"},"inLanguage":"pl-PL","potentialAction":[{"@type":"ReadAction","target":["https:\/\/www.decolor.com\/en\/2025\/12\/20\/fabricacion-de-pinturas-y-compromiso-sostenibilidad\/"]}]},{"@type":"ImageObject","inLanguage":"pl-PL","@id":"https:\/\/www.decolor.com\/en\/2025\/12\/20\/fabricacion-de-pinturas-y-compromiso-sostenibilidad\/#primaryimage","url":"https:\/\/www.decolor.com\/wp-content\/uploads\/2025\/12\/portada_blog-1.jpg","contentUrl":"https:\/\/www.decolor.com\/wp-content\/uploads\/2025\/12\/portada_blog-1.jpg","width":1920,"height":1080,"caption":"DECOLOR y su compromiso con la sostenibilidad: innovaci\u00f3n responsable en la fabricaci\u00f3n de pinturas"},{"@type":"BreadcrumbList","@id":"https:\/\/www.decolor.com\/en\/2025\/12\/20\/fabricacion-de-pinturas-y-compromiso-sostenibilidad\/#breadcrumb","itemListElement":[{"@type":"ListItem","position":1,"name":"Home","item":"https:\/\/www.decolor.com\/"},{"@type":"ListItem","position":2,"name":"DECOLOR y su compromiso con la sostenibilidad: innovaci\u00f3n responsable en la fabricaci\u00f3n de pinturas"}]},{"@type":"WebSite","@id":"https:\/\/www.decolor.com\/it\/#website","url":"https:\/\/www.decolor.com\/it\/","name":"Kolor","description":"Odbarwianie sieci","publisher":{"@id":"https:\/\/www.decolor.com\/it\/#organization"},"potentialAction":[{"@type":"SearchAction","target":{"@type":"EntryPoint","urlTemplate":"https:\/\/www.decolor.com\/it\/?s={search_term_string}"},"query-input":{"@type":"PropertyValueSpecification","valueRequired":true,"valueName":"search_term_string"}}],"inLanguage":"pl-PL"},{"@type":"Organization","@id":"https:\/\/www.decolor.com\/it\/#organization","name":"Kolor","url":"https:\/\/www.decolor.com\/it\/","logo":{"@type":"ImageObject","inLanguage":"pl-PL","@id":"https:\/\/www.decolor.com\/it\/#\/schema\/logo\/image\/","url":"https:\/\/www.decolor.com\/wp-content\/uploads\/2021\/02\/marca_principal_pinturas_decolor_color.png","contentUrl":"https:\/\/www.decolor.com\/wp-content\/uploads\/2021\/02\/marca_principal_pinturas_decolor_color.png","width":1588,"height":421,"caption":"Decolor"},"image":{"@id":"https:\/\/www.decolor.com\/it\/#\/schema\/logo\/image\/"}},{"@type":"Person","@id":"https:\/\/www.decolor.com\/it\/#\/schema\/person\/ee129ba55a6e106302c09dd53688a553","name":"sergio.serrano","image":{"@type":"ImageObject","inLanguage":"pl-PL","@id":"https:\/\/www.decolor.com\/it\/#\/schema\/person\/image\/","url":"https:\/\/secure.gravatar.com\/avatar\/420fb836392f59d23baa29c11ed43193?s=96&d=mm&r=g","contentUrl":"https:\/\/secure.gravatar.com\/avatar\/420fb836392f59d23baa29c11ed43193?s=96&d=mm&r=g","caption":"sergio.serrano"},"url":"https:\/\/www.decolor.com\/pl\/author\/sergio-serrano\/"}]}},"_links":{"self":[{"href":"https:\/\/www.decolor.com\/pl\/wp-json\/wp\/v2\/posts\/151548"}],"collection":[{"href":"https:\/\/www.decolor.com\/pl\/wp-json\/wp\/v2\/posts"}],"about":[{"href":"https:\/\/www.decolor.com\/pl\/wp-json\/wp\/v2\/types\/post"}],"author":[{"embeddable":true,"href":"https:\/\/www.decolor.com\/pl\/wp-json\/wp\/v2\/users\/34"}],"replies":[{"embeddable":true,"href":"https:\/\/www.decolor.com\/pl\/wp-json\/wp\/v2\/comments?post=151548"}],"version-history":[{"count":1,"href":"https:\/\/www.decolor.com\/pl\/wp-json\/wp\/v2\/posts\/151548\/revisions"}],"predecessor-version":[{"id":151550,"href":"https:\/\/www.decolor.com\/pl\/wp-json\/wp\/v2\/posts\/151548\/revisions\/151550"}],"wp:featuredmedia":[{"embeddable":true,"href":"https:\/\/www.decolor.com\/pl\/wp-json\/wp\/v2\/media\/151549"}],"wp:attachment":[{"href":"https:\/\/www.decolor.com\/pl\/wp-json\/wp\/v2\/media?parent=151548"}],"wp:term":[{"taxonomy":"category","embeddable":true,"href":"https:\/\/www.decolor.com\/pl\/wp-json\/wp\/v2\/categories?post=151548"},{"taxonomy":"post_tag","embeddable":true,"href":"https:\/\/www.decolor.com\/pl\/wp-json\/wp\/v2\/tags?post=151548"}],"curies":[{"name":"wp","href":"https:\/\/api.w.org\/{rel}","templated":true}]}}