{"id":148363,"date":"2024-07-01T08:32:39","date_gmt":"2024-07-01T08:32:39","guid":{"rendered":"https:\/\/www.decolor.com\/?p=148363"},"modified":"2024-07-02T06:16:23","modified_gmt":"2024-07-02T06:16:23","slug":"nueva-imagen-corporativa-en-pinturas-decolor-para-celebrar-el-40-aniversario","status":"publish","type":"post","link":"https:\/\/www.decolor.com\/pt\/2024\/07\/01\/nueva-imagen-corporativa-en-pinturas-decolor-para-celebrar-el-40-aniversario\/","title":{"rendered":"Nova imagem corporativa na Pinturas DECOLOR para comemorar 40 anos de inova\u00e7\u00e3o e compromisso"},"content":{"rendered":"<p>Na Pinturas DECOLOR temos o orgulho de comemorar nosso 40\u00ba anivers\u00e1rio, um momento especial que marca quatro d\u00e9cadas de dedica\u00e7\u00e3o, inova\u00e7\u00e3o, paix\u00e3o e compromisso com nossos clientes.<\/p>\n\n\n\n<div style=\"height:20px\" aria-hidden=\"true\" class=\"wp-block-spacer\"><\/div>\n\n\n\n<p>Uma hist\u00f3ria de 40 anos que na Pinturas DECOLOR queremos comemorar com uma mudan\u00e7a de imagem corporativa que reflita a nossa evolu\u00e7\u00e3o, um novo design visual do nosso logotipo que capta a ess\u00eancia do que somos hoje, uma empresa moderna, din\u00e2mica e em constante evolu\u00e7\u00e3o, comprometida com excel\u00eancia, sustentabilidade e atendimento ao cliente.<\/p>\n\n\n\n<div style=\"height:20px\" aria-hidden=\"true\" class=\"wp-block-spacer\"><\/div>\n\n\n\n<h3 class=\"wp-block-heading\"><strong>A nova imagem corporativa da Pinturas DECOLOR \u00e9 um reflexo da nossa hist\u00f3ria, dos nossos valores e da nossa vis\u00e3o para o futuro.<\/strong><\/h3>\n\n\n\n<div style=\"height:20px\" aria-hidden=\"true\" class=\"wp-block-spacer\"><\/div>\n\n\n\n<p>Desde a nossa funda\u00e7\u00e3o em 1984, na Pinturas DECOLOR estabelecemos os alicerces da nossa trajet\u00f3ria e responsabilidade com excel\u00eancia em cada detalhe e temos orgulho de possuir certifica\u00e7\u00f5es que respaldam o nosso trabalho e que s\u00e3o mais que um reconhecimento aos nossos produtos, reflexo do nosso compromisso com qualidade e sustentabilidade.<\/p>\n\n\n\n<div style=\"height:20px\" aria-hidden=\"true\" class=\"wp-block-spacer\"><\/div>\n\n\n\n<p>Em nossos prim\u00f3rdios a fabrica\u00e7\u00e3o se reduzia a tintas b\u00e1sicas em instala\u00e7\u00f5es simples. Atualmente, Pinturas DECOLOR conta com uma ampla e moderna f\u00e1brica, equipada com a mais alta tecnologia e efici\u00eancia operacional, o que facilita o crescimento da empresa e aumenta significativamente nossa capacidade produtiva e. cria\u00e7\u00e3o de uma extensa gama de produtos e solu\u00e7\u00f5es, bem como a abertura de lojas pr\u00f3prias e a expans\u00e3o da nossa rede de distribui\u00e7\u00e3o, tanto a n\u00edvel nacional como internacional, mantendo-nos sempre fi\u00e9is aos mesmos valores corporativos.<\/p>\n\n\n\n<p><\/p>\n\n\n\n<div style=\"height:25px\" aria-hidden=\"true\" class=\"wp-block-spacer\"><\/div>\n\n\n\n<h2 class=\"wp-block-heading has-large-font-size\" style=\"font-style:normal;font-weight:700;text-transform:uppercase\"><strong>Evolu\u00e7\u00e3o da identidade corporativa da Pinturas DECOLOR<\/strong><\/h2>\n\n\n\n<div style=\"height:20px\" aria-hidden=\"true\" class=\"wp-block-spacer\"><\/div>\n\n\n\n<p>No \u00e2mbito da celebra\u00e7\u00e3o do nosso 40\u00ba anivers\u00e1rio, na Pinturas DECOLOR temos o prazer de anunciar uma mudan\u00e7a significativa na nossa imagem corporativa, renov\u00e1mos o nosso log\u00f3tipo!<\/p>\n\n\n\n<div style=\"height:20px\" aria-hidden=\"true\" class=\"wp-block-spacer\"><\/div>\n\n\n\n<p>A mudan\u00e7a do log\u00f3tipo n\u00e3o \u00e9 apenas uma quest\u00e3o est\u00e9tica, mas representa uma evolu\u00e7\u00e3o na nossa identidade corporativa, para continuarmos a crescer e a adaptar-nos aos nossos clientes e ao mercado, embora esta decis\u00e3o n\u00e3o signifique um afastamento dos nossos valores fundamentais da empresa, uma vez que o Compromisso com a nossa os clientes e a inova\u00e7\u00e3o continuam a ser a base da nossa filosofia e dos pilares que nos permitiram crescer nestes 40 anos.<\/p>\n\n\n\n<div style=\"height:20px\" aria-hidden=\"true\" class=\"wp-block-spacer\"><\/div>\n\n\n\n<p><strong>O novo log\u00f3tipo mant\u00e9m a tipografia que h\u00e1 d\u00e9cadas distingue a nossa marca, conferindo-lhe a personalidade da cor laranja que simboliza a nossa energia e paix\u00e3o, e da cor cinza que representa o nosso profissionalismo, confian\u00e7a e solidez, <\/strong>ambas as cores como base do nosso design.<\/p>\n\n\n\n<div style=\"height:20px\" aria-hidden=\"true\" class=\"wp-block-spacer\"><\/div>\n\n\n\n<p><strong>As cores laranja e cinza t\u00eam um significado especial para n\u00f3s, com elas procuramos transmitir uma mensagem especial que combina evolu\u00e7\u00e3o com mudan\u00e7a<\/strong>, sendo cores que marcam o caminho para um futuro repleto de novas possibilidades e oportunidades para continuar inovando no mundo da pintura.<\/p>\n\n\n\n<div style=\"height:20px\" aria-hidden=\"true\" class=\"wp-block-spacer\"><\/div>\n\n\n\n<figure class=\"wp-block-image size-full\"><img fetchpriority=\"high\" decoding=\"async\" width=\"900\" height=\"225\" src=\"https:\/\/www.decolor.com\/wp-content\/uploads\/2024\/07\/Cambio-de-logo-y-despedia-de-pintor-DECOLOR-1.png\" alt=\"\" class=\"wp-image-148384\" srcset=\"https:\/\/www.decolor.com\/wp-content\/uploads\/2024\/07\/Cambio-de-logo-y-despedia-de-pintor-DECOLOR-1.png 900w, https:\/\/www.decolor.com\/wp-content\/uploads\/2024\/07\/Cambio-de-logo-y-despedia-de-pintor-DECOLOR-1-300x75.png 300w, https:\/\/www.decolor.com\/wp-content\/uploads\/2024\/07\/Cambio-de-logo-y-despedia-de-pintor-DECOLOR-1-768x192.png 768w, https:\/\/www.decolor.com\/wp-content\/uploads\/2024\/07\/Cambio-de-logo-y-despedia-de-pintor-DECOLOR-1-18x5.png 18w\" sizes=\"(max-width: 900px) 100vw, 900px\" \/><\/figure>\n\n\n\n<h2 class=\"wp-block-heading has-large-font-size\" style=\"font-style:normal;font-weight:700;text-transform:uppercase\"><strong>O legado do nosso pintor<\/strong><\/h2>\n\n\n\n<div style=\"height:20px\" aria-hidden=\"true\" class=\"wp-block-spacer\"><\/div>\n\n\n\n<p><strong>Nesta nova etapa decidimos aposentar o is\u00f3tipo ic\u00f3nico do pintor que nos acompanha h\u00e1 tantos anos, desenvolvendo a sua fun\u00e7\u00e3o.<\/strong> Esta mudan\u00e7a \u00e9 reflexo da nossa transforma\u00e7\u00e3o e crescimento, e embora nos despedimos com nostalgia do nosso emblem\u00e1tico e querido pintor, acreditamos que \u00e9 um passo necess\u00e1rio para modernizar a nossa imagem e alinh\u00e1-la com a nossa vis\u00e3o de futuro.<\/p>\n\n\n\n<div style=\"height:20px\" aria-hidden=\"true\" class=\"wp-block-spacer\"><\/div>\n\n\n\n<p>O car\u00e1cter representativo do pintor personificou a nossa dedica\u00e7\u00e3o, empenho e evolu\u00e7\u00e3o no sector da pintura, dando agora lugar a uma nova identidade corporativa que reflecte uma vis\u00e3o mais moderna e actual, em sintonia com os desafios e oportunidades do presente e do futuro.<\/p>\n\n\n\n<div style=\"height:20px\" aria-hidden=\"true\" class=\"wp-block-spacer\"><\/div>\n\n\n\n<p><strong>O novo logotipo da Pinturas DECOLOR destaca o is\u00f3tipo de um D tridimensional que inclui a forma de uma casa encapsulada<\/strong>. Este design n\u00e3o \u00e9 apenas moderno e din\u00e2mico, mas tamb\u00e9m simboliza a nossa dedica\u00e7\u00e3o e trabalho com os clientes e os seus diferentes projetos, refletindo a nossa ampla capacidade de oferecer produtos e solu\u00e7\u00f5es de pintura global vers\u00e1teis e de alta qualidade. A inclus\u00e3o da casa no logotipo evidencia o nosso compromisso com a melhoria dos espa\u00e7os, tanto residenciais, comerciais, industriais e institucionais, adaptando-nos \u00e0s necessidades espec\u00edficas de cada superf\u00edcie e projeto.<\/p>\n\n\n\n<div style=\"height:20px\" aria-hidden=\"true\" class=\"wp-block-spacer\"><\/div>\n\n\n\n<p>Com este novo s\u00edmbolo de um D tridimensional em forma de casa encapsulada, refor\u00e7amos a nossa identidade e sublinhamos o nosso compromisso com a qualidade, a sustentabilidade e a satisfa\u00e7\u00e3o do cliente, olhando para o futuro.<\/p>\n\n\n\n<figure class=\"wp-block-image size-full\"><img decoding=\"async\" width=\"900\" height=\"225\" src=\"https:\/\/www.decolor.com\/wp-content\/uploads\/2024\/07\/Cambio-de-logo-y-despedia-de-pintor-DECOLOR.png\" alt=\"\" class=\"wp-image-148382\" srcset=\"https:\/\/www.decolor.com\/wp-content\/uploads\/2024\/07\/Cambio-de-logo-y-despedia-de-pintor-DECOLOR.png 900w, https:\/\/www.decolor.com\/wp-content\/uploads\/2024\/07\/Cambio-de-logo-y-despedia-de-pintor-DECOLOR-300x75.png 300w, https:\/\/www.decolor.com\/wp-content\/uploads\/2024\/07\/Cambio-de-logo-y-despedia-de-pintor-DECOLOR-768x192.png 768w, https:\/\/www.decolor.com\/wp-content\/uploads\/2024\/07\/Cambio-de-logo-y-despedia-de-pintor-DECOLOR-18x5.png 18w\" sizes=\"(max-width: 900px) 100vw, 900px\" \/><\/figure>\n\n\n\n<div style=\"height:20px\" aria-hidden=\"true\" class=\"wp-block-spacer\"><\/div>\n\n\n\n<h2 class=\"wp-block-heading has-large-font-size\" style=\"font-style:normal;font-weight:700;text-transform:uppercase\"><strong>Liderando mudan\u00e7as, contribuindo com nossos valores<\/strong><\/h2>\n\n\n\n<div style=\"height:20px\" aria-hidden=\"true\" class=\"wp-block-spacer\"><\/div>\n\n\n\n<p>Desde o in\u00edcio, na Pinturas DECOLOR mantivemos uma firme voca\u00e7\u00e3o de atendimento ao cliente e sempre fi\u00e9is aos nossos valores corporativos:<\/p>\n\n\n\n<div style=\"height:20px\" aria-hidden=\"true\" class=\"wp-block-spacer\"><\/div>\n\n\n\n<ul class=\"wp-block-list\">\n<li><strong>FEITO NA ESPANHA:<\/strong> Todas as nossas refer\u00eancias s\u00e3o fabricadas na nossa Sede em La Roda (Albacete), onde produzimos uma vasta gama de produtos, garantindo a excel\u00eancia em cada etapa do processo de fabrico e desenvolvendo uma distribui\u00e7\u00e3o eficiente e eficaz aos nossos clientes em todo o mundo.<\/li>\n<\/ul>\n\n\n\n<div style=\"height:7px\" aria-hidden=\"true\" class=\"wp-block-spacer\"><\/div>\n\n\n\n<ul class=\"wp-block-list\">\n<li><strong>FLEXIBILIDADE: <\/strong>Adaptamo-nos ao cliente e oferecemos solu\u00e7\u00f5es r\u00e1pidas e \u00e0 medida, gra\u00e7as \u00e0 nossa capacidade de produ\u00e7\u00e3o.<\/li>\n<\/ul>\n\n\n\n<div style=\"height:7px\" aria-hidden=\"true\" class=\"wp-block-spacer\"><\/div>\n\n\n\n<ul class=\"wp-block-list\">\n<li><strong>LOG\u00cdSTICA:<\/strong> Dispomos de frota pr\u00f3pria de viaturas, de forma a garantir uma entrega r\u00e1pida e personalizada aos nossos clientes.<\/li>\n<\/ul>\n\n\n\n<div style=\"height:7px\" aria-hidden=\"true\" class=\"wp-block-spacer\"><\/div>\n\n\n\n<ul class=\"wp-block-list\">\n<li><strong>INOVA\u00c7\u00c3O:<\/strong> Estamos constantemente em busca de novas t\u00e9cnicas e mat\u00e9rias-primas para aprimorar e oferecer solu\u00e7\u00f5es inovadoras de pintura aos nossos clientes.<\/li>\n<\/ul>\n\n\n\n<div style=\"height:7px\" aria-hidden=\"true\" class=\"wp-block-spacer\"><\/div>\n\n\n\n<ul class=\"wp-block-list\">\n<li><strong>COMPROMISSO AMBIENTAL<\/strong>: Nossos processos e produtos respeitam o meio ambiente, com pr\u00e1ticas sustent\u00e1veis que minimizam o impacto ambiental.<\/li>\n<\/ul>\n\n\n\n<div style=\"height:7px\" aria-hidden=\"true\" class=\"wp-block-spacer\"><\/div>\n\n\n\n<ul class=\"wp-block-list\">\n<li><strong>PROFISSIONALISMO:<\/strong> Excelente equipa de profissionais que prestam servi\u00e7o e aconselhamento a clientes, a n\u00edvel nacional e internacional.<\/li>\n<\/ul>\n\n\n\n<div style=\"height:7px\" aria-hidden=\"true\" class=\"wp-block-spacer\"><\/div>\n\n\n\n<ul class=\"wp-block-list\">\n<li><strong>QUALIDADE:<\/strong> Nossa experi\u00eancia atesta a melhoria cont\u00ednua em nossos produtos, processos e servi\u00e7os.<\/li>\n<\/ul>\n\n\n\n<div style=\"height:7px\" aria-hidden=\"true\" class=\"wp-block-spacer\"><\/div>\n\n\n\n<ul class=\"wp-block-list\">\n<li><strong>RESPONSABILIDADE:<\/strong> Agimos com integridade e responsabilidade em todas as nossas a\u00e7\u00f5es, cumprindo os mais elevados padr\u00f5es \u00e9ticos e legais<\/li>\n<\/ul>\n\n\n\n<div style=\"height:24px\" aria-hidden=\"true\" class=\"wp-block-spacer\"><\/div>\n\n\n\n<p>A evolu\u00e7\u00e3o das Pinturas DECOLOR foi poss\u00edvel gra\u00e7as a&nbsp;<strong>tr\u00eas grandes pilares<\/strong>.<\/p>\n\n\n\n<div style=\"height:7px\" aria-hidden=\"true\" class=\"wp-block-spacer\"><\/div>\n\n\n\n<p><\/p>\n\n\n\n<ul class=\"wp-block-list\">\n<li><strong>AS PESSOAS que fazem parte da nossa empresa,<\/strong> porque na Pinturas DECOLOR acreditamos firmemente que o nosso capital humano \u00e9 a nossa maior for\u00e7a, e o seu cuidado e desenvolvimento em equipa, promovendo sempre um ambiente de trabalho colaborativo, t\u00eam sido essenciais para o nosso crescimento. Valorizamos o talento e o trabalho de cada membro da nossa equipe e reconhecemos sua contribui\u00e7\u00e3o para o sucesso da empresa.<\/li>\n<\/ul>\n\n\n\n<div style=\"height:20px\" aria-hidden=\"true\" class=\"wp-block-spacer\"><\/div>\n\n\n\n<ol class=\"wp-block-list\"><\/ol>\n\n\n\n<p><\/p>\n\n\n\n<ul class=\"wp-block-list\">\n<li><strong>QUALIDADE, INOVA\u00c7\u00c3O E SUSTENTABILIDADE <\/strong>que<strong>, <\/strong>Desde a nossa cria\u00e7\u00e3o, o Departamento T\u00e9cnico tem trabalhado para oferecer aos nossos clientes solu\u00e7\u00f5es de pintura de alto valor, op\u00e7\u00f5es vers\u00e1teis e competitivas que n\u00e3o apenas atendam aos padr\u00f5es de qualidade, mas tamb\u00e9m promovam a sustentabilidade.<\/li>\n<\/ul>\n\n\n\n<div style=\"height:20px\" aria-hidden=\"true\" class=\"wp-block-spacer\"><\/div>\n\n\n\n<ol class=\"wp-block-list\"><\/ol>\n\n\n\n<p><\/p>\n\n\n\n<ul class=\"wp-block-list\">\n<li><strong>ADAPTA\u00c7\u00c3O \u00c0S NECESSIDADES DO CLIENTE<\/strong>, porque o cliente est\u00e1 sempre no centro de tudo o que fazemos e o nosso objetivo \u00e9 oferecer-lhe o melhor servi\u00e7o, adaptando-nos \u00e0s necessidades espec\u00edficas e vari\u00e1veis dos nossos clientes, contribuindo para o sucesso dos seus projetos, esta filosofia permitiu-nos construir relacionamentos duradouros e de confian\u00e7a mantidos ao longo do tempo.<\/li>\n<\/ul>\n\n\n\n<div style=\"height:20px\" aria-hidden=\"true\" class=\"wp-block-spacer\"><\/div>\n\n\n\n<ol class=\"wp-block-list\"><\/ol>\n\n\n\n<p><\/p>\n\n\n\n<div style=\"height:20px\" aria-hidden=\"true\" class=\"wp-block-spacer\"><\/div>\n\n\n\n<h2 class=\"wp-block-heading has-large-font-size\" style=\"font-style:normal;font-weight:700;text-transform:uppercase\"><strong>Mantemos a nossa ess\u00eancia, olhando para o futuro<\/strong><\/h2>\n\n\n\n<div style=\"height:20px\" aria-hidden=\"true\" class=\"wp-block-spacer\"><\/div>\n\n\n\n<p><strong>Comemorar 40 anos n\u00e3o \u00e9 apenas uma oportunidade de olhar para tr\u00e1s e valorizar tudo o que conquist\u00e1mos, mas tamb\u00e9m de olhar para o futuro com entusiasmo e firmeza, <\/strong>trabalhando com a mesma paix\u00e3o e dedica\u00e7\u00e3o que nos caracteriza.<\/p>\n\n\n\n<div style=\"height:20px\" aria-hidden=\"true\" class=\"wp-block-spacer\"><\/div>\n\n\n\n<p><strong>Temos orgulho de caminhar para o futuro com uma imagem renovada,<\/strong> Mudamos para avan\u00e7ar e melhorar, mas nossa miss\u00e3o de oferecer o que h\u00e1 de melhor em solu\u00e7\u00f5es de pintura continua a mesma, assim como fazemos desde 1984.<\/p>\n\n\n\n<div style=\"height:20px\" aria-hidden=\"true\" class=\"wp-block-spacer\"><\/div>\n\n\n\n<p><strong>O processo de redesenho do logotipo foi cuidadoso e criterioso, garantindo a manuten\u00e7\u00e3o da ess\u00eancia que torna a Pinturas DECOLOR \u00fanica. <\/strong>O novo log\u00f3tipo \u00e9 mais limpo e moderno, mas mant\u00e9m os elementos visuais que os nossos clientes associam \u00e0 confian\u00e7a e qualidade, garantindo que a nossa identidade visual \u00e9 reconhec\u00edvel e continua a transmitir os valores fundamentais da nossa marca. Acreditamos que esta mudan\u00e7a n\u00e3o s\u00f3 nos prepara para os desafios do futuro, mas tamb\u00e9m respeita e honra o legado do nosso ic\u00f3nico pintor.<\/p>\n\n\n\n<div style=\"height:20px\" aria-hidden=\"true\" class=\"wp-block-spacer\"><\/div>\n\n\n\n<p>Queremos agradecer a todos aqueles que fizeram parte do nosso percurso, colaboradores, clientes, fornecedores, colaboradores e parceiros de neg\u00f3cio, cada um dos quais desempenhou um papel crucial na nossa hist\u00f3ria de sucesso, pelo apoio incondicional ao longo destas quatro d\u00e9cadas, por isso convidamos voc\u00ea fa\u00e7a parte dessa mudan\u00e7a e, juntos, continuemos escrevendo a hist\u00f3ria da Pinturas DECOLOR.<\/p>\n\n\n\n<div style=\"height:20px\" aria-hidden=\"true\" class=\"wp-block-spacer\"><\/div>\n\n\n\n<p><strong>Obrigado por fazer parte da nossa hist\u00f3ria, na Pinturas DECOLOR estamos prontos para os pr\u00f3ximos 40 anos com a mesma paix\u00e3o e dedica\u00e7\u00e3o. Bem-vindo \u00e0 nova era da Pinturas DECOLOR!<\/strong><\/p>\n\n\n\n<div style=\"height:20px\" aria-hidden=\"true\" class=\"wp-block-spacer\"><\/div>","protected":false},"excerpt":{"rendered":"<p>Na Pinturas DECOLOR temos o orgulho de comemorar nosso 40\u00ba anivers\u00e1rio, um momento especial que marca quatro d\u00e9cadas de dedica\u00e7\u00e3o, inova\u00e7\u00e3o, paix\u00e3o e compromisso com nossos clientes. Uma trajet\u00f3ria de 40 anos que na Pinturas DECOLOR queremos comemorar com uma mudan\u00e7a de imagem corporativa que reflita a nossa evolu\u00e7\u00e3o, um novo design visual do nosso logotipo que capta\u2026 <a class=\"more-link\" href=\"https:\/\/www.decolor.com\/pt\/2024\/07\/01\/nueva-imagen-corporativa-en-pinturas-decolor-para-celebrar-el-40-aniversario\/\">continuar a ler <span class=\"screen-reader-text\">Nova imagem corporativa na Pinturas DECOLOR para comemorar 40 anos de inova\u00e7\u00e3o e compromisso<\/span><\/a><\/p>","protected":false},"author":1,"featured_media":148365,"comment_status":"open","ping_status":"open","sticky":false,"template":"","format":"standard","meta":{"_acf_changed":false,"footnotes":""},"categories":[1],"tags":[],"class_list":["post-148363","post","type-post","status-publish","format-standard","has-post-thumbnail","hentry","category-decolor","entry"],"acf":[],"yoast_head":"<!-- This site is optimized with the Yoast SEO plugin v23.4 - https:\/\/yoast.com\/wordpress\/plugins\/seo\/ -->\n<title>Pinturas DECOLOR celebramos 40 a\u00f1os de innovaci\u00f3n<\/title>\n<meta name=\"description\" content=\"Celebramos 40 a\u00f1os de innovaci\u00f3n y compromiso en Pinturas DECOLOR con un nuevo logo que simboliza nuestro crecimiento y visi\u00f3n.\" \/>\n<meta name=\"robots\" content=\"index, follow, max-snippet:-1, max-image-preview:large, max-video-preview:-1\" \/>\n<link rel=\"canonical\" href=\"https:\/\/www.decolor.com\/pt\/2024\/07\/01\/nueva-imagen-corporativa-en-pinturas-decolor-para-celebrar-el-40-aniversario\/\" \/>\n<meta property=\"og:locale\" content=\"pt_PT\" \/>\n<meta property=\"og:type\" content=\"article\" \/>\n<meta property=\"og:title\" content=\"Pinturas DECOLOR celebramos 40 a\u00f1os de innovaci\u00f3n\" \/>\n<meta property=\"og:description\" content=\"Celebramos 40 a\u00f1os de innovaci\u00f3n y compromiso en Pinturas DECOLOR con un nuevo logo que simboliza nuestro crecimiento y visi\u00f3n.\" \/>\n<meta property=\"og:url\" content=\"https:\/\/www.decolor.com\/pt\/2024\/07\/01\/nueva-imagen-corporativa-en-pinturas-decolor-para-celebrar-el-40-aniversario\/\" \/>\n<meta property=\"og:site_name\" content=\"Decolor\" \/>\n<meta property=\"article:published_time\" content=\"2024-07-01T08:32:39+00:00\" \/>\n<meta property=\"article:modified_time\" content=\"2024-07-02T06:16:23+00:00\" \/>\n<meta property=\"og:image\" content=\"https:\/\/www.decolor.com\/wp-content\/uploads\/2024\/07\/Nuevo-logo-PINTURAS-DECOLOR-en-su-40-Aniversario.png\" \/>\n\t<meta property=\"og:image:width\" content=\"920\" \/>\n\t<meta property=\"og:image:height\" content=\"600\" \/>\n\t<meta property=\"og:image:type\" content=\"image\/png\" \/>\n<meta name=\"author\" content=\"admin\" \/>\n<meta name=\"twitter:card\" content=\"summary_large_image\" \/>\n<meta name=\"twitter:image\" content=\"https:\/\/www.decolor.com\/wp-content\/uploads\/2024\/07\/Nuevo-logo-PINTURAS-DECOLOR-en-su-40-Aniversario.png\" \/>\n<meta name=\"twitter:label1\" content=\"Escrito por\" \/>\n\t<meta name=\"twitter:data1\" content=\"admin\" \/>\n\t<meta name=\"twitter:label2\" content=\"Tempo estimado de leitura\" \/>\n\t<meta name=\"twitter:data2\" content=\"7 minutos\" \/>\n<script type=\"application\/ld+json\" class=\"yoast-schema-graph\">{\"@context\":\"https:\/\/schema.org\",\"@graph\":[{\"@type\":\"Article\",\"@id\":\"https:\/\/www.decolor.com\/en\/2024\/07\/01\/nueva-imagen-corporativa-en-pinturas-decolor-para-celebrar-el-40-aniversario\/#article\",\"isPartOf\":{\"@id\":\"https:\/\/www.decolor.com\/en\/2024\/07\/01\/nueva-imagen-corporativa-en-pinturas-decolor-para-celebrar-el-40-aniversario\/\"},\"author\":{\"name\":\"admin\",\"@id\":\"https:\/\/www.decolor.com\/it\/#\/schema\/person\/97caf6fe02baef67513e86a4f3dc9c90\"},\"headline\":\"Nueva imagen corporativa en Pinturas DECOLOR para celebrar 40 a\u00f1os de innovaci\u00f3n y compromiso\",\"datePublished\":\"2024-07-01T08:32:39+00:00\",\"dateModified\":\"2024-07-02T06:16:23+00:00\",\"mainEntityOfPage\":{\"@id\":\"https:\/\/www.decolor.com\/en\/2024\/07\/01\/nueva-imagen-corporativa-en-pinturas-decolor-para-celebrar-el-40-aniversario\/\"},\"wordCount\":1446,\"commentCount\":0,\"publisher\":{\"@id\":\"https:\/\/www.decolor.com\/it\/#organization\"},\"image\":{\"@id\":\"https:\/\/www.decolor.com\/en\/2024\/07\/01\/nueva-imagen-corporativa-en-pinturas-decolor-para-celebrar-el-40-aniversario\/#primaryimage\"},\"thumbnailUrl\":\"https:\/\/www.decolor.com\/wp-content\/uploads\/2024\/07\/Nuevo-logo-PINTURAS-DECOLOR-en-su-40-Aniversario.png\",\"articleSection\":[\"Decolor\"],\"inLanguage\":\"pt-PT\",\"potentialAction\":[{\"@type\":\"CommentAction\",\"name\":\"Comment\",\"target\":[\"https:\/\/www.decolor.com\/en\/2024\/07\/01\/nueva-imagen-corporativa-en-pinturas-decolor-para-celebrar-el-40-aniversario\/#respond\"]}]},{\"@type\":\"WebPage\",\"@id\":\"https:\/\/www.decolor.com\/en\/2024\/07\/01\/nueva-imagen-corporativa-en-pinturas-decolor-para-celebrar-el-40-aniversario\/\",\"url\":\"https:\/\/www.decolor.com\/en\/2024\/07\/01\/nueva-imagen-corporativa-en-pinturas-decolor-para-celebrar-el-40-aniversario\/\",\"name\":\"Pinturas DECOLOR celebramos 40 a\u00f1os de innovaci\u00f3n\",\"isPartOf\":{\"@id\":\"https:\/\/www.decolor.com\/it\/#website\"},\"primaryImageOfPage\":{\"@id\":\"https:\/\/www.decolor.com\/en\/2024\/07\/01\/nueva-imagen-corporativa-en-pinturas-decolor-para-celebrar-el-40-aniversario\/#primaryimage\"},\"image\":{\"@id\":\"https:\/\/www.decolor.com\/en\/2024\/07\/01\/nueva-imagen-corporativa-en-pinturas-decolor-para-celebrar-el-40-aniversario\/#primaryimage\"},\"thumbnailUrl\":\"https:\/\/www.decolor.com\/wp-content\/uploads\/2024\/07\/Nuevo-logo-PINTURAS-DECOLOR-en-su-40-Aniversario.png\",\"datePublished\":\"2024-07-01T08:32:39+00:00\",\"dateModified\":\"2024-07-02T06:16:23+00:00\",\"description\":\"Celebramos 40 a\u00f1os de innovaci\u00f3n y compromiso en Pinturas DECOLOR con un nuevo logo que simboliza nuestro crecimiento y visi\u00f3n.\",\"breadcrumb\":{\"@id\":\"https:\/\/www.decolor.com\/en\/2024\/07\/01\/nueva-imagen-corporativa-en-pinturas-decolor-para-celebrar-el-40-aniversario\/#breadcrumb\"},\"inLanguage\":\"pt-PT\",\"potentialAction\":[{\"@type\":\"ReadAction\",\"target\":[\"https:\/\/www.decolor.com\/en\/2024\/07\/01\/nueva-imagen-corporativa-en-pinturas-decolor-para-celebrar-el-40-aniversario\/\"]}]},{\"@type\":\"ImageObject\",\"inLanguage\":\"pt-PT\",\"@id\":\"https:\/\/www.decolor.com\/en\/2024\/07\/01\/nueva-imagen-corporativa-en-pinturas-decolor-para-celebrar-el-40-aniversario\/#primaryimage\",\"url\":\"https:\/\/www.decolor.com\/wp-content\/uploads\/2024\/07\/Nuevo-logo-PINTURAS-DECOLOR-en-su-40-Aniversario.png\",\"contentUrl\":\"https:\/\/www.decolor.com\/wp-content\/uploads\/2024\/07\/Nuevo-logo-PINTURAS-DECOLOR-en-su-40-Aniversario.png\",\"width\":920,\"height\":600,\"caption\":\"Nuevo logo de Pinturas DECOLOR en ocasi\u00f3n de su 40 aniversario\"},{\"@type\":\"BreadcrumbList\",\"@id\":\"https:\/\/www.decolor.com\/en\/2024\/07\/01\/nueva-imagen-corporativa-en-pinturas-decolor-para-celebrar-el-40-aniversario\/#breadcrumb\",\"itemListElement\":[{\"@type\":\"ListItem\",\"position\":1,\"name\":\"Home\",\"item\":\"https:\/\/www.decolor.com\/\"},{\"@type\":\"ListItem\",\"position\":2,\"name\":\"Nueva imagen corporativa en Pinturas DECOLOR para celebrar 40 a\u00f1os de innovaci\u00f3n y compromiso\"}]},{\"@type\":\"WebSite\",\"@id\":\"https:\/\/www.decolor.com\/it\/#website\",\"url\":\"https:\/\/www.decolor.com\/it\/\",\"name\":\"Decolor\",\"description\":\"Web Decolor\",\"publisher\":{\"@id\":\"https:\/\/www.decolor.com\/it\/#organization\"},\"potentialAction\":[{\"@type\":\"SearchAction\",\"target\":{\"@type\":\"EntryPoint\",\"urlTemplate\":\"https:\/\/www.decolor.com\/it\/?s={search_term_string}\"},\"query-input\":{\"@type\":\"PropertyValueSpecification\",\"valueRequired\":true,\"valueName\":\"search_term_string\"}}],\"inLanguage\":\"pt-PT\"},{\"@type\":\"Organization\",\"@id\":\"https:\/\/www.decolor.com\/it\/#organization\",\"name\":\"Decolor\",\"url\":\"https:\/\/www.decolor.com\/it\/\",\"logo\":{\"@type\":\"ImageObject\",\"inLanguage\":\"pt-PT\",\"@id\":\"https:\/\/www.decolor.com\/it\/#\/schema\/logo\/image\/\",\"url\":\"https:\/\/www.decolor.com\/wp-content\/uploads\/2021\/02\/marca_principal_pinturas_decolor_color.png\",\"contentUrl\":\"https:\/\/www.decolor.com\/wp-content\/uploads\/2021\/02\/marca_principal_pinturas_decolor_color.png\",\"width\":1588,\"height\":421,\"caption\":\"Decolor\"},\"image\":{\"@id\":\"https:\/\/www.decolor.com\/it\/#\/schema\/logo\/image\/\"}},{\"@type\":\"Person\",\"@id\":\"https:\/\/www.decolor.com\/it\/#\/schema\/person\/97caf6fe02baef67513e86a4f3dc9c90\",\"name\":\"admin\",\"image\":{\"@type\":\"ImageObject\",\"inLanguage\":\"pt-PT\",\"@id\":\"https:\/\/www.decolor.com\/it\/#\/schema\/person\/image\/\",\"url\":\"https:\/\/secure.gravatar.com\/avatar\/abe407930cb2e3e5c2930411ee6911c6?s=96&d=mm&r=g\",\"contentUrl\":\"https:\/\/secure.gravatar.com\/avatar\/abe407930cb2e3e5c2930411ee6911c6?s=96&d=mm&r=g\",\"caption\":\"admin\"},\"url\":\"https:\/\/www.decolor.com\/pt\/author\/admin\/\"}]}<\/script>\n<!-- \/ Yoast SEO plugin. -->","yoast_head_json":{"title":"Pinturas DECOLOR celebramos 40 a\u00f1os de innovaci\u00f3n","description":"Celebramos 40 a\u00f1os de innovaci\u00f3n y compromiso en Pinturas DECOLOR con un nuevo logo que simboliza nuestro crecimiento y visi\u00f3n.","robots":{"index":"index","follow":"follow","max-snippet":"max-snippet:-1","max-image-preview":"max-image-preview:large","max-video-preview":"max-video-preview:-1"},"canonical":"https:\/\/www.decolor.com\/pt\/2024\/07\/01\/nueva-imagen-corporativa-en-pinturas-decolor-para-celebrar-el-40-aniversario\/","og_locale":"pt_PT","og_type":"article","og_title":"Pinturas DECOLOR celebramos 40 a\u00f1os de innovaci\u00f3n","og_description":"Celebramos 40 a\u00f1os de innovaci\u00f3n y compromiso en Pinturas DECOLOR con un nuevo logo que simboliza nuestro crecimiento y visi\u00f3n.","og_url":"https:\/\/www.decolor.com\/pt\/2024\/07\/01\/nueva-imagen-corporativa-en-pinturas-decolor-para-celebrar-el-40-aniversario\/","og_site_name":"Decolor","article_published_time":"2024-07-01T08:32:39+00:00","article_modified_time":"2024-07-02T06:16:23+00:00","og_image":[{"width":920,"height":600,"url":"https:\/\/www.decolor.com\/wp-content\/uploads\/2024\/07\/Nuevo-logo-PINTURAS-DECOLOR-en-su-40-Aniversario.png","type":"image\/png"}],"author":"admin","twitter_card":"summary_large_image","twitter_image":"https:\/\/www.decolor.com\/wp-content\/uploads\/2024\/07\/Nuevo-logo-PINTURAS-DECOLOR-en-su-40-Aniversario.png","twitter_misc":{"Escrito por":"admin","Tempo estimado de leitura":"7 minutos"},"schema":{"@context":"https:\/\/schema.org","@graph":[{"@type":"Article","@id":"https:\/\/www.decolor.com\/en\/2024\/07\/01\/nueva-imagen-corporativa-en-pinturas-decolor-para-celebrar-el-40-aniversario\/#article","isPartOf":{"@id":"https:\/\/www.decolor.com\/en\/2024\/07\/01\/nueva-imagen-corporativa-en-pinturas-decolor-para-celebrar-el-40-aniversario\/"},"author":{"name":"admin","@id":"https:\/\/www.decolor.com\/it\/#\/schema\/person\/97caf6fe02baef67513e86a4f3dc9c90"},"headline":"Nueva imagen corporativa en Pinturas DECOLOR para celebrar 40 a\u00f1os de innovaci\u00f3n y compromiso","datePublished":"2024-07-01T08:32:39+00:00","dateModified":"2024-07-02T06:16:23+00:00","mainEntityOfPage":{"@id":"https:\/\/www.decolor.com\/en\/2024\/07\/01\/nueva-imagen-corporativa-en-pinturas-decolor-para-celebrar-el-40-aniversario\/"},"wordCount":1446,"commentCount":0,"publisher":{"@id":"https:\/\/www.decolor.com\/it\/#organization"},"image":{"@id":"https:\/\/www.decolor.com\/en\/2024\/07\/01\/nueva-imagen-corporativa-en-pinturas-decolor-para-celebrar-el-40-aniversario\/#primaryimage"},"thumbnailUrl":"https:\/\/www.decolor.com\/wp-content\/uploads\/2024\/07\/Nuevo-logo-PINTURAS-DECOLOR-en-su-40-Aniversario.png","articleSection":["Decolor"],"inLanguage":"pt-PT","potentialAction":[{"@type":"CommentAction","name":"Comment","target":["https:\/\/www.decolor.com\/en\/2024\/07\/01\/nueva-imagen-corporativa-en-pinturas-decolor-para-celebrar-el-40-aniversario\/#respond"]}]},{"@type":"WebPage","@id":"https:\/\/www.decolor.com\/en\/2024\/07\/01\/nueva-imagen-corporativa-en-pinturas-decolor-para-celebrar-el-40-aniversario\/","url":"https:\/\/www.decolor.com\/en\/2024\/07\/01\/nueva-imagen-corporativa-en-pinturas-decolor-para-celebrar-el-40-aniversario\/","name":"Pinturas DECOLOR celebramos 40 a\u00f1os de innovaci\u00f3n","isPartOf":{"@id":"https:\/\/www.decolor.com\/it\/#website"},"primaryImageOfPage":{"@id":"https:\/\/www.decolor.com\/en\/2024\/07\/01\/nueva-imagen-corporativa-en-pinturas-decolor-para-celebrar-el-40-aniversario\/#primaryimage"},"image":{"@id":"https:\/\/www.decolor.com\/en\/2024\/07\/01\/nueva-imagen-corporativa-en-pinturas-decolor-para-celebrar-el-40-aniversario\/#primaryimage"},"thumbnailUrl":"https:\/\/www.decolor.com\/wp-content\/uploads\/2024\/07\/Nuevo-logo-PINTURAS-DECOLOR-en-su-40-Aniversario.png","datePublished":"2024-07-01T08:32:39+00:00","dateModified":"2024-07-02T06:16:23+00:00","description":"Celebramos 40 a\u00f1os de innovaci\u00f3n y compromiso en Pinturas DECOLOR con un nuevo logo que simboliza nuestro crecimiento y visi\u00f3n.","breadcrumb":{"@id":"https:\/\/www.decolor.com\/en\/2024\/07\/01\/nueva-imagen-corporativa-en-pinturas-decolor-para-celebrar-el-40-aniversario\/#breadcrumb"},"inLanguage":"pt-PT","potentialAction":[{"@type":"ReadAction","target":["https:\/\/www.decolor.com\/en\/2024\/07\/01\/nueva-imagen-corporativa-en-pinturas-decolor-para-celebrar-el-40-aniversario\/"]}]},{"@type":"ImageObject","inLanguage":"pt-PT","@id":"https:\/\/www.decolor.com\/en\/2024\/07\/01\/nueva-imagen-corporativa-en-pinturas-decolor-para-celebrar-el-40-aniversario\/#primaryimage","url":"https:\/\/www.decolor.com\/wp-content\/uploads\/2024\/07\/Nuevo-logo-PINTURAS-DECOLOR-en-su-40-Aniversario.png","contentUrl":"https:\/\/www.decolor.com\/wp-content\/uploads\/2024\/07\/Nuevo-logo-PINTURAS-DECOLOR-en-su-40-Aniversario.png","width":920,"height":600,"caption":"Nuevo logo de Pinturas DECOLOR en ocasi\u00f3n de su 40 aniversario"},{"@type":"BreadcrumbList","@id":"https:\/\/www.decolor.com\/en\/2024\/07\/01\/nueva-imagen-corporativa-en-pinturas-decolor-para-celebrar-el-40-aniversario\/#breadcrumb","itemListElement":[{"@type":"ListItem","position":1,"name":"Home","item":"https:\/\/www.decolor.com\/"},{"@type":"ListItem","position":2,"name":"Nueva imagen corporativa en Pinturas DECOLOR para celebrar 40 a\u00f1os de innovaci\u00f3n y compromiso"}]},{"@type":"WebSite","@id":"https:\/\/www.decolor.com\/it\/#website","url":"https:\/\/www.decolor.com\/it\/","name":"De cor","description":"Web Decolor","publisher":{"@id":"https:\/\/www.decolor.com\/it\/#organization"},"potentialAction":[{"@type":"SearchAction","target":{"@type":"EntryPoint","urlTemplate":"https:\/\/www.decolor.com\/it\/?s={search_term_string}"},"query-input":{"@type":"PropertyValueSpecification","valueRequired":true,"valueName":"search_term_string"}}],"inLanguage":"pt-PT"},{"@type":"Organization","@id":"https:\/\/www.decolor.com\/it\/#organization","name":"De cor","url":"https:\/\/www.decolor.com\/it\/","logo":{"@type":"ImageObject","inLanguage":"pt-PT","@id":"https:\/\/www.decolor.com\/it\/#\/schema\/logo\/image\/","url":"https:\/\/www.decolor.com\/wp-content\/uploads\/2021\/02\/marca_principal_pinturas_decolor_color.png","contentUrl":"https:\/\/www.decolor.com\/wp-content\/uploads\/2021\/02\/marca_principal_pinturas_decolor_color.png","width":1588,"height":421,"caption":"Decolor"},"image":{"@id":"https:\/\/www.decolor.com\/it\/#\/schema\/logo\/image\/"}},{"@type":"Person","@id":"https:\/\/www.decolor.com\/it\/#\/schema\/person\/97caf6fe02baef67513e86a4f3dc9c90","name":"administrador","image":{"@type":"ImageObject","inLanguage":"pt-PT","@id":"https:\/\/www.decolor.com\/it\/#\/schema\/person\/image\/","url":"https:\/\/secure.gravatar.com\/avatar\/abe407930cb2e3e5c2930411ee6911c6?s=96&d=mm&r=g","contentUrl":"https:\/\/secure.gravatar.com\/avatar\/abe407930cb2e3e5c2930411ee6911c6?s=96&d=mm&r=g","caption":"admin"},"url":"https:\/\/www.decolor.com\/pt\/author\/admin\/"}]}},"_links":{"self":[{"href":"https:\/\/www.decolor.com\/pt\/wp-json\/wp\/v2\/posts\/148363"}],"collection":[{"href":"https:\/\/www.decolor.com\/pt\/wp-json\/wp\/v2\/posts"}],"about":[{"href":"https:\/\/www.decolor.com\/pt\/wp-json\/wp\/v2\/types\/post"}],"author":[{"embeddable":true,"href":"https:\/\/www.decolor.com\/pt\/wp-json\/wp\/v2\/users\/1"}],"replies":[{"embeddable":true,"href":"https:\/\/www.decolor.com\/pt\/wp-json\/wp\/v2\/comments?post=148363"}],"version-history":[{"count":15,"href":"https:\/\/www.decolor.com\/pt\/wp-json\/wp\/v2\/posts\/148363\/revisions"}],"predecessor-version":[{"id":148403,"href":"https:\/\/www.decolor.com\/pt\/wp-json\/wp\/v2\/posts\/148363\/revisions\/148403"}],"wp:featuredmedia":[{"embeddable":true,"href":"https:\/\/www.decolor.com\/pt\/wp-json\/wp\/v2\/media\/148365"}],"wp:attachment":[{"href":"https:\/\/www.decolor.com\/pt\/wp-json\/wp\/v2\/media?parent=148363"}],"wp:term":[{"taxonomy":"category","embeddable":true,"href":"https:\/\/www.decolor.com\/pt\/wp-json\/wp\/v2\/categories?post=148363"},{"taxonomy":"post_tag","embeddable":true,"href":"https:\/\/www.decolor.com\/pt\/wp-json\/wp\/v2\/tags?post=148363"}],"curies":[{"name":"wp","href":"https:\/\/api.w.org\/{rel}","templated":true}]}}