{"id":151336,"date":"2025-10-23T13:40:35","date_gmt":"2025-10-23T13:40:35","guid":{"rendered":"https:\/\/www.decolor.com\/?p=151336"},"modified":"2025-09-04T14:10:43","modified_gmt":"2025-09-04T14:10:43","slug":"fabrica-de-pinturas-ecologicas-como-decolor-lidera-el-cambio-hacia-un-futuro-mas-sostenible","status":"publish","type":"post","link":"https:\/\/www.decolor.com\/pt\/2025\/10\/23\/fabrica-de-pinturas-ecologicas-como-decolor-lidera-el-cambio-hacia-un-futuro-mas-sostenible\/","title":{"rendered":"F\u00e1brica de tintas ecol\u00f3gica: como a DECOLOR est\u00e1 liderando a jornada em dire\u00e7\u00e3o a um futuro mais sustent\u00e1vel"},"content":{"rendered":"<p>Em um mundo onde a sustentabilidade se tornou uma prioridade, a ind\u00fastria de tintas tamb\u00e9m est\u00e1 se reinventando. Hoje, mais do que nunca, os consumidores buscam produtos ecologicamente corretos, sem abrir m\u00e3o do desempenho e da durabilidade. Nesse contexto, o conceito de <strong>f\u00e1brica de tintas ecol\u00f3gicas<\/strong>, e a DECOLOR posiciona-se como uma das marcas l\u00edderes em Espanha nesta transforma\u00e7\u00e3o.<\/p>\n\n\n\n<h3 class=\"wp-block-heading\">O que \u00e9 uma tinta ecol\u00f3gica?<\/h3>\n\n\n\n<p>Tintas ecol\u00f3gicas s\u00e3o aquelas que foram formuladas com:<\/p>\n\n\n\n<ul class=\"wp-block-list\">\n<li><strong>Baixo ou nenhum teor de compostos org\u00e2nicos vol\u00e1teis (COV)<\/strong>.<\/li>\n\n\n\n<li>Ingredientes \u00e0 base de \u00e1gua e sem solventes t\u00f3xicos.<\/li>\n\n\n\n<li>Processos de fabrica\u00e7\u00e3o que reduzem a pegada de carbono.<\/li>\n\n\n\n<li>Embalagens recicl\u00e1veis ou embalagens produzidas com materiais reciclados.<\/li>\n<\/ul>\n\n\n\n<p>O objetivo \u00e9 oferecer produtos que respeitem tanto a sa\u00fade humana quanto o meio ambiente.<\/p>\n\n\n\n<h3 class=\"wp-block-heading\">O compromisso da DECOLOR com o meio ambiente<\/h3>\n\n\n\n<p>A DECOLOR n\u00e3o s\u00f3 fabrica tintas, como tamb\u00e9m integra a sustentabilidade em toda a sua cadeia produtiva:<\/p>\n\n\n\n<ul class=\"wp-block-list\">\n<li>Certifica\u00e7\u00e3o ISO 14001 em gest\u00e3o ambiental.<\/li>\n\n\n\n<li>Plantas com sistemas de reciclagem de \u00e1gua e controle de emiss\u00f5es.<\/li>\n\n\n\n<li>Desenvolvimento de f\u00f3rmulas livres de chumbo, metais pesados e subst\u00e2ncias perigosas.<\/li>\n\n\n\n<li>Inova\u00e7\u00e3o em revestimentos que permitem maior durabilidade e menor manuten\u00e7\u00e3o.<\/li>\n<\/ul>\n\n\n\n<p>Esses fatores permitem que a DECOLOR atue como uma verdadeira <strong>f\u00e1brica de tintas ecol\u00f3gicas<\/strong> sem comprometer a qualidade ou o acabamento de seus produtos.<\/p>\n\n\n\n<h3 class=\"wp-block-heading\">Gama ecol\u00f3gica em destaque<\/h3>\n\n\n\n<p>No cat\u00e1logo DECOLOR voc\u00ea encontra uma ampla gama de solu\u00e7\u00f5es sustent\u00e1veis:<\/p>\n\n\n\n<ul class=\"wp-block-list\">\n<li><strong>Tintas pl\u00e1sticas \u00e0 base de \u00e1gua<\/strong> como <em>Mate D-800<\/em> qualquer <em>Ekus<\/em>, ideal para interiores sem odores.<\/li>\n\n\n\n<li><strong>Esmaltes \u00e0 base de \u00e1gua para madeira e metal<\/strong>, mais limpo e f\u00e1cil de aplicar.<\/li>\n\n\n\n<li><strong>Impermeabiliza\u00e7\u00e3o \u00e0 base de \u00e1gua<\/strong>, como <em>Deco-Elast Aqua<\/em>, seguro e eficaz.<\/li>\n\n\n\n<li><strong>Corantes e corantes \u00e0 base de \u00e1gua<\/strong>, sem solventes agressivos.<\/li>\n\n\n\n<li><strong>Vernizes e tintas ecol\u00f3gicas<\/strong> que protegem a madeira respeitando sua apar\u00eancia natural.<\/li>\n<\/ul>\n\n\n\n<p>Todos esses produtos s\u00e3o projetados para atender aos mais exigentes padr\u00f5es europeus.<\/p>\n\n\n\n<h3 class=\"wp-block-heading\">Vantagens do uso de tintas ecol\u00f3gicas<\/h3>\n\n\n\n<p>Al\u00e9m do impacto positivo no meio ambiente, as tintas ecol\u00f3gicas:<\/p>\n\n\n\n<ul class=\"wp-block-list\">\n<li>Eles reduzem o risco de alergias ou envenenamento.<\/li>\n\n\n\n<li>Eles permitem uma ventila\u00e7\u00e3o mais r\u00e1pida dos espa\u00e7os pintados.<\/li>\n\n\n\n<li>Eles s\u00e3o mais seguros para crian\u00e7as, animais de estima\u00e7\u00e3o e pessoas sens\u00edveis.<\/li>\n\n\n\n<li>Eles contribuem para melhorar a qualidade do ar interno.<\/li>\n\n\n\n<li>Eles est\u00e3o em conformidade com os regulamentos LEED e outros selos de constru\u00e7\u00e3o sustent\u00e1vel.<\/li>\n<\/ul>\n\n\n\n<h3 class=\"wp-block-heading\">O futuro do setor<\/h3>\n\n\n\n<p>Cada vez mais arquitetos, designers e construtoras exigem produtos ecologicamente corretos para seus projetos. F\u00e1bricas que n\u00e3o se adaptarem a essa demanda ser\u00e3o exclu\u00eddas do mercado. A DECOLOR demonstra que \u00e9 poss\u00edvel produzir de forma sustent\u00e1vel sem abrir m\u00e3o da inova\u00e7\u00e3o ou dos resultados.<\/p>\n\n\n\n<p>\ud83d\udc49 Descubra todas as solu\u00e7\u00f5es ecol\u00f3gicas da DECOLOR em <a href=\"https:\/\/www.decolor.com\/pt\/?utm_source=chatgpt.com\">www.decolor.com<\/a><\/p>\n\n\n\n<figure class=\"wp-block-embed is-type-video is-provider-youtube wp-block-embed-youtube wp-embed-aspect-16-9 wp-has-aspect-ratio\"><div class=\"wp-block-embed__wrapper\">\n<iframe title=\"Pr\u00eamio de Empresa Investidora em Qualidade e Meio Ambiente: PINTURAS DECOLOR, SL\" width=\"750\" height=\"422\" src=\"https:\/\/www.youtube.com\/embed\/jYyVrPvw4gE?feature=oembed\" frameborder=\"0\" allow=\"accelerometer; autoplay; clipboard-write; encrypted-media; gyroscope; picture-in-picture; web-share\" referrerpolicy=\"strict-origin-when-cross-origin\" allowfullscreen><\/iframe>\n<\/div><\/figure>","protected":false},"excerpt":{"rendered":"<p>Num mundo onde a sustentabilidade se tornou prioridade, a ind\u00fastria de tintas tamb\u00e9m se reinventa. Hoje, mais do que nunca, os consumidores procuram produtos ecol\u00f3gicos sem sacrificar o desempenho e a durabilidade. Neste contexto, surge o conceito de f\u00e1brica de tintas ecol\u00f3gicas, e a DECOLOR posiciona-se como\u2026 <a class=\"more-link\" href=\"https:\/\/www.decolor.com\/pt\/2025\/10\/23\/fabrica-de-pinturas-ecologicas-como-decolor-lidera-el-cambio-hacia-un-futuro-mas-sostenible\/\">continuar a ler <span class=\"screen-reader-text\">F\u00e1brica de tintas ecol\u00f3gica: como a DECOLOR est\u00e1 liderando a jornada em dire\u00e7\u00e3o a um futuro mais sustent\u00e1vel<\/span><\/a><\/p>","protected":false},"author":34,"featured_media":151337,"comment_status":"open","ping_status":"open","sticky":false,"template":"","format":"standard","meta":{"_acf_changed":false,"footnotes":""},"categories":[1],"tags":[],"class_list":["post-151336","post","type-post","status-publish","format-standard","has-post-thumbnail","hentry","category-decolor","entry"],"acf":[],"yoast_head":"<!-- This site is optimized with the Yoast SEO plugin v23.4 - https:\/\/yoast.com\/wordpress\/plugins\/seo\/ -->\n<title>F\u00e1brica de pinturas ecol\u00f3gicas: c\u00f3mo DECOLOR lidera el cambio<\/title>\n<meta name=\"description\" content=\"\u00bfBuscas una f\u00e1brica de pinturas ecol\u00f3gicas en Espa\u00f1a? Descubre c\u00f3mo DECOLOR combina sostenibilidad, salud y tecnolog\u00eda para ofrecer productos respetuosos con el medio ambiente sin renunciar a la calidad.\" \/>\n<meta name=\"robots\" content=\"index, follow, max-snippet:-1, max-image-preview:large, max-video-preview:-1\" \/>\n<link rel=\"canonical\" href=\"https:\/\/www.decolor.com\/pt\/2025\/10\/23\/fabrica-de-pinturas-ecologicas-como-decolor-lidera-el-cambio-hacia-un-futuro-mas-sostenible\/\" \/>\n<meta property=\"og:locale\" content=\"pt_PT\" \/>\n<meta property=\"og:type\" content=\"article\" \/>\n<meta property=\"og:title\" content=\"F\u00e1brica de pinturas ecol\u00f3gicas: c\u00f3mo DECOLOR lidera el cambio\" \/>\n<meta property=\"og:description\" content=\"\u00bfBuscas una f\u00e1brica de pinturas ecol\u00f3gicas en Espa\u00f1a? Descubre c\u00f3mo DECOLOR combina sostenibilidad, salud y tecnolog\u00eda para ofrecer productos respetuosos con el medio ambiente sin renunciar a la calidad.\" \/>\n<meta property=\"og:url\" content=\"https:\/\/www.decolor.com\/pt\/2025\/10\/23\/fabrica-de-pinturas-ecologicas-como-decolor-lidera-el-cambio-hacia-un-futuro-mas-sostenible\/\" \/>\n<meta property=\"og:site_name\" content=\"Decolor\" \/>\n<meta property=\"article:published_time\" content=\"2025-10-23T13:40:35+00:00\" \/>\n<meta property=\"article:modified_time\" content=\"2025-09-04T14:10:43+00:00\" \/>\n<meta property=\"og:image\" content=\"https:\/\/www.decolor.com\/wp-content\/uploads\/2025\/09\/portada_blog-2.jpg\" \/>\n\t<meta property=\"og:image:width\" content=\"1920\" \/>\n\t<meta property=\"og:image:height\" content=\"1080\" \/>\n\t<meta property=\"og:image:type\" content=\"image\/jpeg\" \/>\n<meta name=\"author\" content=\"sergio.serrano\" \/>\n<meta name=\"twitter:card\" content=\"summary_large_image\" \/>\n<meta name=\"twitter:label1\" content=\"Escrito por\" \/>\n\t<meta name=\"twitter:data1\" content=\"sergio.serrano\" \/>\n\t<meta name=\"twitter:label2\" content=\"Tempo estimado de leitura\" \/>\n\t<meta name=\"twitter:data2\" content=\"3 minutos\" \/>\n<script type=\"application\/ld+json\" class=\"yoast-schema-graph\">{\"@context\":\"https:\/\/schema.org\",\"@graph\":[{\"@type\":\"Article\",\"@id\":\"https:\/\/www.decolor.com\/en\/2025\/10\/23\/fabrica-de-pinturas-ecologicas-como-decolor-lidera-el-cambio-hacia-un-futuro-mas-sostenible\/#article\",\"isPartOf\":{\"@id\":\"https:\/\/www.decolor.com\/en\/2025\/10\/23\/fabrica-de-pinturas-ecologicas-como-decolor-lidera-el-cambio-hacia-un-futuro-mas-sostenible\/\"},\"author\":{\"name\":\"sergio.serrano\",\"@id\":\"https:\/\/www.decolor.com\/it\/#\/schema\/person\/ee129ba55a6e106302c09dd53688a553\"},\"headline\":\"F\u00e1brica de pinturas ecol\u00f3gicas: c\u00f3mo DECOLOR lidera el cambio hacia un futuro m\u00e1s sostenible\",\"datePublished\":\"2025-10-23T13:40:35+00:00\",\"dateModified\":\"2025-09-04T14:10:43+00:00\",\"mainEntityOfPage\":{\"@id\":\"https:\/\/www.decolor.com\/en\/2025\/10\/23\/fabrica-de-pinturas-ecologicas-como-decolor-lidera-el-cambio-hacia-un-futuro-mas-sostenible\/\"},\"wordCount\":487,\"commentCount\":0,\"publisher\":{\"@id\":\"https:\/\/www.decolor.com\/it\/#organization\"},\"image\":{\"@id\":\"https:\/\/www.decolor.com\/en\/2025\/10\/23\/fabrica-de-pinturas-ecologicas-como-decolor-lidera-el-cambio-hacia-un-futuro-mas-sostenible\/#primaryimage\"},\"thumbnailUrl\":\"https:\/\/www.decolor.com\/wp-content\/uploads\/2025\/09\/portada_blog-2.jpg\",\"articleSection\":[\"Decolor\"],\"inLanguage\":\"pt-PT\",\"potentialAction\":[{\"@type\":\"CommentAction\",\"name\":\"Comment\",\"target\":[\"https:\/\/www.decolor.com\/en\/2025\/10\/23\/fabrica-de-pinturas-ecologicas-como-decolor-lidera-el-cambio-hacia-un-futuro-mas-sostenible\/#respond\"]}]},{\"@type\":\"WebPage\",\"@id\":\"https:\/\/www.decolor.com\/en\/2025\/10\/23\/fabrica-de-pinturas-ecologicas-como-decolor-lidera-el-cambio-hacia-un-futuro-mas-sostenible\/\",\"url\":\"https:\/\/www.decolor.com\/en\/2025\/10\/23\/fabrica-de-pinturas-ecologicas-como-decolor-lidera-el-cambio-hacia-un-futuro-mas-sostenible\/\",\"name\":\"F\u00e1brica de pinturas ecol\u00f3gicas: c\u00f3mo DECOLOR lidera el cambio\",\"isPartOf\":{\"@id\":\"https:\/\/www.decolor.com\/it\/#website\"},\"primaryImageOfPage\":{\"@id\":\"https:\/\/www.decolor.com\/en\/2025\/10\/23\/fabrica-de-pinturas-ecologicas-como-decolor-lidera-el-cambio-hacia-un-futuro-mas-sostenible\/#primaryimage\"},\"image\":{\"@id\":\"https:\/\/www.decolor.com\/en\/2025\/10\/23\/fabrica-de-pinturas-ecologicas-como-decolor-lidera-el-cambio-hacia-un-futuro-mas-sostenible\/#primaryimage\"},\"thumbnailUrl\":\"https:\/\/www.decolor.com\/wp-content\/uploads\/2025\/09\/portada_blog-2.jpg\",\"datePublished\":\"2025-10-23T13:40:35+00:00\",\"dateModified\":\"2025-09-04T14:10:43+00:00\",\"description\":\"\u00bfBuscas una f\u00e1brica de pinturas ecol\u00f3gicas en Espa\u00f1a? Descubre c\u00f3mo DECOLOR combina sostenibilidad, salud y tecnolog\u00eda para ofrecer productos respetuosos con el medio ambiente sin renunciar a la calidad.\",\"breadcrumb\":{\"@id\":\"https:\/\/www.decolor.com\/en\/2025\/10\/23\/fabrica-de-pinturas-ecologicas-como-decolor-lidera-el-cambio-hacia-un-futuro-mas-sostenible\/#breadcrumb\"},\"inLanguage\":\"pt-PT\",\"potentialAction\":[{\"@type\":\"ReadAction\",\"target\":[\"https:\/\/www.decolor.com\/en\/2025\/10\/23\/fabrica-de-pinturas-ecologicas-como-decolor-lidera-el-cambio-hacia-un-futuro-mas-sostenible\/\"]}]},{\"@type\":\"ImageObject\",\"inLanguage\":\"pt-PT\",\"@id\":\"https:\/\/www.decolor.com\/en\/2025\/10\/23\/fabrica-de-pinturas-ecologicas-como-decolor-lidera-el-cambio-hacia-un-futuro-mas-sostenible\/#primaryimage\",\"url\":\"https:\/\/www.decolor.com\/wp-content\/uploads\/2025\/09\/portada_blog-2.jpg\",\"contentUrl\":\"https:\/\/www.decolor.com\/wp-content\/uploads\/2025\/09\/portada_blog-2.jpg\",\"width\":1920,\"height\":1080,\"caption\":\"F\u00e1brica de pinturas ecol\u00f3gicas: c\u00f3mo DECOLOR lidera el cambio hacia un futuro m\u00e1s sostenible\"},{\"@type\":\"BreadcrumbList\",\"@id\":\"https:\/\/www.decolor.com\/en\/2025\/10\/23\/fabrica-de-pinturas-ecologicas-como-decolor-lidera-el-cambio-hacia-un-futuro-mas-sostenible\/#breadcrumb\",\"itemListElement\":[{\"@type\":\"ListItem\",\"position\":1,\"name\":\"Home\",\"item\":\"https:\/\/www.decolor.com\/\"},{\"@type\":\"ListItem\",\"position\":2,\"name\":\"F\u00e1brica de pinturas ecol\u00f3gicas: c\u00f3mo DECOLOR lidera el cambio hacia un futuro m\u00e1s sostenible\"}]},{\"@type\":\"WebSite\",\"@id\":\"https:\/\/www.decolor.com\/it\/#website\",\"url\":\"https:\/\/www.decolor.com\/it\/\",\"name\":\"Decolor\",\"description\":\"Web Decolor\",\"publisher\":{\"@id\":\"https:\/\/www.decolor.com\/it\/#organization\"},\"potentialAction\":[{\"@type\":\"SearchAction\",\"target\":{\"@type\":\"EntryPoint\",\"urlTemplate\":\"https:\/\/www.decolor.com\/it\/?s={search_term_string}\"},\"query-input\":{\"@type\":\"PropertyValueSpecification\",\"valueRequired\":true,\"valueName\":\"search_term_string\"}}],\"inLanguage\":\"pt-PT\"},{\"@type\":\"Organization\",\"@id\":\"https:\/\/www.decolor.com\/it\/#organization\",\"name\":\"Decolor\",\"url\":\"https:\/\/www.decolor.com\/it\/\",\"logo\":{\"@type\":\"ImageObject\",\"inLanguage\":\"pt-PT\",\"@id\":\"https:\/\/www.decolor.com\/it\/#\/schema\/logo\/image\/\",\"url\":\"https:\/\/www.decolor.com\/wp-content\/uploads\/2021\/02\/marca_principal_pinturas_decolor_color.png\",\"contentUrl\":\"https:\/\/www.decolor.com\/wp-content\/uploads\/2021\/02\/marca_principal_pinturas_decolor_color.png\",\"width\":1588,\"height\":421,\"caption\":\"Decolor\"},\"image\":{\"@id\":\"https:\/\/www.decolor.com\/it\/#\/schema\/logo\/image\/\"}},{\"@type\":\"Person\",\"@id\":\"https:\/\/www.decolor.com\/it\/#\/schema\/person\/ee129ba55a6e106302c09dd53688a553\",\"name\":\"sergio.serrano\",\"image\":{\"@type\":\"ImageObject\",\"inLanguage\":\"pt-PT\",\"@id\":\"https:\/\/www.decolor.com\/it\/#\/schema\/person\/image\/\",\"url\":\"https:\/\/secure.gravatar.com\/avatar\/420fb836392f59d23baa29c11ed43193?s=96&d=mm&r=g\",\"contentUrl\":\"https:\/\/secure.gravatar.com\/avatar\/420fb836392f59d23baa29c11ed43193?s=96&d=mm&r=g\",\"caption\":\"sergio.serrano\"},\"url\":\"https:\/\/www.decolor.com\/pt\/author\/sergio-serrano\/\"}]}<\/script>\n<!-- \/ Yoast SEO plugin. -->","yoast_head_json":{"title":"F\u00e1brica de pinturas ecol\u00f3gicas: c\u00f3mo DECOLOR lidera el cambio","description":"\u00bfBuscas una f\u00e1brica de pinturas ecol\u00f3gicas en Espa\u00f1a? Descubre c\u00f3mo DECOLOR combina sostenibilidad, salud y tecnolog\u00eda para ofrecer productos respetuosos con el medio ambiente sin renunciar a la calidad.","robots":{"index":"index","follow":"follow","max-snippet":"max-snippet:-1","max-image-preview":"max-image-preview:large","max-video-preview":"max-video-preview:-1"},"canonical":"https:\/\/www.decolor.com\/pt\/2025\/10\/23\/fabrica-de-pinturas-ecologicas-como-decolor-lidera-el-cambio-hacia-un-futuro-mas-sostenible\/","og_locale":"pt_PT","og_type":"article","og_title":"F\u00e1brica de pinturas ecol\u00f3gicas: c\u00f3mo DECOLOR lidera el cambio","og_description":"\u00bfBuscas una f\u00e1brica de pinturas ecol\u00f3gicas en Espa\u00f1a? Descubre c\u00f3mo DECOLOR combina sostenibilidad, salud y tecnolog\u00eda para ofrecer productos respetuosos con el medio ambiente sin renunciar a la calidad.","og_url":"https:\/\/www.decolor.com\/pt\/2025\/10\/23\/fabrica-de-pinturas-ecologicas-como-decolor-lidera-el-cambio-hacia-un-futuro-mas-sostenible\/","og_site_name":"Decolor","article_published_time":"2025-10-23T13:40:35+00:00","article_modified_time":"2025-09-04T14:10:43+00:00","og_image":[{"width":1920,"height":1080,"url":"https:\/\/www.decolor.com\/wp-content\/uploads\/2025\/09\/portada_blog-2.jpg","type":"image\/jpeg"}],"author":"sergio.serrano","twitter_card":"summary_large_image","twitter_misc":{"Escrito por":"sergio.serrano","Tempo estimado de leitura":"3 minutos"},"schema":{"@context":"https:\/\/schema.org","@graph":[{"@type":"Article","@id":"https:\/\/www.decolor.com\/en\/2025\/10\/23\/fabrica-de-pinturas-ecologicas-como-decolor-lidera-el-cambio-hacia-un-futuro-mas-sostenible\/#article","isPartOf":{"@id":"https:\/\/www.decolor.com\/en\/2025\/10\/23\/fabrica-de-pinturas-ecologicas-como-decolor-lidera-el-cambio-hacia-un-futuro-mas-sostenible\/"},"author":{"name":"sergio.serrano","@id":"https:\/\/www.decolor.com\/it\/#\/schema\/person\/ee129ba55a6e106302c09dd53688a553"},"headline":"F\u00e1brica de pinturas ecol\u00f3gicas: c\u00f3mo DECOLOR lidera el cambio hacia un futuro m\u00e1s sostenible","datePublished":"2025-10-23T13:40:35+00:00","dateModified":"2025-09-04T14:10:43+00:00","mainEntityOfPage":{"@id":"https:\/\/www.decolor.com\/en\/2025\/10\/23\/fabrica-de-pinturas-ecologicas-como-decolor-lidera-el-cambio-hacia-un-futuro-mas-sostenible\/"},"wordCount":487,"commentCount":0,"publisher":{"@id":"https:\/\/www.decolor.com\/it\/#organization"},"image":{"@id":"https:\/\/www.decolor.com\/en\/2025\/10\/23\/fabrica-de-pinturas-ecologicas-como-decolor-lidera-el-cambio-hacia-un-futuro-mas-sostenible\/#primaryimage"},"thumbnailUrl":"https:\/\/www.decolor.com\/wp-content\/uploads\/2025\/09\/portada_blog-2.jpg","articleSection":["Decolor"],"inLanguage":"pt-PT","potentialAction":[{"@type":"CommentAction","name":"Comment","target":["https:\/\/www.decolor.com\/en\/2025\/10\/23\/fabrica-de-pinturas-ecologicas-como-decolor-lidera-el-cambio-hacia-un-futuro-mas-sostenible\/#respond"]}]},{"@type":"WebPage","@id":"https:\/\/www.decolor.com\/en\/2025\/10\/23\/fabrica-de-pinturas-ecologicas-como-decolor-lidera-el-cambio-hacia-un-futuro-mas-sostenible\/","url":"https:\/\/www.decolor.com\/en\/2025\/10\/23\/fabrica-de-pinturas-ecologicas-como-decolor-lidera-el-cambio-hacia-un-futuro-mas-sostenible\/","name":"F\u00e1brica de pinturas ecol\u00f3gicas: c\u00f3mo DECOLOR lidera el cambio","isPartOf":{"@id":"https:\/\/www.decolor.com\/it\/#website"},"primaryImageOfPage":{"@id":"https:\/\/www.decolor.com\/en\/2025\/10\/23\/fabrica-de-pinturas-ecologicas-como-decolor-lidera-el-cambio-hacia-un-futuro-mas-sostenible\/#primaryimage"},"image":{"@id":"https:\/\/www.decolor.com\/en\/2025\/10\/23\/fabrica-de-pinturas-ecologicas-como-decolor-lidera-el-cambio-hacia-un-futuro-mas-sostenible\/#primaryimage"},"thumbnailUrl":"https:\/\/www.decolor.com\/wp-content\/uploads\/2025\/09\/portada_blog-2.jpg","datePublished":"2025-10-23T13:40:35+00:00","dateModified":"2025-09-04T14:10:43+00:00","description":"\u00bfBuscas una f\u00e1brica de pinturas ecol\u00f3gicas en Espa\u00f1a? Descubre c\u00f3mo DECOLOR combina sostenibilidad, salud y tecnolog\u00eda para ofrecer productos respetuosos con el medio ambiente sin renunciar a la calidad.","breadcrumb":{"@id":"https:\/\/www.decolor.com\/en\/2025\/10\/23\/fabrica-de-pinturas-ecologicas-como-decolor-lidera-el-cambio-hacia-un-futuro-mas-sostenible\/#breadcrumb"},"inLanguage":"pt-PT","potentialAction":[{"@type":"ReadAction","target":["https:\/\/www.decolor.com\/en\/2025\/10\/23\/fabrica-de-pinturas-ecologicas-como-decolor-lidera-el-cambio-hacia-un-futuro-mas-sostenible\/"]}]},{"@type":"ImageObject","inLanguage":"pt-PT","@id":"https:\/\/www.decolor.com\/en\/2025\/10\/23\/fabrica-de-pinturas-ecologicas-como-decolor-lidera-el-cambio-hacia-un-futuro-mas-sostenible\/#primaryimage","url":"https:\/\/www.decolor.com\/wp-content\/uploads\/2025\/09\/portada_blog-2.jpg","contentUrl":"https:\/\/www.decolor.com\/wp-content\/uploads\/2025\/09\/portada_blog-2.jpg","width":1920,"height":1080,"caption":"F\u00e1brica de pinturas ecol\u00f3gicas: c\u00f3mo DECOLOR lidera el cambio hacia un futuro m\u00e1s sostenible"},{"@type":"BreadcrumbList","@id":"https:\/\/www.decolor.com\/en\/2025\/10\/23\/fabrica-de-pinturas-ecologicas-como-decolor-lidera-el-cambio-hacia-un-futuro-mas-sostenible\/#breadcrumb","itemListElement":[{"@type":"ListItem","position":1,"name":"Home","item":"https:\/\/www.decolor.com\/"},{"@type":"ListItem","position":2,"name":"F\u00e1brica de pinturas ecol\u00f3gicas: c\u00f3mo DECOLOR lidera el cambio hacia un futuro m\u00e1s sostenible"}]},{"@type":"WebSite","@id":"https:\/\/www.decolor.com\/it\/#website","url":"https:\/\/www.decolor.com\/it\/","name":"De cor","description":"Web Decolor","publisher":{"@id":"https:\/\/www.decolor.com\/it\/#organization"},"potentialAction":[{"@type":"SearchAction","target":{"@type":"EntryPoint","urlTemplate":"https:\/\/www.decolor.com\/it\/?s={search_term_string}"},"query-input":{"@type":"PropertyValueSpecification","valueRequired":true,"valueName":"search_term_string"}}],"inLanguage":"pt-PT"},{"@type":"Organization","@id":"https:\/\/www.decolor.com\/it\/#organization","name":"De cor","url":"https:\/\/www.decolor.com\/it\/","logo":{"@type":"ImageObject","inLanguage":"pt-PT","@id":"https:\/\/www.decolor.com\/it\/#\/schema\/logo\/image\/","url":"https:\/\/www.decolor.com\/wp-content\/uploads\/2021\/02\/marca_principal_pinturas_decolor_color.png","contentUrl":"https:\/\/www.decolor.com\/wp-content\/uploads\/2021\/02\/marca_principal_pinturas_decolor_color.png","width":1588,"height":421,"caption":"Decolor"},"image":{"@id":"https:\/\/www.decolor.com\/it\/#\/schema\/logo\/image\/"}},{"@type":"Person","@id":"https:\/\/www.decolor.com\/it\/#\/schema\/person\/ee129ba55a6e106302c09dd53688a553","name":"S\u00e9rgio Serrano","image":{"@type":"ImageObject","inLanguage":"pt-PT","@id":"https:\/\/www.decolor.com\/it\/#\/schema\/person\/image\/","url":"https:\/\/secure.gravatar.com\/avatar\/420fb836392f59d23baa29c11ed43193?s=96&d=mm&r=g","contentUrl":"https:\/\/secure.gravatar.com\/avatar\/420fb836392f59d23baa29c11ed43193?s=96&d=mm&r=g","caption":"sergio.serrano"},"url":"https:\/\/www.decolor.com\/pt\/author\/sergio-serrano\/"}]}},"_links":{"self":[{"href":"https:\/\/www.decolor.com\/pt\/wp-json\/wp\/v2\/posts\/151336"}],"collection":[{"href":"https:\/\/www.decolor.com\/pt\/wp-json\/wp\/v2\/posts"}],"about":[{"href":"https:\/\/www.decolor.com\/pt\/wp-json\/wp\/v2\/types\/post"}],"author":[{"embeddable":true,"href":"https:\/\/www.decolor.com\/pt\/wp-json\/wp\/v2\/users\/34"}],"replies":[{"embeddable":true,"href":"https:\/\/www.decolor.com\/pt\/wp-json\/wp\/v2\/comments?post=151336"}],"version-history":[{"count":1,"href":"https:\/\/www.decolor.com\/pt\/wp-json\/wp\/v2\/posts\/151336\/revisions"}],"predecessor-version":[{"id":151338,"href":"https:\/\/www.decolor.com\/pt\/wp-json\/wp\/v2\/posts\/151336\/revisions\/151338"}],"wp:featuredmedia":[{"embeddable":true,"href":"https:\/\/www.decolor.com\/pt\/wp-json\/wp\/v2\/media\/151337"}],"wp:attachment":[{"href":"https:\/\/www.decolor.com\/pt\/wp-json\/wp\/v2\/media?parent=151336"}],"wp:term":[{"taxonomy":"category","embeddable":true,"href":"https:\/\/www.decolor.com\/pt\/wp-json\/wp\/v2\/categories?post=151336"},{"taxonomy":"post_tag","embeddable":true,"href":"https:\/\/www.decolor.com\/pt\/wp-json\/wp\/v2\/tags?post=151336"}],"curies":[{"name":"wp","href":"https:\/\/api.w.org\/{rel}","templated":true}]}}