{"id":151016,"date":"2025-07-24T10:57:32","date_gmt":"2025-07-24T10:57:32","guid":{"rendered":"https:\/\/www.decolor.com\/?p=151016"},"modified":"2025-06-25T11:11:05","modified_gmt":"2025-06-25T11:11:05","slug":"como-la-pintura-aislante-termica-para-fachada-en-verano","status":"publish","type":"post","link":"https:\/\/www.decolor.com\/zh\/2025\/07\/24\/como-la-pintura-aislante-termica-para-fachada-en-verano\/","title":{"rendered":"\u9694\u70ed\u6d82\u6599\u5982\u4f55\u5728\u590f\u5b63\u548c\u51ac\u5b63\u6539\u53d8\u60a8\u7684\u5916\u5899"},"content":{"rendered":"<p>\u8ffd\u6c42\u5c45\u5bb6\u70ed\u8212\u9002\u5df2\u4e0d\u518d\u662f\u5962\u4f88\uff0c\u800c\u6210\u4e3a\u4e00\u79cd\u5fc5\u9700\u54c1\uff0c\u5c24\u5176\u662f\u5728\u5f53\u4eca\u6781\u7aef\u6c14\u5019\u53d8\u5316\u7684\u80cc\u666f\u4e0b\u3002\u9694\u70ed\u6750\u6599\u662f\u6539\u5584\u623f\u5c4b\u5916\u90e8\u9694\u70ed\u6027\u80fd\u6700\u6709\u6548\u3001\u6700\u4fbf\u6377\u7684\u8d44\u6e90\u4e4b\u4e00\u3002<a href=\"https:\/\/www.decolor.com\/zh\/producto\/deco-aislant\/\"> <strong>\u5916\u5899\u9694\u70ed\u6d82\u6599<\/strong>.<\/a> \u8fd9\u79cd\u521b\u65b0\u7684\u89e3\u51b3\u65b9\u6848\u4e0d\u4ec5\u53ef\u4ee5\u4fdd\u62a4\u60a8\u7684\u5bb6\u514d\u53d7\u5bd2\u51b7\u548c\u708e\u70ed\u7684\u5f71\u54cd\uff0c\u800c\u4e14\u8fd8\u6709\u52a9\u4e8e\u63d0\u9ad8\u80fd\u6e90\u6548\u7387\u548c\u8282\u7701\u8d44\u91d1\u3002<\/p>\n\n\n\n<h3 class=\"wp-block-heading\">\u4ec0\u4e48\u662f\u9694\u70ed\u6d82\u6599\uff1f<\/h3>\n\n\n\n<p>\u9694\u70ed\u6d82\u6599\u662f\u4e00\u79cd\u6dfb\u52a0\u7279\u6b8a\u6dfb\u52a0\u5242\uff08\u4f8b\u5982\u9676\u74f7\u6216\u53cd\u5c04\u5fae\u7403\uff09\u7684\u6d82\u6599\uff0c\u6709\u52a9\u4e8e\u4fdd\u6301\u66f4\u7a33\u5b9a\u7684\u5ba4\u5185\u6e29\u5ea6\u3002\u4e0e\u4f20\u7edf\u6d82\u6599\u4e0d\u540c\uff0c\u5b83\u5728\u590f\u5b63\u53ef\u4ee5\u963b\u6321\u5916\u90e8\u70ed\u91cf\uff0c\u5728\u51ac\u5b63\u53ef\u4ee5\u9632\u6b62\u70ed\u91cf\u6d41\u5931\u3002<\/p>\n\n\n<div class=\"wp-block-image\">\n<figure class=\"aligncenter size-full\"><a href=\"https:\/\/www.decolor.com\/zh\/producto\/deco-aislant\/\"><img fetchpriority=\"high\" decoding=\"async\" width=\"270\" height=\"270\" src=\"https:\/\/www.decolor.com\/wp-content\/uploads\/2025\/06\/FACHADAS-ALTA-GAMA.jpg\" alt=\"\" class=\"wp-image-151018\" srcset=\"https:\/\/www.decolor.com\/wp-content\/uploads\/2025\/06\/FACHADAS-ALTA-GAMA.jpg 270w, https:\/\/www.decolor.com\/wp-content\/uploads\/2025\/06\/FACHADAS-ALTA-GAMA-150x150.jpg 150w, https:\/\/www.decolor.com\/wp-content\/uploads\/2025\/06\/FACHADAS-ALTA-GAMA-12x12.jpg 12w\" sizes=\"(max-width: 270px) 100vw, 270px\" \/><\/a><\/figure><\/div>\n\n\n<h3 class=\"wp-block-heading\">\u5728\u5916\u5899\u4e0a\u6d82\u62b9\u70ed\u6d82\u6599\u7684\u597d\u5904<\/h3>\n\n\n\n<p><strong>1.\u8282\u80fd\uff1a<\/strong><br>\u5b83\u51cf\u5c11\u4e86\u5bf9\u4eba\u5de5\u7a7a\u8c03\u7684\u9700\u6c42\uff0c\u4ece\u800c\u51cf\u5c11\u4e86\u7535\u529b\u6d88\u8017\u3002<\/p>\n\n\n\n<p><strong>2.\u63d0\u9ad8\u5ba4\u5185\u8212\u9002\u5ea6\uff1a<\/strong><br>\u4fdd\u6301\u5bb6\u4e2d\u6e29\u5ea6\u66f4\u6052\u5b9a\uff0c\u4e0d\u4f1a\u53d1\u751f\u7a81\u7136\u53d8\u5316\u3002<\/p>\n\n\n\n<p><strong>3.\u5916\u90e8\u4fdd\u62a4\uff1a<\/strong><br>\u9664\u4e86\u9694\u70ed\u4e4b\u5916\uff0c\u5b83\u8fd8\u80fd\u4fdd\u62a4\u5916\u5899\u514d\u53d7\u6076\u52a3\u5929\u6c14\u3001\u6f6e\u6e7f\u548c\u7d2b\u5916\u7ebf\u7684\u5f71\u54cd\u3002<\/p>\n\n\n\n<p><strong>4.\u53ef\u6301\u7eed\u6027\uff1a<\/strong><br>\u901a\u8fc7\u51cf\u5c11\u80fd\u6e90\u4f7f\u7528\uff0c\u60a8\u8fd8\u53ef\u4ee5\u51cf\u5c11\u5bb6\u5ead\u7684\u78b3\u8db3\u8ff9\u3002<\/p>\n\n\n\n<p><strong>5.\u51cf\u5c11\u7ef4\u62a4\uff1a<\/strong><br>\u5b83\u5177\u6709\u9632\u6c34\u548c\u8010\u7528\u7684\u7279\u6027\uff0c\u53ef\u4ee5\u5ef6\u957f\u5916\u5899\u7684\u4f7f\u7528\u5bff\u547d\u3002<\/p>\n\n\n\n<h3 class=\"wp-block-heading\">\u5b83\u9002\u7528\u4e8e\u54ea\u4e9b\u7c7b\u578b\u7684\u5efa\u7b51\uff1f<\/h3>\n\n\n\n<ul class=\"wp-block-list\">\n<li>\u5355\u6237\u4f4f\u5b85\u3002<\/li>\n\n\n\n<li>\u90bb\u91cc\u793e\u533a\u3002<\/li>\n\n\n\n<li>\u5546\u4e1a\u573a\u6240\u3002<\/li>\n\n\n\n<li>\u673a\u6784\u5efa\u7b51\u3002<\/li>\n\n\n\n<li>\u5de5\u4e1a\u5efa\u7b51\u7684\u5916\u5899\u3002<\/li>\n<\/ul>\n\n\n\n<p>\u5728\u6240\u6709\u60c5\u51b5\u4e0b\uff0c\u70ed\u6d82\u6599\u6709\u52a9\u4e8e <strong>\u63d0\u9ad8\u80fd\u6e90\u6548\u7387<\/strong> \u65e0\u9700\u8fdb\u884c\u4fb5\u5165\u6027\u6216\u6602\u8d35\u7684\u7ffb\u4fee\u3002<\/p>\n\n\n\n<h3 class=\"wp-block-heading\">\u5982\u4f55\u5e94\u7528\uff1f<\/h3>\n\n\n\n<ol class=\"wp-block-list\">\n<li><strong>\u652f\u6301\u51c6\u5907\uff1a<\/strong> \u91cd\u8981\u7684\u662f\u8868\u9762\u8981\u6e05\u6d01\u3001\u5e72\u71e5\u3001\u65e0\u7455\u75b5\u3002<\/li>\n\n\n\n<li><strong>\u5fc5\u8981\u65f6\u4f7f\u7528\u5e95\u6f06\uff1a<\/strong> \u5bf9\u4e8e\u591a\u5b54\u57fa\u6750\u6216\u7279\u6b8a\u6750\u6599\uff0c\u53ef\u80fd\u9700\u8981\u6d82\u5e95\u6f06\u3002<\/li>\n\n\n\n<li><strong>\u7edd\u7f18\u6f06\u7684\u5e94\u7528\uff1a<\/strong> \u5efa\u8bae\u81f3\u5c11\u6d82\u4e24\u5c42\uff0c\u5e76\u6ce8\u610f\u6bcf\u5c42\u4e4b\u95f4\u7684\u5e72\u71e5\u65f6\u95f4\u3002<\/li>\n\n\n\n<li><strong>\u6700\u4f4e\u7ef4\u62a4\uff1a<\/strong> \u4e00\u822c\u6765\u8bf4\uff0c\u5076\u5c14\u6e05\u6d01\u5c31\u8db3\u4ee5\u4fdd\u6301\u5176\u6709\u6548\u6027\u3002<\/li>\n<\/ol>\n\n\n\n<h3 class=\"wp-block-heading\">\u4e3a\u4ec0\u4e48\u5728\u590f\u5929\u505a\u8fd9\u4ef6\u4e8b\uff1f<\/h3>\n\n\n\n<p>\u590f\u5b63\u662f\u6d82\u62b9\u6b64\u7c7b\u6d82\u6599\u7684\u660e\u667a\u4e4b\u9009\u3002\u8fd9\u4e0d\u4ec5\u662f\u56e0\u4e3a\u6c14\u5019\u6761\u4ef6\u4f18\u8d8a\uff0c\u66f4\u662f\u56e0\u4e3a\u5176\u9694\u70ed\u6548\u679c\u7acb\u7aff\u89c1\u5f71\uff1a\u5ba4\u5185\u6e29\u5ea6\u66f4\u4f4e\uff0c\u7a7a\u8c03\u4f7f\u7528\u91cf\u66f4\u5c11\uff0c\u4ece\u7b2c\u4e00\u5929\u8d77\u5c31\u80fd\u4eab\u53d7\u5230\u66f4\u8212\u9002\u7684\u4f53\u9a8c\u3002<\/p>\n\n\n\n<h3 class=\"wp-block-heading\">\u6211\u4eec\u63a8\u8350\u4ec0\u4e48\u4ea7\u54c1\uff1f<\/h3>\n\n\n\n<p>\u5728 Decolor\uff0c\u6211\u4eec\u5efa\u8bae\u60a8\u63a2\u7d22 <a><strong>\u5916\u5899\u6d82\u6599\u7c7b\u522b<\/strong><\/a>\uff0c\u5728\u8fd9\u91cc\u60a8\u5c06\u627e\u5230\u5177\u4f53\u7684\u89e3\u51b3\u65b9\u6848 <strong>\u7edd\u7f18\u3001\u9632\u6c34\u3001\u900f\u6c14\u6027\u80fd<\/strong>\u4e00\u4e9b\u4ea7\u54c1\u542b\u6709\u53ef\u63d0\u9ad8\u5904\u7406\u8868\u9762\u8010\u70ed\u6027\u7684\u6dfb\u52a0\u5242\uff0c\u975e\u5e38\u9002\u5408\u6781\u7aef\u6e29\u5ea6\u5730\u533a\u3002<\/p>\n\n\n\n<p><strong>\ud83d\udc49 <\/strong><a href=\"https:\/\/www.decolor.com\/zh\/pintura-fachadas\/\">\u63a2\u7d22\u5916\u5899\u7ed8\u753b <\/a><a>\u6765\u81ea Decolor<\/a> \u5e76\u91c7\u7528\u5353\u6709\u6210\u6548\u7684\u9694\u70ed\u6280\u672f\u5168\u5e74\u4fdd\u62a4\u60a8\u7684\u5bb6\u3002<\/p>","protected":false},"excerpt":{"rendered":"<p>\u8ffd\u6c42\u5c45\u5bb6\u70ed\u8212\u9002\u5df2\u4e0d\u518d\u662f\u5962\u4f88\uff0c\u800c\u6210\u4e3a\u4e00\u79cd\u5fc5\u9700\u54c1\uff0c\u5c24\u5176\u662f\u5728\u6211\u4eec\u5982\u4eca\u7ecf\u5386\u7684\u6781\u7aef\u6c14\u5019\u53d8\u5316\u4e4b\u4e0b\u3002\u5916\u5899\u9694\u70ed\u6d82\u6599\u662f\u6539\u5584\u623f\u5c4b\u5916\u90e8\u9694\u70ed\u6027\u80fd\u6700\u6709\u6548\u4e14\u6700\u4fbf\u6377\u7684\u8d44\u6e90\u4e4b\u4e00\u3002\u8fd9\u79cd\u89e3\u51b3\u65b9\u6848\u2026\u2026 <a class=\"more-link\" href=\"https:\/\/www.decolor.com\/zh\/2025\/07\/24\/como-la-pintura-aislante-termica-para-fachada-en-verano\/\">\u7ee7\u7eed\u9605\u8bfb<span class=\"screen-reader-text\">\u9694\u70ed\u6d82\u6599\u5982\u4f55\u5728\u590f\u5b63\u548c\u51ac\u5b63\u6539\u53d8\u60a8\u7684\u5916\u5899<\/span><\/a><\/p>","protected":false},"author":34,"featured_media":151017,"comment_status":"open","ping_status":"open","sticky":false,"template":"","format":"standard","meta":{"_acf_changed":false,"footnotes":""},"categories":[1],"tags":[],"class_list":["post-151016","post","type-post","status-publish","format-standard","has-post-thumbnail","hentry","category-decolor","entry"],"acf":[],"yoast_head":"<!-- This site is optimized with the Yoast SEO plugin v23.4 - https:\/\/yoast.com\/wordpress\/plugins\/seo\/ -->\n<title>C\u00f3mo la pintura aislante t\u00e9rmica para fachada en verano<\/title>\n<meta name=\"description\" content=\"\u00bfSab\u00edas que la pintura aislante t\u00e9rmica para fachadas puede reducir tu factura de luz y mejorar el confort en casa? Te contamos c\u00f3mo\" \/>\n<meta name=\"robots\" content=\"index, follow, max-snippet:-1, max-image-preview:large, max-video-preview:-1\" \/>\n<link rel=\"canonical\" href=\"https:\/\/www.decolor.com\/zh\/2025\/07\/24\/como-la-pintura-aislante-termica-para-fachada-en-verano\/\" \/>\n<meta property=\"og:locale\" content=\"zh_CN\" \/>\n<meta property=\"og:type\" content=\"article\" \/>\n<meta property=\"og:title\" content=\"C\u00f3mo la pintura aislante t\u00e9rmica para fachada en verano\" \/>\n<meta property=\"og:description\" content=\"\u00bfSab\u00edas que la pintura aislante t\u00e9rmica para fachadas puede reducir tu factura de luz y mejorar el confort en casa? Te contamos c\u00f3mo\" \/>\n<meta property=\"og:url\" content=\"https:\/\/www.decolor.com\/zh\/2025\/07\/24\/como-la-pintura-aislante-termica-para-fachada-en-verano\/\" \/>\n<meta property=\"og:site_name\" content=\"Decolor\" \/>\n<meta property=\"article:published_time\" content=\"2025-07-24T10:57:32+00:00\" \/>\n<meta property=\"article:modified_time\" content=\"2025-06-25T11:11:05+00:00\" \/>\n<meta property=\"og:image\" content=\"https:\/\/www.decolor.com\/wp-content\/uploads\/2025\/06\/portada-blog-3-1.jpg\" \/>\n\t<meta property=\"og:image:width\" content=\"1920\" \/>\n\t<meta property=\"og:image:height\" content=\"1080\" \/>\n\t<meta property=\"og:image:type\" content=\"image\/jpeg\" \/>\n<meta name=\"author\" content=\"sergio.serrano\" \/>\n<meta name=\"twitter:card\" content=\"summary_large_image\" \/>\n<meta name=\"twitter:label1\" content=\"\u4f5c\u8005\" \/>\n\t<meta name=\"twitter:data1\" content=\"sergio.serrano\" \/>\n\t<meta name=\"twitter:label2\" content=\"\u9884\u8ba1\u9605\u8bfb\u65f6\u95f4\" \/>\n\t<meta name=\"twitter:data2\" content=\"3 \u5206\" \/>\n<script type=\"application\/ld+json\" class=\"yoast-schema-graph\">{\"@context\":\"https:\/\/schema.org\",\"@graph\":[{\"@type\":\"Article\",\"@id\":\"https:\/\/www.decolor.com\/en\/2025\/07\/24\/como-la-pintura-aislante-termica-para-fachada-en-verano\/#article\",\"isPartOf\":{\"@id\":\"https:\/\/www.decolor.com\/en\/2025\/07\/24\/como-la-pintura-aislante-termica-para-fachada-en-verano\/\"},\"author\":{\"name\":\"sergio.serrano\",\"@id\":\"https:\/\/www.decolor.com\/it\/#\/schema\/person\/ee129ba55a6e106302c09dd53688a553\"},\"headline\":\"C\u00f3mo la pintura aislante t\u00e9rmica transforma tu fachada en verano e invierno\",\"datePublished\":\"2025-07-24T10:57:32+00:00\",\"dateModified\":\"2025-06-25T11:11:05+00:00\",\"mainEntityOfPage\":{\"@id\":\"https:\/\/www.decolor.com\/en\/2025\/07\/24\/como-la-pintura-aislante-termica-para-fachada-en-verano\/\"},\"wordCount\":509,\"commentCount\":0,\"publisher\":{\"@id\":\"https:\/\/www.decolor.com\/it\/#organization\"},\"image\":{\"@id\":\"https:\/\/www.decolor.com\/en\/2025\/07\/24\/como-la-pintura-aislante-termica-para-fachada-en-verano\/#primaryimage\"},\"thumbnailUrl\":\"https:\/\/www.decolor.com\/wp-content\/uploads\/2025\/06\/portada-blog-3-1.jpg\",\"articleSection\":[\"Decolor\"],\"inLanguage\":\"zh-Hans\",\"potentialAction\":[{\"@type\":\"CommentAction\",\"name\":\"Comment\",\"target\":[\"https:\/\/www.decolor.com\/en\/2025\/07\/24\/como-la-pintura-aislante-termica-para-fachada-en-verano\/#respond\"]}]},{\"@type\":\"WebPage\",\"@id\":\"https:\/\/www.decolor.com\/en\/2025\/07\/24\/como-la-pintura-aislante-termica-para-fachada-en-verano\/\",\"url\":\"https:\/\/www.decolor.com\/en\/2025\/07\/24\/como-la-pintura-aislante-termica-para-fachada-en-verano\/\",\"name\":\"C\u00f3mo la pintura aislante t\u00e9rmica para fachada en verano\",\"isPartOf\":{\"@id\":\"https:\/\/www.decolor.com\/it\/#website\"},\"primaryImageOfPage\":{\"@id\":\"https:\/\/www.decolor.com\/en\/2025\/07\/24\/como-la-pintura-aislante-termica-para-fachada-en-verano\/#primaryimage\"},\"image\":{\"@id\":\"https:\/\/www.decolor.com\/en\/2025\/07\/24\/como-la-pintura-aislante-termica-para-fachada-en-verano\/#primaryimage\"},\"thumbnailUrl\":\"https:\/\/www.decolor.com\/wp-content\/uploads\/2025\/06\/portada-blog-3-1.jpg\",\"datePublished\":\"2025-07-24T10:57:32+00:00\",\"dateModified\":\"2025-06-25T11:11:05+00:00\",\"description\":\"\u00bfSab\u00edas que la pintura aislante t\u00e9rmica para fachadas puede reducir tu factura de luz y mejorar el confort en casa? Te contamos c\u00f3mo\",\"breadcrumb\":{\"@id\":\"https:\/\/www.decolor.com\/en\/2025\/07\/24\/como-la-pintura-aislante-termica-para-fachada-en-verano\/#breadcrumb\"},\"inLanguage\":\"zh-Hans\",\"potentialAction\":[{\"@type\":\"ReadAction\",\"target\":[\"https:\/\/www.decolor.com\/en\/2025\/07\/24\/como-la-pintura-aislante-termica-para-fachada-en-verano\/\"]}]},{\"@type\":\"ImageObject\",\"inLanguage\":\"zh-Hans\",\"@id\":\"https:\/\/www.decolor.com\/en\/2025\/07\/24\/como-la-pintura-aislante-termica-para-fachada-en-verano\/#primaryimage\",\"url\":\"https:\/\/www.decolor.com\/wp-content\/uploads\/2025\/06\/portada-blog-3-1.jpg\",\"contentUrl\":\"https:\/\/www.decolor.com\/wp-content\/uploads\/2025\/06\/portada-blog-3-1.jpg\",\"width\":1920,\"height\":1080,\"caption\":\"C\u00f3mo la pintura aislante t\u00e9rmica transforma tu fachada en verano e invierno\"},{\"@type\":\"BreadcrumbList\",\"@id\":\"https:\/\/www.decolor.com\/en\/2025\/07\/24\/como-la-pintura-aislante-termica-para-fachada-en-verano\/#breadcrumb\",\"itemListElement\":[{\"@type\":\"ListItem\",\"position\":1,\"name\":\"Home\",\"item\":\"https:\/\/www.decolor.com\/\"},{\"@type\":\"ListItem\",\"position\":2,\"name\":\"C\u00f3mo la pintura aislante t\u00e9rmica transforma tu fachada en verano e invierno\"}]},{\"@type\":\"WebSite\",\"@id\":\"https:\/\/www.decolor.com\/it\/#website\",\"url\":\"https:\/\/www.decolor.com\/it\/\",\"name\":\"Decolor\",\"description\":\"Web Decolor\",\"publisher\":{\"@id\":\"https:\/\/www.decolor.com\/it\/#organization\"},\"potentialAction\":[{\"@type\":\"SearchAction\",\"target\":{\"@type\":\"EntryPoint\",\"urlTemplate\":\"https:\/\/www.decolor.com\/it\/?s={search_term_string}\"},\"query-input\":{\"@type\":\"PropertyValueSpecification\",\"valueRequired\":true,\"valueName\":\"search_term_string\"}}],\"inLanguage\":\"zh-Hans\"},{\"@type\":\"Organization\",\"@id\":\"https:\/\/www.decolor.com\/it\/#organization\",\"name\":\"Decolor\",\"url\":\"https:\/\/www.decolor.com\/it\/\",\"logo\":{\"@type\":\"ImageObject\",\"inLanguage\":\"zh-Hans\",\"@id\":\"https:\/\/www.decolor.com\/it\/#\/schema\/logo\/image\/\",\"url\":\"https:\/\/www.decolor.com\/wp-content\/uploads\/2021\/02\/marca_principal_pinturas_decolor_color.png\",\"contentUrl\":\"https:\/\/www.decolor.com\/wp-content\/uploads\/2021\/02\/marca_principal_pinturas_decolor_color.png\",\"width\":1588,\"height\":421,\"caption\":\"Decolor\"},\"image\":{\"@id\":\"https:\/\/www.decolor.com\/it\/#\/schema\/logo\/image\/\"}},{\"@type\":\"Person\",\"@id\":\"https:\/\/www.decolor.com\/it\/#\/schema\/person\/ee129ba55a6e106302c09dd53688a553\",\"name\":\"sergio.serrano\",\"image\":{\"@type\":\"ImageObject\",\"inLanguage\":\"zh-Hans\",\"@id\":\"https:\/\/www.decolor.com\/it\/#\/schema\/person\/image\/\",\"url\":\"https:\/\/secure.gravatar.com\/avatar\/420fb836392f59d23baa29c11ed43193?s=96&d=mm&r=g\",\"contentUrl\":\"https:\/\/secure.gravatar.com\/avatar\/420fb836392f59d23baa29c11ed43193?s=96&d=mm&r=g\",\"caption\":\"sergio.serrano\"},\"url\":\"https:\/\/www.decolor.com\/zh\/author\/sergio-serrano\/\"}]}<\/script>\n<!-- \/ Yoast SEO plugin. -->","yoast_head_json":{"title":"C\u00f3mo la pintura aislante t\u00e9rmica para fachada en verano","description":"\u00bfSab\u00edas que la pintura aislante t\u00e9rmica para fachadas puede reducir tu factura de luz y mejorar el confort en casa? Te contamos c\u00f3mo","robots":{"index":"index","follow":"follow","max-snippet":"max-snippet:-1","max-image-preview":"max-image-preview:large","max-video-preview":"max-video-preview:-1"},"canonical":"https:\/\/www.decolor.com\/zh\/2025\/07\/24\/como-la-pintura-aislante-termica-para-fachada-en-verano\/","og_locale":"zh_CN","og_type":"article","og_title":"C\u00f3mo la pintura aislante t\u00e9rmica para fachada en verano","og_description":"\u00bfSab\u00edas que la pintura aislante t\u00e9rmica para fachadas puede reducir tu factura de luz y mejorar el confort en casa? Te contamos c\u00f3mo","og_url":"https:\/\/www.decolor.com\/zh\/2025\/07\/24\/como-la-pintura-aislante-termica-para-fachada-en-verano\/","og_site_name":"Decolor","article_published_time":"2025-07-24T10:57:32+00:00","article_modified_time":"2025-06-25T11:11:05+00:00","og_image":[{"width":1920,"height":1080,"url":"https:\/\/www.decolor.com\/wp-content\/uploads\/2025\/06\/portada-blog-3-1.jpg","type":"image\/jpeg"}],"author":"sergio.serrano","twitter_card":"summary_large_image","twitter_misc":{"\u4f5c\u8005":"sergio.serrano","\u9884\u8ba1\u9605\u8bfb\u65f6\u95f4":"3 \u5206"},"schema":{"@context":"https:\/\/schema.org","@graph":[{"@type":"Article","@id":"https:\/\/www.decolor.com\/en\/2025\/07\/24\/como-la-pintura-aislante-termica-para-fachada-en-verano\/#article","isPartOf":{"@id":"https:\/\/www.decolor.com\/en\/2025\/07\/24\/como-la-pintura-aislante-termica-para-fachada-en-verano\/"},"author":{"name":"sergio.serrano","@id":"https:\/\/www.decolor.com\/it\/#\/schema\/person\/ee129ba55a6e106302c09dd53688a553"},"headline":"C\u00f3mo la pintura aislante t\u00e9rmica transforma tu fachada en verano e invierno","datePublished":"2025-07-24T10:57:32+00:00","dateModified":"2025-06-25T11:11:05+00:00","mainEntityOfPage":{"@id":"https:\/\/www.decolor.com\/en\/2025\/07\/24\/como-la-pintura-aislante-termica-para-fachada-en-verano\/"},"wordCount":509,"commentCount":0,"publisher":{"@id":"https:\/\/www.decolor.com\/it\/#organization"},"image":{"@id":"https:\/\/www.decolor.com\/en\/2025\/07\/24\/como-la-pintura-aislante-termica-para-fachada-en-verano\/#primaryimage"},"thumbnailUrl":"https:\/\/www.decolor.com\/wp-content\/uploads\/2025\/06\/portada-blog-3-1.jpg","articleSection":["Decolor"],"inLanguage":"zh-Hans","potentialAction":[{"@type":"CommentAction","name":"Comment","target":["https:\/\/www.decolor.com\/en\/2025\/07\/24\/como-la-pintura-aislante-termica-para-fachada-en-verano\/#respond"]}]},{"@type":"WebPage","@id":"https:\/\/www.decolor.com\/en\/2025\/07\/24\/como-la-pintura-aislante-termica-para-fachada-en-verano\/","url":"https:\/\/www.decolor.com\/en\/2025\/07\/24\/como-la-pintura-aislante-termica-para-fachada-en-verano\/","name":"C\u00f3mo la pintura aislante t\u00e9rmica para fachada en verano","isPartOf":{"@id":"https:\/\/www.decolor.com\/it\/#website"},"primaryImageOfPage":{"@id":"https:\/\/www.decolor.com\/en\/2025\/07\/24\/como-la-pintura-aislante-termica-para-fachada-en-verano\/#primaryimage"},"image":{"@id":"https:\/\/www.decolor.com\/en\/2025\/07\/24\/como-la-pintura-aislante-termica-para-fachada-en-verano\/#primaryimage"},"thumbnailUrl":"https:\/\/www.decolor.com\/wp-content\/uploads\/2025\/06\/portada-blog-3-1.jpg","datePublished":"2025-07-24T10:57:32+00:00","dateModified":"2025-06-25T11:11:05+00:00","description":"\u00bfSab\u00edas que la pintura aislante t\u00e9rmica para fachadas puede reducir tu factura de luz y mejorar el confort en casa? Te contamos c\u00f3mo","breadcrumb":{"@id":"https:\/\/www.decolor.com\/en\/2025\/07\/24\/como-la-pintura-aislante-termica-para-fachada-en-verano\/#breadcrumb"},"inLanguage":"zh-Hans","potentialAction":[{"@type":"ReadAction","target":["https:\/\/www.decolor.com\/en\/2025\/07\/24\/como-la-pintura-aislante-termica-para-fachada-en-verano\/"]}]},{"@type":"ImageObject","inLanguage":"zh-Hans","@id":"https:\/\/www.decolor.com\/en\/2025\/07\/24\/como-la-pintura-aislante-termica-para-fachada-en-verano\/#primaryimage","url":"https:\/\/www.decolor.com\/wp-content\/uploads\/2025\/06\/portada-blog-3-1.jpg","contentUrl":"https:\/\/www.decolor.com\/wp-content\/uploads\/2025\/06\/portada-blog-3-1.jpg","width":1920,"height":1080,"caption":"C\u00f3mo la pintura aislante t\u00e9rmica transforma tu fachada en verano e invierno"},{"@type":"BreadcrumbList","@id":"https:\/\/www.decolor.com\/en\/2025\/07\/24\/como-la-pintura-aislante-termica-para-fachada-en-verano\/#breadcrumb","itemListElement":[{"@type":"ListItem","position":1,"name":"Home","item":"https:\/\/www.decolor.com\/"},{"@type":"ListItem","position":2,"name":"C\u00f3mo la pintura aislante t\u00e9rmica transforma tu fachada en verano e invierno"}]},{"@type":"WebSite","@id":"https:\/\/www.decolor.com\/it\/#website","url":"https:\/\/www.decolor.com\/it\/","name":"\u989c\u8272","description":"\u7f51\u9875\u8131\u8272","publisher":{"@id":"https:\/\/www.decolor.com\/it\/#organization"},"potentialAction":[{"@type":"SearchAction","target":{"@type":"EntryPoint","urlTemplate":"https:\/\/www.decolor.com\/it\/?s={search_term_string}"},"query-input":{"@type":"PropertyValueSpecification","valueRequired":true,"valueName":"search_term_string"}}],"inLanguage":"zh-Hans"},{"@type":"Organization","@id":"https:\/\/www.decolor.com\/it\/#organization","name":"\u989c\u8272","url":"https:\/\/www.decolor.com\/it\/","logo":{"@type":"ImageObject","inLanguage":"zh-Hans","@id":"https:\/\/www.decolor.com\/it\/#\/schema\/logo\/image\/","url":"https:\/\/www.decolor.com\/wp-content\/uploads\/2021\/02\/marca_principal_pinturas_decolor_color.png","contentUrl":"https:\/\/www.decolor.com\/wp-content\/uploads\/2021\/02\/marca_principal_pinturas_decolor_color.png","width":1588,"height":421,"caption":"Decolor"},"image":{"@id":"https:\/\/www.decolor.com\/it\/#\/schema\/logo\/image\/"}},{"@type":"Person","@id":"https:\/\/www.decolor.com\/it\/#\/schema\/person\/ee129ba55a6e106302c09dd53688a553","name":"\u585e\u5c14\u5409\u5965\u00b7\u585e\u62c9\u8bfa","image":{"@type":"ImageObject","inLanguage":"zh-Hans","@id":"https:\/\/www.decolor.com\/it\/#\/schema\/person\/image\/","url":"https:\/\/secure.gravatar.com\/avatar\/420fb836392f59d23baa29c11ed43193?s=96&d=mm&r=g","contentUrl":"https:\/\/secure.gravatar.com\/avatar\/420fb836392f59d23baa29c11ed43193?s=96&d=mm&r=g","caption":"sergio.serrano"},"url":"https:\/\/www.decolor.com\/zh\/author\/sergio-serrano\/"}]}},"_links":{"self":[{"href":"https:\/\/www.decolor.com\/zh\/wp-json\/wp\/v2\/posts\/151016"}],"collection":[{"href":"https:\/\/www.decolor.com\/zh\/wp-json\/wp\/v2\/posts"}],"about":[{"href":"https:\/\/www.decolor.com\/zh\/wp-json\/wp\/v2\/types\/post"}],"author":[{"embeddable":true,"href":"https:\/\/www.decolor.com\/zh\/wp-json\/wp\/v2\/users\/34"}],"replies":[{"embeddable":true,"href":"https:\/\/www.decolor.com\/zh\/wp-json\/wp\/v2\/comments?post=151016"}],"version-history":[{"count":1,"href":"https:\/\/www.decolor.com\/zh\/wp-json\/wp\/v2\/posts\/151016\/revisions"}],"predecessor-version":[{"id":151019,"href":"https:\/\/www.decolor.com\/zh\/wp-json\/wp\/v2\/posts\/151016\/revisions\/151019"}],"wp:featuredmedia":[{"embeddable":true,"href":"https:\/\/www.decolor.com\/zh\/wp-json\/wp\/v2\/media\/151017"}],"wp:attachment":[{"href":"https:\/\/www.decolor.com\/zh\/wp-json\/wp\/v2\/media?parent=151016"}],"wp:term":[{"taxonomy":"category","embeddable":true,"href":"https:\/\/www.decolor.com\/zh\/wp-json\/wp\/v2\/categories?post=151016"},{"taxonomy":"post_tag","embeddable":true,"href":"https:\/\/www.decolor.com\/zh\/wp-json\/wp\/v2\/tags?post=151016"}],"curies":[{"name":"wp","href":"https:\/\/api.w.org\/{rel}","templated":true}]}}